{"id":375632,"date":"2025-09-08T16:16:13","date_gmt":"2025-09-08T16:16:13","guid":{"rendered":"https:\/\/www.europesays.com\/fr\/375632\/"},"modified":"2025-09-08T16:16:13","modified_gmt":"2025-09-08T16:16:13","slug":"pfastatt-un-32e-camion-pour-lukraine-et-des-angoisses","status":"publish","type":"post","link":"https:\/\/www.europesays.com\/fr\/375632\/","title":{"rendered":"Pfastatt. Un 32e camion pour l\u2019Ukraine et des angoisses"},"content":{"rendered":"<p>Un 32e camion, affr\u00e9t\u00e9 par l\u2019association OlgAlsace de Pfastatt, est parti pour l\u2019Ukraine le jeudi 4\u00a0septembre, charg\u00e9 de six palettes de m\u00e9dicaments, d\u2019une de cannes et d\u00e9ambulateurs, de 18 lits d\u2019h\u00f4pitaux avec leurs matelas, 30 fauteuils roulants et trois \u00e9lectriques, de couvertures, v\u00eatements et chaussures.<\/p>\n<p>\u00ab La demande est forte, constate Olga Pavlova, la pr\u00e9sidente. Mais on perd notre local. On en recherche un, mis gracieusement \u00e0 disposition, parce que nos rentr\u00e9es d\u2019argent sont fluctuantes, pour stocker les dons et pr\u00e9parer les colis. Si on ne trouve pas de local gratuit, on ne pourra pas continuer notre action\u00a0\u00bb.<\/p>\n<p>  \u00ab\u00a0Nous entrons dans une existence al\u00e9atoire\u00a0\u00bb<\/p>\n<p>Les revenus de l\u2019association proviennent de dons et de la vente de p\u00e2tisseries aux march\u00e9s de No\u00ebl de Pfastatt et Richwiller, \u00e0 la f\u00eate de la musique au jardin Miquey de Mulhouse et pendant la journ\u00e9e de l\u2019ind\u00e9pendance ukrainienne.<\/p>\n<p>Aussi Olga et sa quarantaine de b\u00e9n\u00e9voles voient-ils l\u2019avenir \u00ab avec chagrin et tristesse\u00a0\u00bb. Avec angoisse aussi, \u00ab car on a l\u2019envie et la force d\u2019aider, on est pr\u00eat \u00e0 sacrifier notre temps libre. <a href=\"https:\/\/www.lalsace.fr\/defense-guerre-conflit\/2025\/02\/22\/association-olgalsace-trois-ans-d-aide-a-la-population-ukrainienne\" target=\"_parent\" rel=\"nofollow noopener\">Les Alsaciens sont g\u00e9n\u00e9reux<\/a>. Les Ukrainiens attendent. Mais on ne sait pas quel est notre avenir. Nous entrons dans une existence al\u00e9atoire\u00a0\u00bb.<\/p>\n<p>La mairie de Pfastatt, qui pr\u00eatait l\u2019ancien magasin Aldi \u00e0 la Cotonnade, le r\u00e9cup\u00e8re pour le transformer en MJC et salle de spectacle. Les premiers sondages d\u00e9buteront en octobre. OlgAlsace ne peut donc plus accepter de d\u00e9p\u00f4ts, pour le moment.<\/p>\n","protected":false},"excerpt":{"rendered":"Un 32e camion, affr\u00e9t\u00e9 par l\u2019association OlgAlsace de Pfastatt, est parti pour l\u2019Ukraine le jeudi 4\u00a0septembre, charg\u00e9 de&hellip;\n","protected":false},"author":2,"featured_media":375633,"comment_status":"","ping_status":"","sticky":false,"template":"","format":"standard","meta":{"footnotes":""},"categories":[1590],"tags":[11,1636,1777,674,107,12,50965,104,11677,220,1631],"class_list":{"0":"post-375632","1":"post","2":"type-post","3":"status-publish","4":"format-standard","5":"has-post-thumbnail","7":"category-ukraine","8":"tag-actualites","9":"tag-edition-mulhouse-thann","10":"tag-eu","11":"tag-europe","12":"tag-fil-info","13":"tag-news","14":"tag-pfastatt","15":"tag-societe","16":"tag-tout-autour-de-mulhouse","17":"tag-ukraine","18":"tag-vie-associative"},"share_on_mastodon":{"url":"https:\/\/pubeurope.com\/@fr\/115169577105761837","error":""},"_links":{"self":[{"href":"https:\/\/www.europesays.com\/fr\/wp-json\/wp\/v2\/posts\/375632","targetHints":{"allow":["GET"]}}],"collection":[{"href":"https:\/\/www.europesays.com\/fr\/wp-json\/wp\/v2\/posts"}],"about":[{"href":"https:\/\/www.europesays.com\/fr\/wp-json\/wp\/v2\/types\/post"}],"author":[{"embeddable":true,"href":"https:\/\/www.europesays.com\/fr\/wp-json\/wp\/v2\/users\/2"}],"replies":[{"embeddable":true,"href":"https:\/\/www.europesays.com\/fr\/wp-json\/wp\/v2\/comments?post=375632"}],"version-history":[{"count":0,"href":"https:\/\/www.europesays.com\/fr\/wp-json\/wp\/v2\/posts\/375632\/revisions"}],"wp:featuredmedia":[{"embeddable":true,"href":"https:\/\/www.europesays.com\/fr\/wp-json\/wp\/v2\/media\/375633"}],"wp:attachment":[{"href":"https:\/\/www.europesays.com\/fr\/wp-json\/wp\/v2\/media?parent=375632"}],"wp:term":[{"taxonomy":"category","embeddable":true,"href":"https:\/\/www.europesays.com\/fr\/wp-json\/wp\/v2\/categories?post=375632"},{"taxonomy":"post_tag","embeddable":true,"href":"https:\/\/www.europesays.com\/fr\/wp-json\/wp\/v2\/tags?post=375632"}],"curies":[{"name":"wp","href":"https:\/\/api.w.org\/{rel}","templated":true}]}}