{"id":375648,"date":"2025-09-08T16:24:16","date_gmt":"2025-09-08T16:24:16","guid":{"rendered":"https:\/\/www.europesays.com\/fr\/375648\/"},"modified":"2025-09-08T16:24:16","modified_gmt":"2025-09-08T16:24:16","slug":"equipe-de-france-les-bleus-vers-un-retour-au-stade-de-france-des-mars-2026","status":"publish","type":"post","link":"https:\/\/www.europesays.com\/fr\/375648\/","title":{"rendered":"Equipe de France : les Bleus vers un retour au Stade de France d\u00e8s mars 2026 ?"},"content":{"rendered":"<p class=\"paragraph text_align_left lp-f-body-02\">L\u2019automne des Bleus se joue au Parc des Princes, <a href=\"https:\/\/www.leparisien.fr\/sports\/football\/equipe-de-france\/france-islande-pourquoi-les-bleus-accueillent-leur-adversaire-au-parc-des-princes-et-pas-au-stade-de-france-08-09-2025-HYKGB3JW3NAOPON35X6YUJMFXE.php\" target=\"_blank\" rel=\"noreferrer noopener\">avec la r\u00e9ception de l\u2019Islande ce mardi soir, <\/a>puis celles de l\u2019Azerba\u00efdjan (10 octobre) et l\u2019Ukraine (13 novembre) pour tenter de se qualifier pour le Mondial 2026. Mais l\u2019\u00e9quipe de France pourrait retrouver son habituelle enceinte du Stade de France d\u00e8s le mois de mars, o\u00f9 son calendrier d\u00e9pendra de son parcours qualificatif pour la Coupe du monde.<\/p>\n<p class=\"paragraph text_align_left lp-f-body-02\">C\u2019est le sens des n\u00e9gociations entre la F\u00e9d\u00e9ration fran\u00e7aise de football (FFF) et GL Events qui doivent reprendre dans les prochains jours, selon plusieurs sources concordantes. Le nouveau gestionnaire de l\u2019enceinte de Saint-Denis avait candidat\u00e9 pour ce trio de matchs qualifications, mais la FFF avait pr\u00e9f\u00e9r\u00e9 le stade du PSG dans la capitale. Malgr\u00e9 une capacit\u00e9 bien moindre (48 000 places contre 80 000), les conditions du contrat lui permettaient des recettes financi\u00e8res bien plus int\u00e9ressantes.<\/p>\n<p class=\"paragraph text_align_left lp-f-body-02\">C\u2019est le c\u0153ur du probl\u00e8me entre le groupe lyonnais qui a succ\u00e9d\u00e9 au consortium Vinci-Bouygues dont le montant du contrat avec la FFF \u00e9tait jug\u00e9 exorbitant par les dirigeants du football fran\u00e7ais. La premi\u00e8re approche de GL Events \u00e9tait moins co\u00fbteuse que le pr\u00e9c\u00e9dent bail, mais jug\u00e9e pas encore assez int\u00e9ressante par la f\u00e9d\u00e9ration fran\u00e7aise.<\/p>\n<p>Les deux parties ont tout int\u00e9r\u00eat \u00e0 s\u2019entendre<\/p>\n<p class=\"paragraph text_align_left lp-f-body-02\">Celle-ci entendait prendre son temps avant de se lier de nouveau. \u00ab Cette d\u00e9localisation des matchs de l\u2019automne, c\u2019\u00e9tait un petit coup de semonce \u00bb, glisse un proche des n\u00e9gociations. Mais pour autant, le dialogue n\u2019a jamais \u00e9t\u00e9 pleinement rompu, car personne n\u2019y a fonci\u00e8rement int\u00e9r\u00eat. <\/p>\n<p class=\"paragraph text_align_left lp-f-body-02\">La FFF sait que les plus belles affiches des Bleus ont int\u00e9r\u00eat \u00e0 se d\u00e9rouler dans la plus grande enceinte du pays. GL Events doit consolider son offre sportive \u00e0 Saint-Denis avec le produit phare apr\u00e8s avoir d\u00e9j\u00e0 assur\u00e9 la pr\u00e9sence <a href=\"https:\/\/www.leparisien.fr\/sports\/rugby\/xv-de-france\/xv-de-france-dates-horaires-adversaires-le-programme-de-la-tournee-de-novembre-2025-des-bleus-est-connu-18-02-2025-VJN4NNM6GNCSLHKBXGDSL54FP4.php\" target=\"_blank\" rel=\"noreferrer noopener\">des rugbymen du XV de France, de retour en novembre, <\/a>avec la f\u00e9d\u00e9ration fran\u00e7aise de rugby.<\/p>\n<p class=\"paragraph text_align_left lp-f-body-02\">Sur quoi vont porter les discussions \u00e0 venir ? Sur les modalit\u00e9s financi\u00e8res donc, mais pas que. La FFF attend des garanties sur l\u2019impact des travaux de modernisation \u00e0 venir sur la disponibilit\u00e9 du stade, m\u00eame si GL Events, qui a r\u00e9cup\u00e9r\u00e9 officiellement les cl\u00e9s du site le 5 ao\u00fbt, <a href=\"https:\/\/www.leparisien.fr\/sports\/lenjeu-cest-de-reveiller-la-belle-endormie-le-nouveau-gerant-du-stade-de-france-presente-son-projet-13-05-2025-GRND5PKNWZDKTMZQIBIP43OWLY.php\" target=\"_blank\" rel=\"noreferrer noopener\">a promis que le chantier amen\u00e9 \u00e0 se d\u00e9rouler sur trois ou quatre ans <\/a>n\u2019engendrerait pas de fermeture du Stade de France.<\/p>\n<p class=\"paragraph text_align_left lp-f-body-02\">Point majeur pour la f\u00e9d\u00e9ration il y a encore quelques mois, son possible r\u00f4le dans la gestion de l\u2019enceinte n\u2019est plus d\u2019actualit\u00e9. Si la FFF souhaitait y etre associ\u00e9e, ca n\u2019est pas le sens du bail conclu entre l\u2019entreprise et les pouvoirs publics<\/p>\n<p class=\"paragraph text_align_left lp-f-body-02\">\u00ab Si les interrogations que nous avions au moment des premi\u00e8res discussions avec GL Events peuvent \u00eatre lev\u00e9es, c\u2019est bien volontiers que la f\u00e9d\u00e9ration retournera avec son \u00e9quipe de France au Stade de France \u00bb, <a href=\"https:\/\/www.leparisien.fr\/sports\/football\/equipe-de-france\/la-fff-nexclut-pas-de-retourner-au-stade-de-france-si-les-negociations-aboutissent-avec-le-nouveau-concessionnaire-14-06-2025-VJUFYBZ5G5FRZEDNMNS6EI6Q6U.php\" target=\"_blank\" rel=\"noreferrer noopener\">a promis le pr\u00e9sident de la f\u00e9d\u00e9ration Philippe Diallo en juin<\/a>. <\/p>\n<p class=\"paragraph text_align_left lp-f-body-02\">Plusieurs sources estiment ainsi que les n\u00e9gociations ont tout pour vite progresser. Et permettre aux hommes de Didier Deschamps de disputer, s\u2019ils ont d\u00e9j\u00e0 assur\u00e9 leur qualification \u00e0 ce moment-l\u00e0, un match de pr\u00e9paration pour la Coupe du monde \u00e0 Saint-Denis au d\u00e9but du printemps. Pour enfin retrouver un Stade de France d\u00e9laiss\u00e9 <a href=\"https:\/\/www.leparisien.fr\/sports\/football\/equipe-de-france\/france-croatie-2-0-5-4-aux-tab-les-notes-des-bleus-avec-mbappe-implique-olise-rayonnant-et-maignan-decisif-23-03-2025-L6YNCUFRKJAJ7AQPFEMZYEL74A.php\" target=\"_blank\" rel=\"noreferrer noopener\">depuis la victoire sur la Croatie (2-0, 5-4 aux t.a.b.) en mars 2025.<\/a><\/p>\n","protected":false},"excerpt":{"rendered":"L\u2019automne des Bleus se joue au Parc des Princes, avec la r\u00e9ception de l\u2019Islande ce mardi soir, puis&hellip;\n","protected":false},"author":2,"featured_media":375649,"comment_status":"","ping_status":"","sticky":false,"template":"","format":"standard","meta":{"footnotes":""},"categories":[4],"tags":[11,27345,63,1011,27,12,25,60],"class_list":{"0":"post-375648","1":"post","2":"type-post","3":"status-publish","4":"format-standard","5":"has-post-thumbnail","7":"category-france","8":"tag-actualites","9":"tag-equipe_france_foot","10":"tag-football","11":"tag-fr","12":"tag-france","13":"tag-news","14":"tag-republique-francaise","15":"tag-sports"},"share_on_mastodon":{"url":"https:\/\/pubeurope.com\/@fr\/115169608535115719","error":""},"_links":{"self":[{"href":"https:\/\/www.europesays.com\/fr\/wp-json\/wp\/v2\/posts\/375648","targetHints":{"allow":["GET"]}}],"collection":[{"href":"https:\/\/www.europesays.com\/fr\/wp-json\/wp\/v2\/posts"}],"about":[{"href":"https:\/\/www.europesays.com\/fr\/wp-json\/wp\/v2\/types\/post"}],"author":[{"embeddable":true,"href":"https:\/\/www.europesays.com\/fr\/wp-json\/wp\/v2\/users\/2"}],"replies":[{"embeddable":true,"href":"https:\/\/www.europesays.com\/fr\/wp-json\/wp\/v2\/comments?post=375648"}],"version-history":[{"count":0,"href":"https:\/\/www.europesays.com\/fr\/wp-json\/wp\/v2\/posts\/375648\/revisions"}],"wp:featuredmedia":[{"embeddable":true,"href":"https:\/\/www.europesays.com\/fr\/wp-json\/wp\/v2\/media\/375649"}],"wp:attachment":[{"href":"https:\/\/www.europesays.com\/fr\/wp-json\/wp\/v2\/media?parent=375648"}],"wp:term":[{"taxonomy":"category","embeddable":true,"href":"https:\/\/www.europesays.com\/fr\/wp-json\/wp\/v2\/categories?post=375648"},{"taxonomy":"post_tag","embeddable":true,"href":"https:\/\/www.europesays.com\/fr\/wp-json\/wp\/v2\/tags?post=375648"}],"curies":[{"name":"wp","href":"https:\/\/api.w.org\/{rel}","templated":true}]}}