{"id":375704,"date":"2025-09-08T16:57:15","date_gmt":"2025-09-08T16:57:15","guid":{"rendered":"https:\/\/www.europesays.com\/fr\/375704\/"},"modified":"2025-09-08T16:57:15","modified_gmt":"2025-09-08T16:57:15","slug":"le-bras-de-fer-continue-a-laeroport-de-rouen","status":"publish","type":"post","link":"https:\/\/www.europesays.com\/fr\/375704\/","title":{"rendered":"le bras de fer continue \u00e0 l&rsquo;a\u00e9roport de Rouen"},"content":{"rendered":"<p>            Par<br \/>\n        <strong><br \/>\n            <a href=\"https:\/\/actu.fr\/auteur\/laredaction\" title=\"Consulter tous les articles de R\u00e9daction Normandie\" target=\"_blank\" rel=\"noopener\">R\u00e9daction Normandie<\/a><br \/>\n        <\/strong><\/p>\n<p>        Publi\u00e9 le<\/p>\n<p>            8 sept. 2025 \u00e0 18h20        <\/p>\n<p>C\u2019est la rentr\u00e9e et les hommes de l\u2019All American Boys Association sont d\u00e9j\u00e0 sur le pont <a href=\"https:\/\/actu.fr\/normandie\/boos_76116\/une-association-refuse-de-quitter-le-hangar-de-laeroport-a-boos_62911978.html\" target=\"_blank\" rel=\"noopener\">pour d\u00e9noncer la fermeture du hangar<\/a> double tonneaux type Eiffel, <strong>sur le site de l\u2019a\u00e9roport Rouen Vall\u00e9e de Seine<\/strong>, o\u00f9 ils stockent leur mat\u00e9riel. Une position qui vient \u00e9galement <a href=\"https:\/\/actu.fr\/normandie\/boos_76116\/le-plus-vieux-club-de-planeurs-de-france-est-en-danger_63050180.html\" target=\"_blank\" rel=\"noopener\">en soutien de l\u2019association GRAL<\/a> (club de planeurs de Boos) et des collectionneurs d\u2019avion. \u00ab Nous sommes dans un statu quo. Nous avons envoy\u00e9 des lettres recommand\u00e9es \u00e0 Fanny Charles, la directrice de Sealar, gestionnaire de l\u2019A\u00e9roport Rouen Vall\u00e9e de Seine. Elles n\u2019ont m\u00eame pas \u00e9t\u00e9 r\u00e9ceptionn\u00e9es. Je suis pass\u00e9 \u00e0 l\u2019a\u00e9rogare les d\u00e9poser et pour que ses services me les signent \u00bb, lance le pr\u00e9sident Bruno Thirel, qui d\u00e9plore une attitude <strong>qu\u2019il juge \u00ab m\u00e9prisante \u00bb.<\/strong><\/p>\n<p>\u00ab Quand on voit la paille dans l\u2019\u0153il de son voisin, mais pas la poutre dans le sien \u00bb<\/p>\n<p class=\" wall-content\">L\u2019association s\u2019exprime d\u2019ailleurs dans un communiqu\u00e9 intitul\u00e9 \u00ab Quand on voit la paille dans l\u2019\u0153il de son voisin, mais pas la poutre dans le sien \u00bb. L\u2019association est en effet convaincue que \u00ab La Sealar est bien trop occup\u00e9e \u00e0 r\u00e9gler le compte du b\u00e2timent double tonneaux, recevant les loyers de plusieurs associations, que de s\u2019occuper d\u2019abord de l\u2019a\u00e9rogare class\u00e9 ERP (\u00c9tablissement recevant du public), <strong>dont les plafonds sont effondr\u00e9s au rez-de-chauss\u00e9e et \u00e0 l\u2019\u00e9tage<\/strong>, en partie sur le charge bagages et sur le bar. Le restaurant est d\u00e9labr\u00e9 [\u2026]. Ce n\u2019est pas une a\u00e9rogare, mais un a\u00e9romort \u00bb, ironise l\u2019association qui n\u2019ignore certes pas que l\u2019a\u00e9rogare est peu utilis\u00e9e, mais qui rappelle que le gestionnaire est toutefois tenu \u00ab \u00e0 l\u2019obligation du respect et de l\u2019application des normes en vigueur \u00bb.<\/p>\n<p>    <img   decoding=\"async\" loading=\"lazy\" class=\"size-large\" src=\"https:\/\/www.europesays.com\/fr\/wp-content\/uploads\/2025\/09\/c0347b36c1b86a4347b36c1b888347v-960x640.jpg\" alt=\"Boos a\u00e9roport a\u00e9rogare\" width=\"960\" height=\"640\"\/><br \/>\n    Une photo de l\u2019a\u00e9rogare de Boos \u00a9Le BulletinL\u2019association veut de \u00ab vraies explications \u00bb<\/p>\n<p class=\" wall-content\">\u00ab Pour une jambe de force (\u00e9l\u00e9ment de soutien d\u2019une construction) cass\u00e9e, on nous emb\u00eate et ce qui se passe dans l\u2019a\u00e9rogare doit rester cach\u00e9 ? <strong>On d\u00e9nonce cette position<\/strong> et nous voulons une <strong>annulation de l\u2019arr\u00eat\u00e9 interdisant l\u2019acc\u00e8s \u00e0 notre hangar<\/strong>. Apr\u00e8s, il faudra un vrai dialogue et nous pr\u00e9senter un vrai rapport de s\u00e9curit\u00e9. Nous voulons de vraies explications ou alors qu\u2019on nous laisse tranquilles \u00bb, revendique l\u2019association.<\/p>\n<p class=\" wall-content\">Contact\u00e9e par la r\u00e9daction, la M\u00e9tropole Rouen Normandie n\u2019avait pas r\u00e9pondu \u00e0 nos demandes avant le bouclage de cet article.<\/p>\n<p>Suivez l\u2019actualit\u00e9 de Rouen <a href=\"https:\/\/www.whatsapp.com\/channel\/0029VaKfnf99hXF2ddApFB1D\" target=\"_blank\" rel=\"noopener\">sur notre cha\u00eene WhatsApp<\/a> et <a href=\"https:\/\/www.tiktok.com\/@76actu.fr?lang=fr\" target=\"_blank\" rel=\"noopener\">sur notre compte TikTok<\/a><\/p>\n<p class=\" wall-content\">Personnalisez votre actualit\u00e9 en ajoutant vos villes et m\u00e9dias en favori avec <a href=\"https:\/\/moncompte.actu.fr\" title=\"D\u00e9couvez Mon Actu\" rel=\"nofollow noopener\" data-trk=\"{&quot;cta&quot;:{&quot;action&quot;:&quot;https:\\\/\\\/moncompte.actu.fr&quot;,&quot;category&quot;:&quot;mon compte&quot;,&quot;from&quot;:&quot;article footer&quot;,&quot;name&quot;:&quot;Mon actu&quot;,&quot;type&quot;:&quot;cta&quot;}}\" target=\"_blank\">Mon Actu<\/a>.<\/p>\n<p>                    <script async src=\"\/\/www.tiktok.com\/embed.js\"><\/script><\/p>\n","protected":false},"excerpt":{"rendered":"Par R\u00e9daction Normandie Publi\u00e9 le 8 sept. 2025 \u00e0 18h20 C\u2019est la rentr\u00e9e et les hommes de l\u2019All&hellip;\n","protected":false},"author":2,"featured_media":375705,"comment_status":"","ping_status":"","sticky":false,"template":"","format":"standard","meta":{"footnotes":""},"categories":[9587],"tags":[1111,11,1777,674,1011,27,9725,12,5161,31081,25,9590,104],"class_list":{"0":"post-375704","1":"post","2":"type-post","3":"status-publish","4":"format-standard","5":"has-post-thumbnail","7":"category-rouen","8":"tag-actu","9":"tag-actualites","10":"tag-eu","11":"tag-europe","12":"tag-fr","13":"tag-france","14":"tag-metropole-rouen","15":"tag-news","16":"tag-normandie","17":"tag-plateau-est-rouen","18":"tag-republique-francaise","19":"tag-rouen","20":"tag-societe"},"share_on_mastodon":{"url":"https:\/\/pubeurope.com\/@fr\/115169738450831978","error":""},"_links":{"self":[{"href":"https:\/\/www.europesays.com\/fr\/wp-json\/wp\/v2\/posts\/375704","targetHints":{"allow":["GET"]}}],"collection":[{"href":"https:\/\/www.europesays.com\/fr\/wp-json\/wp\/v2\/posts"}],"about":[{"href":"https:\/\/www.europesays.com\/fr\/wp-json\/wp\/v2\/types\/post"}],"author":[{"embeddable":true,"href":"https:\/\/www.europesays.com\/fr\/wp-json\/wp\/v2\/users\/2"}],"replies":[{"embeddable":true,"href":"https:\/\/www.europesays.com\/fr\/wp-json\/wp\/v2\/comments?post=375704"}],"version-history":[{"count":0,"href":"https:\/\/www.europesays.com\/fr\/wp-json\/wp\/v2\/posts\/375704\/revisions"}],"wp:featuredmedia":[{"embeddable":true,"href":"https:\/\/www.europesays.com\/fr\/wp-json\/wp\/v2\/media\/375705"}],"wp:attachment":[{"href":"https:\/\/www.europesays.com\/fr\/wp-json\/wp\/v2\/media?parent=375704"}],"wp:term":[{"taxonomy":"category","embeddable":true,"href":"https:\/\/www.europesays.com\/fr\/wp-json\/wp\/v2\/categories?post=375704"},{"taxonomy":"post_tag","embeddable":true,"href":"https:\/\/www.europesays.com\/fr\/wp-json\/wp\/v2\/tags?post=375704"}],"curies":[{"name":"wp","href":"https:\/\/api.w.org\/{rel}","templated":true}]}}