{"id":375722,"date":"2025-09-08T17:06:20","date_gmt":"2025-09-08T17:06:20","guid":{"rendered":"https:\/\/www.europesays.com\/fr\/375722\/"},"modified":"2025-09-08T17:06:20","modified_gmt":"2025-09-08T17:06:20","slug":"la-drole-de-mesaventure-de-deux-touristes-americaines","status":"publish","type":"post","link":"https:\/\/www.europesays.com\/fr\/375722\/","title":{"rendered":"la dr\u00f4le de m\u00e9saventure de deux touristes am\u00e9ricaines"},"content":{"rendered":"<p>Parties de Rome pour rejoindre Nice et le sud de la France, deux Am\u00e9ricaines se retrouvent finalement\u2026 en Tunisie. Leurs p\u00e9rip\u00e9ties deviennent virales sur les r\u00e9seaux sociaux.<\/p>\n<p class=\"fig-paragraph\">L\u2019histoire est difficile \u00e0 croire tant elle est improbable. Ou malheureusement pr\u00e9visible, lorsqu\u2019on pense aux clich\u00e9s sur les Am\u00e9ricains et leurs connaissances limit\u00e9es en g\u00e9ographie. Sur\u00a0<a href=\"http:\/\/www.lefigaro.fr\/voyages\/prendre-un-verre-en-prison-ou-s-offrir-un-dessert-vuitton-une-journee-a-paris-selon-tiktok-20250416\" data-fig-type=\"Article\" data-gtm-custom-categorie=\"navigation\" data-gtm-custom-action=\"crossclick\" data-gtm-custom-label=\"Contextuel\" data-gtm-event=\"customEventSPE\" data-fig-domain=\"LEFIGARO\" target=\"_blank\" rel=\"noopener\">TikTok<\/a>, deux jeunes femmes enflamment la plateforme en racontant leur dr\u00f4le de m\u00e9saventure. Alors qu\u2019elles parcouraient l\u2019<a href=\"https:\/\/www.lefigaro.fr\/voyages\/dossier\/europe\" target=\"_blank\" data-fig-type=\"Topic\" rel=\"sponsored noopener\" data-gtm-custom-categorie=\"navigation\" data-gtm-custom-action=\"crossclick\" data-gtm-custom-label=\"Contextuel\" data-gtm-event=\"customEventSPE\" data-fig-domain=\"LEFIGARO\">Europe<\/a>, elles ont embarqu\u00e9 dans un avion en direction de\u00a0<a href=\"http:\/\/www.lefigaro.fr\/voyages\/dossier\/tunisie\" data-fig-type=\"Topic\" data-gtm-custom-categorie=\"navigation\" data-gtm-custom-action=\"crossclick\" data-gtm-custom-label=\"Contextuel\" data-gtm-event=\"customEventSPE\" data-fig-domain=\"LEFIGARO\" target=\"_blank\" rel=\"noopener\">Tunis<\/a>, au lieu de s\u2019envoler vers\u00a0<a href=\"http:\/\/www.lefigaro.fr\/voyages\/dossier\/nice\" data-fig-type=\"Topic\" data-gtm-custom-categorie=\"navigation\" data-gtm-custom-action=\"crossclick\" data-gtm-custom-label=\"Contextuel\" data-gtm-event=\"customEventSPE\" data-fig-domain=\"LEFIGARO\" target=\"_blank\" rel=\"noopener\">Nice<\/a>.<\/p>\n<p class=\"fig-paragraph\">Depuis samedi dernier, les deux amies d\u2019une vingtaine d\u2019ann\u00e9es n\u2019h\u00e9sitent pas \u00e0 partager leur anecdote \u00abla plus folle\u00bb de voyage. Dans des vid\u00e9os film\u00e9es sur le moment, elles expliquent avoir manqu\u00e9 leur vol de\u00a0<a href=\"http:\/\/www.lefigaro.fr\/voyages\/dossier\/rome\" data-fig-type=\"Topic\" data-gtm-custom-categorie=\"navigation\" data-gtm-custom-action=\"crossclick\" data-gtm-custom-label=\"Contextuel\" data-gtm-event=\"customEventSPE\" data-fig-domain=\"LEFIGARO\" target=\"_blank\" rel=\"noopener\">Rome<\/a>\u00a0\u00e0 Nice et avoir d\u00fb acheter deux nouveaux billets d\u2019avion. \u00c0 l\u2019a\u00e9roport, elles auraient indiqu\u00e9 \u00e0 un employ\u00e9 vouloir aller \u00e0 Nice, comprenez en anglais \u00abto Nice\u00bb. Selon elles, la personne au guichet aurait visiblement mal compris puisqu\u2019elles ont obtenu des cartes d\u2019embarquement pour la capitale de la\u00a0<a href=\"http:\/\/www.lefigaro.fr\/voyages\/dossier\/tunisie\" data-fig-type=\"Topic\" data-gtm-custom-categorie=\"navigation\" data-gtm-custom-action=\"crossclick\" data-gtm-custom-label=\"Contextuel\" data-gtm-event=\"customEventSPE\" data-fig-domain=\"LEFIGARO\" target=\"_blank\" rel=\"noopener\">Tunisie<\/a>, aux consonances similaires, Tunis.<\/p>\n<p>                                    <a class=\"fig-a11y-skip a11y-hidden\" href=\"#fig-a11y-skip-main-inarticle\"><br \/>\n        Passer la publicit\u00e9<br \/>\n    <\/a><\/p>\n<p>Quiproquo \u00e0 l\u2019a\u00e9roport<\/p>\n<p class=\"fig-paragraph\">L\u2019histoire aurait pu s\u2019arr\u00eater l\u00e0 si les deux Am\u00e9ricaines avaient v\u00e9rifi\u00e9 la destination affich\u00e9e sur leurs billets. Mais c\u2019est seulement en entrant dans l\u2019avion de la compagnie Tunisair qu\u2019elles d\u00e9c\u00e8lent un probl\u00e8me. \u00abOn va bien en France?\u00bb demandent-elles aux autres passagers dans les vid\u00e9os publi\u00e9es sur le compte de Brittney, l\u2019une des deux amies.<\/p>\n<p class=\"fig-paragraph\">Face aux r\u00e9ponses interloqu\u00e9es des passagers et du personnel de bord, les deux voyageuses ne semblent pas embarrass\u00e9es et s\u2019amusent m\u00eame de la situation rocambolesque.<\/p>\n<p>Plus de 10 millions de vues sur TikTok<\/p>\n<p class=\"fig-paragraph\">Leurs p\u00e9rip\u00e9ties film\u00e9es ont rassembl\u00e9 plus de 13 millions d\u2019internautes sur TikTok. L\u2019explication\u00a0? La \u00abparticularit\u00e9\u00bb de la situation, mais surtout le comportement des deux Am\u00e9ricaines lorsqu\u2019elles ont compris leur erreur. Elles n\u2019avaient visiblement jamais entendu parler de la Tunisie et peinaient \u00e0 situer le pays sur le globe. Dans les vid\u00e9os, on peut les entendre demander en riant et en ouvrant Google Maps sur leurs t\u00e9l\u00e9phones\u00a0: \u00abO\u00f9 est Tunis\u00a0? O\u00f9 est la Tunisie\u00a0?\u00bb. Elles expriment m\u00eame dans une sorte d\u2019angoisse leur d\u00e9sarroi d\u2019aller \u00aben Afrique\u00bb plut\u00f4t qu\u2019en\u00a0<a href=\"https:\/\/www.lefigaro.fr\/voyages\/dossier\/france\" target=\"_blank\" data-fig-type=\"Topic\" rel=\"sponsored noopener\" data-gtm-custom-categorie=\"navigation\" data-gtm-custom-action=\"crossclick\" data-gtm-custom-label=\"Contextuel\" data-gtm-event=\"customEventSPE\" data-fig-domain=\"LEFIGARO\">France<\/a>.<\/p>\n<p class=\"fig-paragraph\">Pr\u00e8s de 14.000 personnes ont comment\u00e9 leurs publications, s\u2019insurgeant contre leur m\u00e9prise g\u00e9ographique\u00a0: \u00abComment ne pouvez-vous pas savoir o\u00f9 se trouve la Tunisie\u00a0?\u00bb. D\u2019autres ont d\u00e9nonc\u00e9 un comportement irresponsable: \u00abAu risque de para\u00eetre m\u00e9chant, \u00e0 quel point faut-il \u00eatre stupide pour ne pas v\u00e9rifier la destination sur la carte d\u2019embarquement\u00a0?\u00bb. Quoi qu\u2019il en soit, Brittney et son amie sont finalement rest\u00e9es sur le vol et ont d\u00fb patienter plusieurs heures \u00e0 Tunis avant de reprendre un autre avion, vers Nice cette fois-ci. Reste \u00e0 savoir si elles ont pris le temps de relire leur billet\u2026<\/p>\n<p class=\"fig-paragraph\"><strong>En vid\u00e9o &#8211;<\/strong> Comment cette Tiktokeuse a-t-elle sem\u00e9 la zizanie dans une station de ski italienne\u00a0?<\/p>\n","protected":false},"excerpt":{"rendered":"Parties de Rome pour rejoindre Nice et le sud de la France, deux Am\u00e9ricaines se retrouvent finalement\u2026 en&hellip;\n","protected":false},"author":2,"featured_media":375723,"comment_status":"","ping_status":"","sticky":false,"template":"","format":"standard","meta":{"footnotes":""},"categories":[2819],"tags":[1111,11,1777,674,1011,27,12,2401,882,25,938,2439,21030],"class_list":{"0":"post-375722","1":"post","2":"type-post","3":"status-publish","4":"format-standard","5":"has-post-thumbnail","7":"category-nice","8":"tag-actu","9":"tag-actualites","10":"tag-eu","11":"tag-europe","12":"tag-fr","13":"tag-france","14":"tag-news","15":"tag-nice","16":"tag-provence-alpes-cote-dazur","17":"tag-republique-francaise","18":"tag-reseaux-sociaux","19":"tag-tiktok","20":"tag-touristes"},"share_on_mastodon":{"url":"https:\/\/pubeurope.com\/@fr\/115169773772339596","error":""},"_links":{"self":[{"href":"https:\/\/www.europesays.com\/fr\/wp-json\/wp\/v2\/posts\/375722","targetHints":{"allow":["GET"]}}],"collection":[{"href":"https:\/\/www.europesays.com\/fr\/wp-json\/wp\/v2\/posts"}],"about":[{"href":"https:\/\/www.europesays.com\/fr\/wp-json\/wp\/v2\/types\/post"}],"author":[{"embeddable":true,"href":"https:\/\/www.europesays.com\/fr\/wp-json\/wp\/v2\/users\/2"}],"replies":[{"embeddable":true,"href":"https:\/\/www.europesays.com\/fr\/wp-json\/wp\/v2\/comments?post=375722"}],"version-history":[{"count":0,"href":"https:\/\/www.europesays.com\/fr\/wp-json\/wp\/v2\/posts\/375722\/revisions"}],"wp:featuredmedia":[{"embeddable":true,"href":"https:\/\/www.europesays.com\/fr\/wp-json\/wp\/v2\/media\/375723"}],"wp:attachment":[{"href":"https:\/\/www.europesays.com\/fr\/wp-json\/wp\/v2\/media?parent=375722"}],"wp:term":[{"taxonomy":"category","embeddable":true,"href":"https:\/\/www.europesays.com\/fr\/wp-json\/wp\/v2\/categories?post=375722"},{"taxonomy":"post_tag","embeddable":true,"href":"https:\/\/www.europesays.com\/fr\/wp-json\/wp\/v2\/tags?post=375722"}],"curies":[{"name":"wp","href":"https:\/\/api.w.org\/{rel}","templated":true}]}}