{"id":375728,"date":"2025-09-08T17:09:10","date_gmt":"2025-09-08T17:09:10","guid":{"rendered":"https:\/\/www.europesays.com\/fr\/375728\/"},"modified":"2025-09-08T17:09:10","modified_gmt":"2025-09-08T17:09:10","slug":"chantal-goya-et-son-epoux-condamnes-a-verser-une-somme-astronomique-au-credit-municipal-de-bordeaux","status":"publish","type":"post","link":"https:\/\/www.europesays.com\/fr\/375728\/","title":{"rendered":"Chantal Goya et son \u00e9poux condamn\u00e9s \u00e0 verser une somme astronomique au Cr\u00e9dit municipal de Bordeaux"},"content":{"rendered":"<p>            Par<br \/>\n        <strong><br \/>\n            <a href=\"https:\/\/actu.fr\/auteur\/julian-doubax\" title=\"Consulter tous les articles de Julian Doubax\" rel=\"nofollow noopener\" target=\"_blank\">Julian Doubax<\/a><br \/>\n        <\/strong><\/p>\n<p>        Publi\u00e9 le<\/p>\n<p>            8 sept. 2025 \u00e0 18h46        <\/p>\n<p>Une sacr\u00e9e somme \u00e0 payer. Le 19\u00a0ao\u00fbt 2025, le tribunal judiciaire de Paris a condamn\u00e9 <a href=\"https:\/\/actu.fr\/tag\/chantal-goya\" rel=\"nofollow noopener\" target=\"_blank\">Chantal Goya<\/a> et son \u00e9poux, Jean-Jacques Debout, \u00e0 verser <strong>2,18\u00a0millions d\u2019euros<\/strong> au Cr\u00e9dit municipal de Bordeaux, a annonc\u00e9 <a href=\"https:\/\/www.sudouest.fr\/gironde\/bordeaux\/credit-municipal-de-bordeaux-chantal-goya-condamnee-a-regler-une-dette-de-2-18-millions-d-euros-25761614.php?fbclid=IwY2xjawMr0ABleHRuA2FlbQIxMQABHk-5314urcWH7oIK99XOz9wr1IZaiFOSn9wBHBCocwHV-vd7KVdWX96hrTgE_aem_Wb2I806ftOXb1PgXdTBxPg\" rel=\"nofollow noopener\" target=\"_blank\">Sud Ouest<\/a>.<\/p>\n<p class=\" wall-content\">En 2018, la c\u00e9l\u00e8bre chanteuse s\u2019\u00e9tait tourn\u00e9e vers le Cr\u00e9dit municipal pour contracter un <strong>emprunt<\/strong> de 2,2\u00a0millions d\u2019euros sur cinq ann\u00e9es. La raison\u2009: r\u00e9gler une <a href=\"https:\/\/actu.fr\/nouvelle-aquitaine\/bordeaux_33063\/bordeaux-explose-son-budget-et-investit-142-millions-en-2024-c-est-de-la-bonne-dette_62726530.html\" rel=\"nofollow noopener\" target=\"_blank\">dette<\/a> fiscale de 1,65\u00a0million d\u2019euros envers le Tr\u00e9sor public. Le seul gage de ce deal \u00e9tait les droits Sacem du mari de Chantal Goya. Jean-Jacques Debout a notamment compos\u00e9 des chansons de <strong>Johnny Hallyday<\/strong>, <strong>Dalida<\/strong> ou encore <strong>Barbara<\/strong> pour ne citer qu\u2019eux.<\/p>\n<p>Pr\u00eats risqu\u00e9s<\/p>\n<p class=\" wall-content\">Entre 2017 et 2020, le Cr\u00e9dit municipal est \u00e9pingl\u00e9 pour avoir accord\u00e9 des <strong>pr\u00eats risqu\u00e9s<\/strong> avec des valeurs cons\u00e9quentes. Des biens cens\u00e9s \u00eatre de valeur \u00e9taient gag\u00e9s dans ces transactions. Des dirigeants avaient alors \u00e9t\u00e9 condamn\u00e9s. Dans cette situation, c\u2019\u00e9tait donc les droits Sacem du compositeur. En 2023, la caisse du Cr\u00e9dit municipal exige alors le remboursement, explique toujours Sud Ouest.<\/p>\n<p class=\" wall-content\">Les emprunteurs se tournent vers le tribunal judiciaire et contestent en affirmant ne pas \u00eatre suffisamment renseign\u00e9s sur ces <strong>risques d\u2019endettement<\/strong> du pr\u00eat. L\u2019instance a refus\u00e9 les demandes du couple, estimant qu\u2019il \u00e9tait au courant de la d\u00e9marche dans laquelle il s\u2019engageait. Apr\u00e8s la d\u00e9cision du tribunal judiciaire de Paris, Chantal Goya et son \u00e9poux ont imm\u00e9diatement <strong>interjet\u00e9 appel.<\/strong><\/p>\n<p class=\" wall-content\">Personnalisez votre actualit\u00e9 en ajoutant vos villes et m\u00e9dias en favori avec <a href=\"https:\/\/moncompte.actu.fr\" title=\"D\u00e9couvez Mon Actu\" rel=\"nofollow noopener\" data-trk=\"{&quot;cta&quot;:{&quot;action&quot;:&quot;https:\\\/\\\/moncompte.actu.fr&quot;,&quot;category&quot;:&quot;mon compte&quot;,&quot;from&quot;:&quot;article footer&quot;,&quot;name&quot;:&quot;Mon actu&quot;,&quot;type&quot;:&quot;cta&quot;}}\" target=\"_blank\">Mon Actu<\/a>.<\/p>\n","protected":false},"excerpt":{"rendered":"Par Julian Doubax Publi\u00e9 le 8 sept. 2025 \u00e0 18h46 Une sacr\u00e9e somme \u00e0 payer. Le 19\u00a0ao\u00fbt 2025,&hellip;\n","protected":false},"author":2,"featured_media":375729,"comment_status":"","ping_status":"","sticky":false,"template":"","format":"standard","meta":{"footnotes":""},"categories":[2817],"tags":[1111,11,1997,14397,1777,674,1011,27,12,2219,25,104],"class_list":{"0":"post-375728","1":"post","2":"type-post","3":"status-publish","4":"format-standard","5":"has-post-thumbnail","7":"category-bordeaux","8":"tag-actu","9":"tag-actualites","10":"tag-bordeaux","11":"tag-chantal-goya","12":"tag-eu","13":"tag-europe","14":"tag-fr","15":"tag-france","16":"tag-news","17":"tag-nouvelle-aquitaine","18":"tag-republique-francaise","19":"tag-societe"},"share_on_mastodon":{"url":"https:\/\/pubeurope.com\/@fr\/115169785614430438","error":""},"_links":{"self":[{"href":"https:\/\/www.europesays.com\/fr\/wp-json\/wp\/v2\/posts\/375728","targetHints":{"allow":["GET"]}}],"collection":[{"href":"https:\/\/www.europesays.com\/fr\/wp-json\/wp\/v2\/posts"}],"about":[{"href":"https:\/\/www.europesays.com\/fr\/wp-json\/wp\/v2\/types\/post"}],"author":[{"embeddable":true,"href":"https:\/\/www.europesays.com\/fr\/wp-json\/wp\/v2\/users\/2"}],"replies":[{"embeddable":true,"href":"https:\/\/www.europesays.com\/fr\/wp-json\/wp\/v2\/comments?post=375728"}],"version-history":[{"count":0,"href":"https:\/\/www.europesays.com\/fr\/wp-json\/wp\/v2\/posts\/375728\/revisions"}],"wp:featuredmedia":[{"embeddable":true,"href":"https:\/\/www.europesays.com\/fr\/wp-json\/wp\/v2\/media\/375729"}],"wp:attachment":[{"href":"https:\/\/www.europesays.com\/fr\/wp-json\/wp\/v2\/media?parent=375728"}],"wp:term":[{"taxonomy":"category","embeddable":true,"href":"https:\/\/www.europesays.com\/fr\/wp-json\/wp\/v2\/categories?post=375728"},{"taxonomy":"post_tag","embeddable":true,"href":"https:\/\/www.europesays.com\/fr\/wp-json\/wp\/v2\/tags?post=375728"}],"curies":[{"name":"wp","href":"https:\/\/api.w.org\/{rel}","templated":true}]}}