{"id":375731,"date":"2025-09-08T17:11:11","date_gmt":"2025-09-08T17:11:11","guid":{"rendered":"https:\/\/www.europesays.com\/fr\/375731\/"},"modified":"2025-09-08T17:11:11","modified_gmt":"2025-09-08T17:11:11","slug":"kone-choisi-pour-les-ascenseurs-et-escaliers-mecaniques-de-la-ligne-c-du-metro-toulousain","status":"publish","type":"post","link":"https:\/\/www.europesays.com\/fr\/375731\/","title":{"rendered":"Kone choisi pour les ascenseurs et escaliers m\u00e9caniques de la ligne C du m\u00e9tro toulousain"},"content":{"rendered":"<p>Kone, entreprise internationale sp\u00e9cialis\u00e9e dans les ascenseurs et escaliers m\u00e9caniques d\u2019origine finlandaise, a \u00e9t\u00e9 choisi pour \u00e9quiper la future ligne C du m\u00e9tro toulousain. Au total, Kone installera 90 escaliers m\u00e9caniques et quatre trottoirs roulants sur les vingt-une stations de cette nouvelle ligne qui reliera Colomiers \u00e0 la gare de Lab\u00e8ge. Les \u00e9quipements, dont le design a \u00e9t\u00e9 sp\u00e9cialement con\u00e7u pour ce projet, permettront d\u2019assurer la mobilit\u00e9 quotidienne de 200.000 passagers.<\/p>\n<p>Le lancement du chantier des travaux r\u00e9alis\u00e9s par Kone est pr\u00e9vu en 2026, avec une mise en service attendue en 2028. Elle mobilisera une \u00e9quipe d\u00e9di\u00e9e de vingt personnes.<\/p>\n","protected":false},"excerpt":{"rendered":"Kone, entreprise internationale sp\u00e9cialis\u00e9e dans les ascenseurs et escaliers m\u00e9caniques d\u2019origine finlandaise, a \u00e9t\u00e9 choisi pour \u00e9quiper la&hellip;\n","protected":false},"author":2,"featured_media":373637,"comment_status":"","ping_status":"","sticky":false,"template":"","format":"standard","meta":{"footnotes":""},"categories":[2816],"tags":[1111,11,1777,674,1011,27,12,2680,25,5400,2312,800],"class_list":{"0":"post-375731","1":"post","2":"type-post","3":"status-publish","4":"format-standard","5":"has-post-thumbnail","7":"category-toulouse","8":"tag-actu","9":"tag-actualites","10":"tag-eu","11":"tag-europe","12":"tag-fr","13":"tag-france","14":"tag-news","15":"tag-occitanie","16":"tag-republique-francaise","17":"tag-tisseo","18":"tag-toulouse","19":"tag-transports"},"share_on_mastodon":{"url":"https:\/\/pubeurope.com\/@fr\/115169793541609193","error":""},"_links":{"self":[{"href":"https:\/\/www.europesays.com\/fr\/wp-json\/wp\/v2\/posts\/375731","targetHints":{"allow":["GET"]}}],"collection":[{"href":"https:\/\/www.europesays.com\/fr\/wp-json\/wp\/v2\/posts"}],"about":[{"href":"https:\/\/www.europesays.com\/fr\/wp-json\/wp\/v2\/types\/post"}],"author":[{"embeddable":true,"href":"https:\/\/www.europesays.com\/fr\/wp-json\/wp\/v2\/users\/2"}],"replies":[{"embeddable":true,"href":"https:\/\/www.europesays.com\/fr\/wp-json\/wp\/v2\/comments?post=375731"}],"version-history":[{"count":0,"href":"https:\/\/www.europesays.com\/fr\/wp-json\/wp\/v2\/posts\/375731\/revisions"}],"wp:featuredmedia":[{"embeddable":true,"href":"https:\/\/www.europesays.com\/fr\/wp-json\/wp\/v2\/media\/373637"}],"wp:attachment":[{"href":"https:\/\/www.europesays.com\/fr\/wp-json\/wp\/v2\/media?parent=375731"}],"wp:term":[{"taxonomy":"category","embeddable":true,"href":"https:\/\/www.europesays.com\/fr\/wp-json\/wp\/v2\/categories?post=375731"},{"taxonomy":"post_tag","embeddable":true,"href":"https:\/\/www.europesays.com\/fr\/wp-json\/wp\/v2\/tags?post=375731"}],"curies":[{"name":"wp","href":"https:\/\/api.w.org\/{rel}","templated":true}]}}