{"id":375743,"date":"2025-09-08T17:18:33","date_gmt":"2025-09-08T17:18:33","guid":{"rendered":"https:\/\/www.europesays.com\/fr\/375743\/"},"modified":"2025-09-08T17:18:33","modified_gmt":"2025-09-08T17:18:33","slug":"lyon-il-fallait-que-je-fonce-malgre-les-risques-confie-stephanie-robieux-a-la-tete-doorion","status":"publish","type":"post","link":"https:\/\/www.europesays.com\/fr\/375743\/","title":{"rendered":"Lyon . \u00ab\u00a0Il fallait que je fonce\u00a0malgr\u00e9 les risques\u00bb, confie St\u00e9phanie Robieux \u00e0 la t\u00eate d&rsquo;OOrion"},"content":{"rendered":"<p>Avant l\u2019envie d\u2019entreprendre, c\u2019est une id\u00e9e qui est \u00e0 l\u2019origine d\u2019OOrion, la bo\u00eete cr\u00e9\u00e9e en 2021 par St\u00e9phanie Robieux. Quatre ans apr\u00e8s, l\u2019appli pour aider les personnes d\u00e9ficientes visuelles &#8211; les deux OO repr\u00e9sentent les yeux &#8211; \u00e0 se diriger dans les lieux publics et priv\u00e9s (h\u00f4tels, restaurants, notamment la Brasserie Georges \u00e0 Lyon, mus\u00e9es, hypermarch\u00e9s, bureaux de poste,\u00a0etc.) regroupe plusieurs milliers d\u2019utilisateurs (16\u00a0000 t\u00e9l\u00e9chargements&#8230;<\/p>\n","protected":false},"excerpt":{"rendered":"Avant l\u2019envie d\u2019entreprendre, c\u2019est une id\u00e9e qui est \u00e0 l\u2019origine d\u2019OOrion, la bo\u00eete cr\u00e9\u00e9e en 2021 par St\u00e9phanie&hellip;\n","protected":false},"author":2,"featured_media":375744,"comment_status":"","ping_status":"","sticky":false,"template":"","format":"standard","meta":{"footnotes":""},"categories":[1889],"tags":[1111,11,2430,33,2757,1777,674,1011,27,5015,2428,12354,12353,12,25,2429,216],"class_list":{"0":"post-375743","1":"post","2":"type-post","3":"status-publish","4":"format-standard","5":"has-post-thumbnail","7":"category-lyon","8":"tag-actu","9":"tag-actualites","10":"tag-auvergne-rhone-alpes","11":"tag-economie","12":"tag-edition-lyon-villeurbanne","13":"tag-eu","14":"tag-europe","15":"tag-fr","16":"tag-france","17":"tag-innovation-et-start-up","18":"tag-lyon","19":"tag-lyon-2e","20":"tag-lyon-2e-arrondissement","21":"tag-news","22":"tag-republique-francaise","23":"tag-rhone","24":"tag-vie-des-entreprises"},"share_on_mastodon":{"url":"https:\/\/pubeurope.com\/@fr\/115169820929213075","error":""},"_links":{"self":[{"href":"https:\/\/www.europesays.com\/fr\/wp-json\/wp\/v2\/posts\/375743","targetHints":{"allow":["GET"]}}],"collection":[{"href":"https:\/\/www.europesays.com\/fr\/wp-json\/wp\/v2\/posts"}],"about":[{"href":"https:\/\/www.europesays.com\/fr\/wp-json\/wp\/v2\/types\/post"}],"author":[{"embeddable":true,"href":"https:\/\/www.europesays.com\/fr\/wp-json\/wp\/v2\/users\/2"}],"replies":[{"embeddable":true,"href":"https:\/\/www.europesays.com\/fr\/wp-json\/wp\/v2\/comments?post=375743"}],"version-history":[{"count":0,"href":"https:\/\/www.europesays.com\/fr\/wp-json\/wp\/v2\/posts\/375743\/revisions"}],"wp:featuredmedia":[{"embeddable":true,"href":"https:\/\/www.europesays.com\/fr\/wp-json\/wp\/v2\/media\/375744"}],"wp:attachment":[{"href":"https:\/\/www.europesays.com\/fr\/wp-json\/wp\/v2\/media?parent=375743"}],"wp:term":[{"taxonomy":"category","embeddable":true,"href":"https:\/\/www.europesays.com\/fr\/wp-json\/wp\/v2\/categories?post=375743"},{"taxonomy":"post_tag","embeddable":true,"href":"https:\/\/www.europesays.com\/fr\/wp-json\/wp\/v2\/tags?post=375743"}],"curies":[{"name":"wp","href":"https:\/\/api.w.org\/{rel}","templated":true}]}}