{"id":375745,"date":"2025-09-08T17:19:10","date_gmt":"2025-09-08T17:19:10","guid":{"rendered":"https:\/\/www.europesays.com\/fr\/375745\/"},"modified":"2025-09-08T17:19:10","modified_gmt":"2025-09-08T17:19:10","slug":"journee-bloquons-tout-en-ile-de-france-premieres-previsions-de-trafic-dans-les-transports","status":"publish","type":"post","link":"https:\/\/www.europesays.com\/fr\/375745\/","title":{"rendered":"Journ\u00e9e \u00ab\u00a0Bloquons tout\u00a0\u00bb en Ile-de-France\u00a0: premi\u00e8res pr\u00e9visions de trafic dans les transports"},"content":{"rendered":"\n<p>La SNCF pr\u00e9voit des perturbations \u201csur les trains r\u00e9gionaux et RER Transilien en Ile-de-France, et TER dans certaines r\u00e9gions\u201d, estime-t-elle, sans plus de d\u00e9tails dans l\u2019imm\u00e9diat.<\/p>\n<p>Plus pr\u00e9cise, la RATP annonce de son c\u00f4t\u00e9 un trafic \u201cperturb\u00e9\u201d sur le RER B mais \u201cquasi normal\u201d pour les r\u00e9seaux de m\u00e9tro et de bus mercredi. Le transporteur estime en outre que les circulations du RER A et des tramways qu\u2019il g\u00e8re ne seront pas affect\u00e9s.<\/p>\n<p>La RATP n\u2019a pas d\u00e9taill\u00e9 dans quelles proportions le trafic du RER B, qui traverse l\u2019\u00cele-de-France du nord au sud via le centre de Paris et dessert l\u2019a\u00e9roport de Paris Charles-de-Gaulle, serait perturb\u00e9.<\/p>\n<p>Elle a toutefois indiqu\u00e9 que l\u2019interconnexion serait \u201cmaintenue \u00e0 gare du Nord\u201d, point n\u00e9vralgique du RER B, ce qui signifie que les passagers ne devront pas changer de train.<\/p>\n<p>G\u00e9r\u00e9e associ\u00e9e \u00e0 la SNCF, cette ligne est habituellement emprunt\u00e9e par pr\u00e8s d\u2019un million de voyageurs par jour.<\/p>\n<p>Le syndicat La Base, majoritaire chez les conducteurs de RER, a appel\u00e9 \u00e0 faire gr\u00e8ve mercredi, dans un communiqu\u00e9 partag\u00e9 sur sa page Facebook.<\/p>\n<p>Les quatre principaux syndicats de la RATP, la CGT, FO, Unsa Mobilit\u00e9 et la CFE-CGC, ont quant \u00e0 eux appel\u00e9 \u00e0 la gr\u00e8ve le 18 septembre, autre jour de mobilisation.<\/p>\n<p>C\u00f4t\u00e9 SNCF, la CGT-Cheminots, premier syndicat, a appel\u00e9 \u00e0 \u201cparticiper massivement\u201d \u00e0 la gr\u00e8ve de mercredi.<\/p>\n<p>SUD-Rail, troisi\u00e8me syndicat de cheminots, a \u00e9galement appel\u00e9 \u00e0 faire gr\u00e8ve, mais ne s\u2019est pas joint \u00e0 l\u2019appel lanc\u00e9 par les trois autres grands syndicats pour le 18 septembre.<\/p>\n","protected":false},"excerpt":{"rendered":"La SNCF pr\u00e9voit des perturbations \u201csur les trains r\u00e9gionaux et RER Transilien en Ile-de-France, et TER dans certaines&hellip;\n","protected":false},"author":2,"featured_media":121725,"comment_status":"","ping_status":"","sticky":false,"template":"","format":"standard","meta":{"footnotes":""},"categories":[1592],"tags":[1111,11,47212,32577,1271,18955,3542,1777,674,4688,1011,27,14904,6151,662,12,626,625,25,18068,17235,2215,4109,24335,800,2216],"class_list":{"0":"post-375745","1":"post","2":"type-post","3":"status-publish","4":"format-standard","5":"has-post-thumbnail","7":"category-ile-de-france","8":"tag-actu","9":"tag-actualites","10":"tag-bloquons-tout","11":"tag-cfe-cgc","12":"tag-cgt","13":"tag-cheminots","14":"tag-circulation","15":"tag-eu","16":"tag-europe","17":"tag-facebook","18":"tag-fr","19":"tag-france","20":"tag-gare-du-nord","21":"tag-greve","22":"tag-ile-de-france","23":"tag-news","24":"tag-paris","25":"tag-ratp","26":"tag-republique-francaise","27":"tag-rer-a","28":"tag-rer-b","29":"tag-sncf","30":"tag-tramway","31":"tag-tramways","32":"tag-transports","33":"tag-transports-en-commun"},"share_on_mastodon":{"url":"https:\/\/pubeurope.com\/@fr\/115169824992693546","error":""},"_links":{"self":[{"href":"https:\/\/www.europesays.com\/fr\/wp-json\/wp\/v2\/posts\/375745","targetHints":{"allow":["GET"]}}],"collection":[{"href":"https:\/\/www.europesays.com\/fr\/wp-json\/wp\/v2\/posts"}],"about":[{"href":"https:\/\/www.europesays.com\/fr\/wp-json\/wp\/v2\/types\/post"}],"author":[{"embeddable":true,"href":"https:\/\/www.europesays.com\/fr\/wp-json\/wp\/v2\/users\/2"}],"replies":[{"embeddable":true,"href":"https:\/\/www.europesays.com\/fr\/wp-json\/wp\/v2\/comments?post=375745"}],"version-history":[{"count":0,"href":"https:\/\/www.europesays.com\/fr\/wp-json\/wp\/v2\/posts\/375745\/revisions"}],"wp:featuredmedia":[{"embeddable":true,"href":"https:\/\/www.europesays.com\/fr\/wp-json\/wp\/v2\/media\/121725"}],"wp:attachment":[{"href":"https:\/\/www.europesays.com\/fr\/wp-json\/wp\/v2\/media?parent=375745"}],"wp:term":[{"taxonomy":"category","embeddable":true,"href":"https:\/\/www.europesays.com\/fr\/wp-json\/wp\/v2\/categories?post=375745"},{"taxonomy":"post_tag","embeddable":true,"href":"https:\/\/www.europesays.com\/fr\/wp-json\/wp\/v2\/tags?post=375745"}],"curies":[{"name":"wp","href":"https:\/\/api.w.org\/{rel}","templated":true}]}}