{"id":375746,"date":"2025-09-08T17:20:13","date_gmt":"2025-09-08T17:20:13","guid":{"rendered":"https:\/\/www.europesays.com\/fr\/375746\/"},"modified":"2025-09-08T17:20:13","modified_gmt":"2025-09-08T17:20:13","slug":"mouvement-du-10-septembre-les-lignes-tgv-epargnees-par-les-perturbations-pas-les-ter-les-previsions-sncf","status":"publish","type":"post","link":"https:\/\/www.europesays.com\/fr\/375746\/","title":{"rendered":"Mouvement du 10\u00a0septembre\u00a0: les lignes TGV \u00e9pargn\u00e9es par les perturbations, pas les TER\u2026 les pr\u00e9visions SNCF"},"content":{"rendered":"<p class=\"paragraph text_align_left lp-f-body-02\"><a href=\"https:\/\/www.leparisien.fr\/futurs\/tout-bloquer-le-10-septembre-comment-le-mouvement-est-amplifie-sur-les-reseaux-sociaux-par-des-faux-comptes-notamment-pro-russes-06-09-2025-QYL63HMSAJGU3DUT3WN4CABHZ4.php\" target=\"_self\" rel=\"noopener\">Le 10 septembre approche.<\/a> Pour une partie des Fran\u00e7ais, cette date \u00e9tait tr\u00e8s attendue. Elle co\u00efncide avec l\u2019appel national \u00e0 \u00ab bloquer le pays \u00bb, n\u00e9 sur les r\u00e9seaux sociaux et aujourd\u2019hui soutenu par des partis politiques et des syndicats. S\u2019il est difficile de quantifier l\u2019ampleur que prendra la mobilisation, d\u2019importantes perturbations risquent d\u2019affecter le fonctionnement des \u00e9coles, des h\u00f4pitaux et surtout des transports.<\/p>\n<p class=\"paragraph text_align_left lp-f-body-02\">En d\u00e9pit de l\u2019appel \u00e0 la gr\u00e8ve relay\u00e9 par la CGT Cheminots, le premier syndicat de la SNCF, et SUD-Rail, TGV Inoui, Ouigo et trains internationaux \u00ab circuleront normalement \u00bb mercredi, annonce la SNCF ce lundi. En revanche, pr\u00e9vient la soci\u00e9t\u00e9 ferroviaire, \u00ab des perturbations sont \u00e0 pr\u00e9voir sur les trains r\u00e9gionaux et <a href=\"https:\/\/www.leparisien.fr\/info-paris-ile-de-france-oise\/transports\/mouvement-du-10-septembre-rer-metro-transilien-quelles-perturbations-dans-les-transports-en-ile-de-france-08-09-2025-YZFBNQDWZBBWLMOGL3OBRWTQWA.php\" target=\"_self\" rel=\"noopener\">RER Transilien en \u00cele-de-France<\/a> et TER dans certaines r\u00e9gions \u00bb.<\/p>\n<p class=\"paragraph text_align_left lp-f-body-02\">Dans les Hauts-de-France, par exemple, le mouvement social du 10 septembre affectera fortement le trafic. En Normandie, en Nouvelle-Aquitaine, dans le Grand Est ou en Provence-Alpes-C\u00f4te d\u2019Azur, la circulation des trains sera simplement perturb\u00e9e. Chaque r\u00e9gion communiquera le d\u00e9tail des perturbations \u00e0 partir de 17 heures, mardi.<\/p>\n<blockquote class=\"twitter-tweet\">\n<p lang=\"fr\" dir=\"ltr\">Un mouvement social national interprofessionnel perturbera fortement le trafic TER sur le territoire Hauts-de-France le mercredi 10 septembre. Retrouvez les horaires de votre ligne la veille d\u00e8s 17h00 sur l&rsquo;application de mobilit\u00e9 de votre choix. <a href=\"https:\/\/t.co\/kspFHxOE2N\">pic.twitter.com\/kspFHxOE2N<\/a><\/p>\n<p>\u2014 TER Hauts-de-France (@TERHDF) <a href=\"https:\/\/twitter.com\/TERHDF\/status\/1965068038308536813?ref_src=twsrc%5Etfw\" target=\"_blank\" rel=\"noopener\">September 8, 2025<\/a><\/p><\/blockquote>\n<p class=\"paragraph text_align_left lp-f-body-02\">La SNCF pr\u00e9cise que des difficult\u00e9s de circulation sont \u00e9galement programm\u00e9es sur les lignes Intercit\u00e9s. \u00c0 savoir, les liaisons Paris &#8211; Clermont-Ferrand, Paris \u2013 Limoges \u2013 Toulouse et Bordeaux \u2013 Marseille. Si les trains de nuit seront eux aussi affect\u00e9s, ce ne sera pas le cas des autres liaisons Intercit\u00e9s.<\/p>\n<p class=\"paragraph text_align_left lp-f-body-02\">Dans ce contexte, l\u2019entreprise de chemins de fer assure que \u00ab tous les clients TGV Inoui, TGV internationaux et Intercit\u00e9s voyageant du 9 au 11 septembre b\u00e9n\u00e9ficient d\u2019une possibilit\u00e9 d\u2019annuler ou \u00e9changer leur billet sans frais \u00bb.<\/p>\n<p><script async src=\"https:\/\/platform.twitter.com\/widgets.js\" charset=\"utf-8\"><\/script><\/p>\n","protected":false},"excerpt":{"rendered":"Le 10 septembre approche. Pour une partie des Fran\u00e7ais, cette date \u00e9tait tr\u00e8s attendue. Elle co\u00efncide avec l\u2019appel&hellip;\n","protected":false},"author":2,"featured_media":375747,"comment_status":"","ping_status":"","sticky":false,"template":"","format":"standard","meta":{"footnotes":""},"categories":[1592],"tags":[1111,11,33,1777,674,1011,27,662,1944,12,626,25,2382],"class_list":{"0":"post-375746","1":"post","2":"type-post","3":"status-publish","4":"format-standard","5":"has-post-thumbnail","7":"category-ile-de-france","8":"tag-actu","9":"tag-actualites","10":"tag-economie","11":"tag-eu","12":"tag-europe","13":"tag-fr","14":"tag-france","15":"tag-ile-de-france","16":"tag-ma-ville","17":"tag-news","18":"tag-paris","19":"tag-republique-francaise","20":"tag-transport-idf-oise"},"share_on_mastodon":{"url":"https:\/\/pubeurope.com\/@fr\/115169828896025919","error":""},"_links":{"self":[{"href":"https:\/\/www.europesays.com\/fr\/wp-json\/wp\/v2\/posts\/375746","targetHints":{"allow":["GET"]}}],"collection":[{"href":"https:\/\/www.europesays.com\/fr\/wp-json\/wp\/v2\/posts"}],"about":[{"href":"https:\/\/www.europesays.com\/fr\/wp-json\/wp\/v2\/types\/post"}],"author":[{"embeddable":true,"href":"https:\/\/www.europesays.com\/fr\/wp-json\/wp\/v2\/users\/2"}],"replies":[{"embeddable":true,"href":"https:\/\/www.europesays.com\/fr\/wp-json\/wp\/v2\/comments?post=375746"}],"version-history":[{"count":0,"href":"https:\/\/www.europesays.com\/fr\/wp-json\/wp\/v2\/posts\/375746\/revisions"}],"wp:featuredmedia":[{"embeddable":true,"href":"https:\/\/www.europesays.com\/fr\/wp-json\/wp\/v2\/media\/375747"}],"wp:attachment":[{"href":"https:\/\/www.europesays.com\/fr\/wp-json\/wp\/v2\/media?parent=375746"}],"wp:term":[{"taxonomy":"category","embeddable":true,"href":"https:\/\/www.europesays.com\/fr\/wp-json\/wp\/v2\/categories?post=375746"},{"taxonomy":"post_tag","embeddable":true,"href":"https:\/\/www.europesays.com\/fr\/wp-json\/wp\/v2\/tags?post=375746"}],"curies":[{"name":"wp","href":"https:\/\/api.w.org\/{rel}","templated":true}]}}