{"id":375748,"date":"2025-09-08T17:21:12","date_gmt":"2025-09-08T17:21:12","guid":{"rendered":"https:\/\/www.europesays.com\/fr\/375748\/"},"modified":"2025-09-08T17:21:12","modified_gmt":"2025-09-08T17:21:12","slug":"lintegralite-du-discours-de-francois-bayrou-avant-le-vote-de-confiance-a-lassemblee","status":"publish","type":"post","link":"https:\/\/www.europesays.com\/fr\/375748\/","title":{"rendered":"l&rsquo;int\u00e9gralit\u00e9 du discours de Fran\u00e7ois Bayrou avant le vote de confiance \u00e0 l&rsquo;Assembl\u00e9e"},"content":{"rendered":"<p>            lire plus tard<\/p>\n<p id=\"dialog__title\" class=\"dialog__title\">Pour sauvegarder cet article, connectez-vous ou cr\u00e9ez un compte franceinfo<\/p>\n<p class=\"dialog__description\">Sans paiement. Sans abonnement.<\/p>\n<p>        Fermer la fen\u00eatre d\u2019activation des notifications France Info<\/p>\n<p>            cr\u00e9er votre compte<\/p>\n<p>            se connecter<\/p>\n<p>        Fermer la fen\u00eatre de pr\u00e9sentation<\/p>\n<p>    Publi\u00e9 le 08\/09\/2025 18:34<\/p>\n<p>        Temps de lecture : 1min &#8211; vid\u00e9o : 40min<\/p>\n<p>    <img decoding=\"async\" class=\"francetv-player-wrapper__image\" alt=\"Le Premier ministre Fran\u00e7ois Bayrou s'exprime devant l'Assembl\u00e9e nationale \u00e0 Paris, le 8 septembre 2025.\"  width=\"432\" height=\"243\" src=\"https:\/\/www.europesays.com\/fr\/wp-content\/uploads\/2025\/09\/sipa-01229669-000012-68bee23733bbe409617220.jpg\" fetchpriority=\"high\"\/><\/p>\n<p>              Le Premier ministre Fran\u00e7ois Bayrou s&rsquo;exprime devant l&rsquo;Assembl\u00e9e nationale \u00e0 Paris, le 8 septembre 2025.<br \/>\n                    (FRANCEINFO)<\/p>\n<p>      40min<\/p>\n<p>\n  Le Premier ministre s&rsquo;est exprim\u00e9, lundi, devant les d\u00e9put\u00e9s. Il a fait appel \u00e0 \u00ab\u00a0la conscience personnelle de chacun\u00a0\u00bb pour soutenir sa politique de r\u00e9tablissement des finances publiques.\n<\/p>\n<p>\u00ab\u00a0Vous avez le pouvoir de renverser le gouvernement\u00a0\u00bb, mais pas celui \u00ab\u00a0d&rsquo;effacer le r\u00e9el\u00a0\u00bb. Le Premier ministre, Fran\u00e7ois Bayrou, a appel\u00e9 les d\u00e9put\u00e9s \u00e0 la responsabilit\u00e9, lundi 8\u00a0septembre, face au \u00ab\u00a0poids\u00a0\u00bb de la dette, devenu \u00ab\u00a0insupportable\u00a0\u00bb selon lui. Le \u00ab\u00a0pronostic vital\u00a0\u00bb du pays est \u00ab\u00a0engag\u00e9\u00a0\u00bb en raison de ce \u00ab\u00a0surendettement\u00a0\u00bb, a-t-il martel\u00e9 \u00e0 quelques minutes d&rsquo;un vote de confiance \u00e0 son gouvernement. \u00ab\u00a0Il n&rsquo;y a donc qu&rsquo;un chemin pour que notre pays s&rsquo;en sorte aujourd&rsquo;hui\u00a0\u00bb\u00a0: le r\u00e9tablissement des finances publiques, a-t-il plaid\u00e9, devant les d\u00e9put\u00e9s <a href=\"https:\/\/www.franceinfo.fr\/economie\/budget\/francois-bayrou-va-demander-la-confiance-de-l-assemblee-nationale-le-8-septembre_7454134.html\" rel=\"nofollow noopener\" target=\"_blank\">sur le point de voter contre son gouvernement<\/a>.<\/p>\n<p>\u00ab\u00a0La conjonction des forces qui annoncent qu&rsquo;elles vont additionner leurs voix pour faire tomber le gouvernement, c&rsquo;est un tohu-bohu qui se pr\u00e9pare pour la France\u00a0\u00bb, a-t-il pr\u00e9venu, en appelant \u00e0 \u00ab\u00a0la conscience personnelle de chacun\u00a0\u00bb. A l&rsquo;approche de sa chute probable, il a d\u00e9fendu son choix d&rsquo;avoir sollicit\u00e9 un vote de confiance\u00a0: \u00ab\u00a0Cette \u00e9preuve de v\u00e9rit\u00e9 comme chef du gouvernement, avec l&rsquo;assentiment du pr\u00e9sident de la R\u00e9publique, je l&rsquo;ai voulue.\u00a0\u00bb<\/p>\n","protected":false},"excerpt":{"rendered":"lire plus tard Pour sauvegarder cet article, connectez-vous ou cr\u00e9ez un compte franceinfo Sans paiement. Sans abonnement. Fermer&hellip;\n","protected":false},"author":2,"featured_media":375749,"comment_status":"","ping_status":"","sticky":false,"template":"","format":"standard","meta":{"footnotes":""},"categories":[1888],"tags":[1111,1928,11,1927,1777,674,1011,27,12,1926,626,1925,25],"class_list":{"0":"post-375748","1":"post","2":"type-post","3":"status-publish","4":"format-standard","5":"has-post-thumbnail","7":"category-paris","8":"tag-actu","9":"tag-actu-paris","10":"tag-actualites","11":"tag-actualites-paris","12":"tag-eu","13":"tag-europe","14":"tag-fr","15":"tag-france","16":"tag-news","17":"tag-news-paris","18":"tag-paris","19":"tag-paris-news","20":"tag-republique-francaise"},"share_on_mastodon":{"url":"https:\/\/pubeurope.com\/@fr\/115169833111739079","error":""},"_links":{"self":[{"href":"https:\/\/www.europesays.com\/fr\/wp-json\/wp\/v2\/posts\/375748","targetHints":{"allow":["GET"]}}],"collection":[{"href":"https:\/\/www.europesays.com\/fr\/wp-json\/wp\/v2\/posts"}],"about":[{"href":"https:\/\/www.europesays.com\/fr\/wp-json\/wp\/v2\/types\/post"}],"author":[{"embeddable":true,"href":"https:\/\/www.europesays.com\/fr\/wp-json\/wp\/v2\/users\/2"}],"replies":[{"embeddable":true,"href":"https:\/\/www.europesays.com\/fr\/wp-json\/wp\/v2\/comments?post=375748"}],"version-history":[{"count":0,"href":"https:\/\/www.europesays.com\/fr\/wp-json\/wp\/v2\/posts\/375748\/revisions"}],"wp:featuredmedia":[{"embeddable":true,"href":"https:\/\/www.europesays.com\/fr\/wp-json\/wp\/v2\/media\/375749"}],"wp:attachment":[{"href":"https:\/\/www.europesays.com\/fr\/wp-json\/wp\/v2\/media?parent=375748"}],"wp:term":[{"taxonomy":"category","embeddable":true,"href":"https:\/\/www.europesays.com\/fr\/wp-json\/wp\/v2\/categories?post=375748"},{"taxonomy":"post_tag","embeddable":true,"href":"https:\/\/www.europesays.com\/fr\/wp-json\/wp\/v2\/tags?post=375748"}],"curies":[{"name":"wp","href":"https:\/\/api.w.org\/{rel}","templated":true}]}}