{"id":375774,"date":"2025-09-08T17:37:11","date_gmt":"2025-09-08T17:37:11","guid":{"rendered":"https:\/\/www.europesays.com\/fr\/375774\/"},"modified":"2025-09-08T17:37:11","modified_gmt":"2025-09-08T17:37:11","slug":"transfert-un-champion-du-monde-u20-vers-lubb-le-feuilleton-qui-agite-bayonne-et-montpellier","status":"publish","type":"post","link":"https:\/\/www.europesays.com\/fr\/375774\/","title":{"rendered":"TRANSFERT. Un champion du Monde U20 vers l\u2019UBB ? Le feuilleton qui agite Bayonne et Montpellier"},"content":{"rendered":"<p data-start=\"1023\" data-end=\"1435\">Le march\u00e9 des <a href=\"https:\/\/www.lerugbynistere.fr\/transferts\/\" ui-sref=\"app.category(categoryId: 1})\" alt=\"Transferts\" data-route=\"app.category\" data-param=\"categoryId\" data-id=\"10\" rel=\"nofollow noopener\" target=\"_blank\">transferts<\/a> n\u2019attend jamais. La saison de <a href=\"https:\/\/www.lerugbynistere.fr\/championnats\/top-14\" ui-sref=\"app.competition({competitionId: 1})\" alt=\"Top 14\" data-route=\"app.competition\" data-param=\"competitionId\" data-id=\"1\" rel=\"nofollow noopener\" target=\"_blank\">Top 14<\/a> vient \u00e0 peine de <strong>d\u00e9marrer que d\u00e9j\u00e0 les regards se tournent vers l\u2019avenir d\u2019Hugo Reus. <\/strong><\/p>\n<p data-start=\"1023\" data-end=\"1435\">Le jeune ouvreur du <a href=\"https:\/\/www.lerugbynistere.fr\/clubs\/mhrc-montpellier.php\" ui-sref=\"app.team({teamId: 36})\" alt=\"Montpellier\" data-route=\"app.team\" data-param=\"teamId\" data-id=\"36\" rel=\"nofollow noopener\" target=\"_blank\">Montpellier<\/a> H\u00e9rault Rugby, champion du monde U20 en 2023, attise les convoitises. Et pas n\u2019importe lesquelles : <strong>l\u2019Union <a href=\"https:\/\/www.lerugbynistere.fr\/clubs\/ubb-bordeaux-begles.php\" ui-sref=\"app.team({teamId: 32})\" alt=\"Bordeaux\" data-route=\"app.team\" data-param=\"teamId\" data-id=\"32\" rel=\"nofollow noopener\" target=\"_blank\">Bordeaux<\/a>-B\u00e8gles et l\u2019Aviron Bayonnais, deux clubs ambitieux du Top 14, ont fait du joueur de 21 ans une cible prioritaire.<\/strong><\/p>\n<p>Retour aux sources pour Hugo Reus ?<\/p>\n<p data-start=\"1437\" data-end=\"1788\">Reus est sous contrat avec le MHR jusqu\u2019en juin 2026. Les dirigeants h\u00e9raultais ont d\u00e9j\u00e0 entam\u00e9 les discussions pour prolonger, convaincus que le P\u00e9rigourdin peut devenir le patron de l\u2019attaque dans les prochaines ann\u00e9es. <strong>Titularis\u00e9 face \u00e0 <a href=\"https:\/\/www.lerugbynistere.fr\/clubs\/rugby-club-toulonnais.php\" ui-sref=\"app.team({teamId: 28})\" alt=\"Toulon\" data-route=\"app.team\" data-param=\"teamId\" data-id=\"28\" rel=\"nofollow noopener\" target=\"_blank\">Toulon<\/a> pour l\u2019ouverture du championnat, il incarne clairement le futur du club. <\/strong>Mais la concurrence est rude.<\/p>\n<p data-start=\"1437\" data-end=\"1788\"><a class=\"inserer_lien_article\" href=\"https:\/\/www.lerugbynistere.fr\/news\/top-14-il-faut-que-ca-sarrete-urios-peste-contre-les-demonstrations-du-stade-toulousain-a-clermont-0709251108.php\" data-id=\"46044\" data-route=\"app.article\" data-param=\"articleId\" ui-sref=\"app.article({articleId: 46044})\" alt=\"Top 14. \u2018\u2018Il faut que \u00e7a s\u2019arr\u00eate !\u2019\u2019, Urios peste contre les d\u00e9monstrations du Stade Toulousain \u00e0 Clermont\" title=\"Top 14. \u2018\u2018Il faut que \u00e7a s\u2019arr\u00eate !\u2019\u2019, Urios peste contre les d\u00e9monstrations du Stade Toulousain \u00e0 Clermont\" rel=\"nofollow noopener\" target=\"_blank\"><img decoding=\"async\" src=\"https:\/\/www.europesays.com\/fr\/wp-content\/uploads\/2025\/09\/1757327711_77_urios-07-09-25-133.jpg\" alt=\"Top 14. \u2018\u2018Il faut que \u00e7a s\u2019arr\u00eate !\u2019\u2019, Urios peste contre les d\u00e9monstrations du Stade Toulousain \u00e0 Clermont\"\/>Top 14. \u2018\u2018Il faut que \u00e7a s\u2019arr\u00eate !\u2019\u2019, Urios peste contre les d\u00e9monstrations du Stade Toulousain \u00e0 Clermont<\/a><\/p>\n<p data-start=\"1790\" data-end=\"2346\">L\u2019UBB, o\u00f9 Reus a \u00e9t\u00e9 form\u00e9 entre 2018 et 2022, semble avoir pris une longueur d\u2019avance. Selon Sud Ouest, les contacts entre Bordeaux et l\u2019entourage du joueur sont \u00ab tr\u00e8s avanc\u00e9s \u00bb. Les Girondins voient en lui le compl\u00e9ment id\u00e9al de <a href=\"https:\/\/www.lerugbynistere.fr\/fiches-joueurs\/matthieu-jalibert.php\" ui-sref=\"app.player({playerId: 5535})\" alt=\"Matthieu Jalibert\" data-route=\"app.player\" data-param=\"playerId\" data-id=\"5535\" rel=\"nofollow noopener\" target=\"_blank\">Matthieu Jalibert<\/a>, <strong>alors que <a href=\"https:\/\/www.lerugbynistere.fr\/fiches-joueurs\/joey-carbery.php\" ui-sref=\"app.player({playerId: 5784})\" alt=\"Joey Carbery\" data-route=\"app.player\" data-param=\"playerId\" data-id=\"5784\" rel=\"nofollow noopener\" target=\"_blank\">Joey Carbery<\/a>, actuel rempla\u00e7ant de l\u2019international fran\u00e7ais, est en fin de contrat en 2026.<\/strong> L\u2019id\u00e9e est\u00a0simple : s\u00e9curiser le poste en anticipant. Le retour aux sources, apr\u00e8s une premi\u00e8re aventure bordelaise, n\u2019est pas pour d\u00e9plaire \u00e0 Reus, tr\u00e8s attach\u00e9 \u00e0 la r\u00e9gion.<\/p>\n<blockquote class=\"twitter-tweet\"><p>&#13;<\/p>\n<p lang=\"fr\" dir=\"ltr\">Comme annonc\u00e9 par le meilleur informateur des r\u00e9seaux sociaux, le Big Boss , \u00e0 savoir le grand <a href=\"https:\/\/twitter.com\/Ben33110?ref_src=twsrc%5Etfw\" rel=\"nofollow noopener\" target=\"_blank\">@Ben33110<\/a> , Hugo Reus va revenir chez lui \u00e0 <a href=\"https:\/\/twitter.com\/UBBrugby?ref_src=twsrc%5Etfw\" rel=\"nofollow noopener\" target=\"_blank\">@UBBrugby<\/a> ! Merci \u00e0 <a href=\"https:\/\/twitter.com\/YannBru?ref_src=twsrc%5Etfw\" rel=\"nofollow noopener\" target=\"_blank\">@YannBru<\/a> pour ce choix judicieux, de recruter un joueur local, jiff , avec l&rsquo;amour du maillot. <a href=\"https:\/\/t.co\/FhxdPRize9\" rel=\"nofollow\">pic.twitter.com\/FhxdPRize9<\/a><\/p>\n<p>&#13;<br \/>\n\u2014 Privat (@dprivat33) <a href=\"https:\/\/twitter.com\/dprivat33\/status\/1964797275777171711?ref_src=twsrc%5Etfw\" rel=\"nofollow noopener\" target=\"_blank\">September 7, 2025<\/a><\/p><\/blockquote>\n<p data-start=\"2348\" data-end=\"2874\"><a href=\"https:\/\/www.lerugbynistere.fr\/clubs\/aviron-bayonnais.php\" ui-sref=\"app.team({teamId: 43})\" alt=\"Bayonne\" data-route=\"app.team\" data-param=\"teamId\" data-id=\"43\" rel=\"nofollow noopener\" target=\"_blank\">Bayonne<\/a>, de son c\u00f4t\u00e9, n\u2019a pas dit son dernier mot. L\u2019Aviron veut pr\u00e9parer la succession de <a href=\"https:\/\/www.lerugbynistere.fr\/fiches-joueurs\/gareth-anscombe.php\" ui-sref=\"app.player({playerId: 5805})\" alt=\"Gareth Anscombe\" data-route=\"app.player\" data-param=\"playerId\" data-id=\"5805\" rel=\"nofollow noopener\" target=\"_blank\">Gareth Anscombe<\/a>, <strong>qui n\u2019a sign\u00e9 que pour une saison, et apporter de la concurrence \u00e0 <a href=\"https:\/\/www.lerugbynistere.fr\/fiches-joueurs\/joris-segonds.php\" ui-sref=\"app.player({playerId: 6395})\" alt=\"Joris Segonds\" data-route=\"app.player\" data-param=\"playerId\" data-id=\"6395\" rel=\"nofollow noopener\" target=\"_blank\">Joris Segonds<\/a>, li\u00e9 jusqu\u2019en 2029.<\/strong> Hugo Reus a m\u00eame visit\u00e9 les installations cet \u00e9t\u00e9 et s\u2019est montr\u00e9 sensible au projet, s\u00e9duit notamment par la pr\u00e9sence de <a href=\"https:\/\/www.lerugbynistere.fr\/fiches-joueurs\/camille-lopez.php\" ui-sref=\"app.player({playerId: 654})\" alt=\"Camille Lopez\" data-route=\"app.player\" data-param=\"playerId\" data-id=\"654\" rel=\"nofollow noopener\" target=\"_blank\">Camille Lopez<\/a> dans le staff. Mais l\u2019incertitude autour de la gouvernance sportive, entre Gr\u00e9gory Patat et Laurent Travers, a ralenti les n\u00e9gociations. De quoi laisser le champ libre \u00e0 Bordeaux.<\/p>\n<blockquote class=\"twitter-tweet\"><p>&#13;<\/p>\n<p lang=\"fr\" dir=\"ltr\">Comme annonc\u00e9 par le meilleur informateur des r\u00e9seaux sociaux, le Big Boss , \u00e0 savoir le grand <a href=\"https:\/\/twitter.com\/Ben33110?ref_src=twsrc%5Etfw\" rel=\"nofollow noopener\" target=\"_blank\">@Ben33110<\/a> , Hugo Reus va revenir chez lui \u00e0 <a href=\"https:\/\/twitter.com\/UBBrugby?ref_src=twsrc%5Etfw\" rel=\"nofollow noopener\" target=\"_blank\">@UBBrugby<\/a> ! Merci \u00e0 <a href=\"https:\/\/twitter.com\/YannBru?ref_src=twsrc%5Etfw\" rel=\"nofollow noopener\" target=\"_blank\">@YannBru<\/a> pour ce choix judicieux, de recruter un joueur local, jiff , avec l&rsquo;amour du maillot. <a href=\"https:\/\/t.co\/FhxdPRize9\" rel=\"nofollow\">pic.twitter.com\/FhxdPRize9<\/a><\/p>\n<p>&#13;<br \/>\n\u2014 Privat (@dprivat33) <a href=\"https:\/\/twitter.com\/dprivat33\/status\/1964797275777171711?ref_src=twsrc%5Etfw\" rel=\"nofollow noopener\" target=\"_blank\">September 7, 2025<\/a><\/p><\/blockquote>\n<p>Un imbroglio m\u00e9diatique<\/p>\n<p data-start=\"2876\" data-end=\"3347\">En parall\u00e8le, l\u2019Aviron Bayonnais a d\u00fb r\u00e9agir publiquement \u00e0 une autre affaire : une erreur de Sud Ouest affirmant que <a href=\"https:\/\/www.lerugbynistere.fr\/fiches-joueurs\/reece-hodge.php\" ui-sref=\"app.player({playerId: 9031})\" alt=\"Reece Hodge\" data-route=\"app.player\" data-param=\"playerId\" data-id=\"9031\" rel=\"nofollow noopener\" target=\"_blank\">Reece Hodge<\/a> \u00e9tait <strong>\u00ab le plus gros salaire de l\u2019effectif \u00bb<\/strong>. Le club a publi\u00e9 un communiqu\u00e9 officiel <strong>pour d\u00e9mentir cette information, estimant qu\u2019elle portait atteinte \u00e0 l\u2019image du joueur et du groupe.<\/strong> Une sortie m\u00e9diatique inhabituelle, qui illustre \u00e0 quel point la communication est devenue strat\u00e9gique en pleine p\u00e9riode de n\u00e9gociations contractuelles.<\/p>\n<blockquote class=\"twitter-tweet\"><p>&#13;<\/p>\n<p lang=\"fr\" dir=\"ltr\">Communiqu\u00e9 officiel du club <a href=\"https:\/\/t.co\/gpRSpEr6F0\" rel=\"nofollow\">https:\/\/t.co\/gpRSpEr6F0<\/a> <a href=\"https:\/\/t.co\/DBYAHmV2xd\" rel=\"nofollow\">pic.twitter.com\/DBYAHmV2xd<\/a><\/p>\n<p>&#13;<br \/>\n\u2014 Aviron Bayonnais (@avironrugbypro) <a href=\"https:\/\/twitter.com\/avironrugbypro\/status\/1965067385578385551?ref_src=twsrc%5Etfw\" rel=\"nofollow noopener\" target=\"_blank\">September 8, 2025<\/a><\/p><\/blockquote>\n<p data-start=\"3349\" data-end=\"3662\">Hugo Reus n\u2019a pas encore tranch\u00e9. Mais une chose est s\u00fbre : sa d\u00e9cision p\u00e8sera lourd dans le mercato \u00e0 venir. S\u2019il choisit l\u2019UBB, ce sera un coup dur pour Bayonne. <strong>S\u2019il reste au MHR, Montpellier s\u00e9curiserait enfin un ouvreur capable de s\u2019installer durablement.<\/strong> En attendant, le feuilleton ne fait que commencer.<\/p>\n<p>                            <script async src=\"https:\/\/platform.twitter.com\/widgets.js\" charset=\"utf-8\"><\/script><\/p>\n","protected":false},"excerpt":{"rendered":"Le march\u00e9 des transferts n\u2019attend jamais. La saison de Top 14 vient \u00e0 peine de d\u00e9marrer que d\u00e9j\u00e0&hellip;\n","protected":false},"author":2,"featured_media":375775,"comment_status":"","ping_status":"","sticky":false,"template":"","format":"standard","meta":{"footnotes":""},"categories":[1416],"tags":[1011,27,479,1468,60],"class_list":{"0":"post-375774","1":"post","2":"type-post","3":"status-publish","4":"format-standard","5":"has-post-thumbnail","7":"category-rugby","8":"tag-fr","9":"tag-france","10":"tag-rugby","11":"tag-rugby-football","12":"tag-sports"},"share_on_mastodon":{"url":"https:\/\/pubeurope.com\/@fr\/115169895691501928","error":""},"_links":{"self":[{"href":"https:\/\/www.europesays.com\/fr\/wp-json\/wp\/v2\/posts\/375774","targetHints":{"allow":["GET"]}}],"collection":[{"href":"https:\/\/www.europesays.com\/fr\/wp-json\/wp\/v2\/posts"}],"about":[{"href":"https:\/\/www.europesays.com\/fr\/wp-json\/wp\/v2\/types\/post"}],"author":[{"embeddable":true,"href":"https:\/\/www.europesays.com\/fr\/wp-json\/wp\/v2\/users\/2"}],"replies":[{"embeddable":true,"href":"https:\/\/www.europesays.com\/fr\/wp-json\/wp\/v2\/comments?post=375774"}],"version-history":[{"count":0,"href":"https:\/\/www.europesays.com\/fr\/wp-json\/wp\/v2\/posts\/375774\/revisions"}],"wp:featuredmedia":[{"embeddable":true,"href":"https:\/\/www.europesays.com\/fr\/wp-json\/wp\/v2\/media\/375775"}],"wp:attachment":[{"href":"https:\/\/www.europesays.com\/fr\/wp-json\/wp\/v2\/media?parent=375774"}],"wp:term":[{"taxonomy":"category","embeddable":true,"href":"https:\/\/www.europesays.com\/fr\/wp-json\/wp\/v2\/categories?post=375774"},{"taxonomy":"post_tag","embeddable":true,"href":"https:\/\/www.europesays.com\/fr\/wp-json\/wp\/v2\/tags?post=375774"}],"curies":[{"name":"wp","href":"https:\/\/api.w.org\/{rel}","templated":true}]}}