{"id":375788,"date":"2025-09-08T17:46:11","date_gmt":"2025-09-08T17:46:11","guid":{"rendered":"https:\/\/www.europesays.com\/fr\/375788\/"},"modified":"2025-09-08T17:46:11","modified_gmt":"2025-09-08T17:46:11","slug":"deux-tomes-de-souvenirs-par-pierre-poulin-richard-vigneault-culture-litterature","status":"publish","type":"post","link":"https:\/\/www.europesays.com\/fr\/375788\/","title":{"rendered":"Deux tomes de souvenirs, par Pierre Poulin &#8211; Richard Vigneault : Culture Litt\u00e9rature"},"content":{"rendered":"<p>                                       <img decoding=\"async\" class=\"list-content-img full-img\" src=\"https:\/\/www.europesays.com\/fr\/wp-content\/uploads\/2025\/09\/deux-tomes-de-souvenirs-par-pierre-poulin-9203.jpg\" alt=\"Deux tomes de souvenirs, par Pierre Poulin - Richard Vigneault : Culture Litt\u00e9rature \"\/><\/p>\n<p><strong>Au lancement des tomes 2 et 3 des Petites chroniques de Lac-M\u00e9gantic de l\u2019auteur Pierre Poulin. Les amateurs d\u2019histoire vont d\u00e9vorer les deux volumes. Pierre Poulin est ici en compagnie du maitre de c\u00e9r\u00e9monie, Paul Dostie, pr\u00e9sentant les deux publications. (Photo Richard Vigneault)<\/strong><\/p>\n<p><b>Le samedi 30 ao\u00fbt dernier, c\u2019\u00e9tait le lancement des tomes 2 et 3, Petites chroniques de Lac-M\u00e9gantic, de l\u2019auteur Pierre Poulin, \u00e0 la M\u00e9diath\u00e8que Nelly-Arcan de Lac-M\u00e9gantic, devant plusieurs int\u00e9ress\u00e9s f\u00e9briles de d\u00e9couvrir la suite avec les deux nouveaux tomes remplis de souvenirs de notre histoire.<\/b><\/p>\n<p>D\u2019abord, agissant comme maitre de c\u00e9r\u00e9monie, Paul Dostie a pr\u00e9sent\u00e9 Pierre Poulin sous diff\u00e9rents angles en utilisant le pr\u00e9nom de l\u2019\u00e9crivain. Par la suite, pour nous mettre l\u2019eau \u00e0 la bouche, il a cit\u00e9 divers moments historiques que l\u2019on retrouve dans les deux tomes. Le tome 2 s\u2019\u00e9tend sur la p\u00e9riode de 1903 \u00e0 1918, o\u00f9 il est notamment question du grand feu de 1908 et de la Premi\u00e8re Guerre mondiale. Le tome 3 relate des \u00e9v\u00e9nements entre 1919 et 1932, portant sur les ann\u00e9es folles et la grande crise de 1929. Pour ces deux livres, Pierre Poulin a consacr\u00e9 pas moins de 2000 heures en recherche et pour l\u2019\u00e9criture. Poursuivra-t-il son \u00e9lan sur Lac-M\u00e9gantic? Fort possible avec les tomes 4 et 5 pour 2026, et possiblement pour s\u2019arr\u00eater aux ann\u00e9es 1970. L\u2019an prochain, c\u2019est le tour de Woburn de nous d\u00e9voiler ces secrets d\u2019histoires avec deux tomes. De plus, il a d\u00e9j\u00e0 accept\u00e9 de produire les petites chroniques de la municipalit\u00e9 de Audet pour son 125e anniversaire.<\/p>\n<p>Sa motivation \u00e0 embarquer dans cette aventure a pris naissance avec la publication du livre sur le 150e de la municipalit\u00e9 de Lac-Drolet. \u00ab Ma fille aimait beaucoup lire l\u2019histoire publi\u00e9e lors du 125e du village et m\u2019a sugg\u00e9r\u00e9 d\u2019\u00e9crire, cette fois, pour le 150e, en 2021. Je lui ai r\u00e9pondu, je ne suis pas \u00e9crivain, mais j\u2019ai d\u00e9cid\u00e9 d\u2019y aller et de le faire \u00e0 ma fa\u00e7on \u00bb, confie-t-il. Voil\u00e0 c\u2019\u00e9tait partie pour une belle aventure qui est devenue une v\u00e9ritable passion.<\/p>\n<p>Selon Pierre Poulin, il y a des liens entre chaque village. Apr\u00e8s un d\u00e9part avec Lac-Drolet, les histoires de Saint-Ludger et Saint-S\u00e9bastien ont suivi. Toutes les familles se rejoignent un moment ou l\u2019autre, dans ces parutions, en plus d\u2019avoir chacune leurs particularit\u00e9s.<\/p>\n<p>\nChose certaine, Pierre Poulin n\u2019a pas pr\u00e9vu de retraite. Au contraire, s\u2019il en est capable, il aimerait beaucoup faire le tour de toutes les municipalit\u00e9s. Audet se fera bient\u00f4t, possiblement suivie de Piopolis pour aller du c\u00f4t\u00e9 de Lambton. Pierre Poulin est devenu une m\u00e9moire collective pour nous permettre de nous faire conna\u00eetre notre pass\u00e9. <\/p>\n","protected":false},"excerpt":{"rendered":"Au lancement des tomes 2 et 3 des Petites chroniques de Lac-M\u00e9gantic de l\u2019auteur Pierre Poulin. Les amateurs&hellip;\n","protected":false},"author":2,"featured_media":375789,"comment_status":"","ping_status":"","sticky":false,"template":"","format":"standard","meta":{"footnotes":""},"categories":[1357],"tags":[1379,58,59,1011,27,1380],"class_list":{"0":"post-375788","1":"post","2":"type-post","3":"status-publish","4":"format-standard","5":"has-post-thumbnail","7":"category-livres","8":"tag-books","9":"tag-divertissement","10":"tag-entertainment","11":"tag-fr","12":"tag-france","13":"tag-livres"},"share_on_mastodon":{"url":"https:\/\/pubeurope.com\/@fr\/115169931575401769","error":""},"_links":{"self":[{"href":"https:\/\/www.europesays.com\/fr\/wp-json\/wp\/v2\/posts\/375788","targetHints":{"allow":["GET"]}}],"collection":[{"href":"https:\/\/www.europesays.com\/fr\/wp-json\/wp\/v2\/posts"}],"about":[{"href":"https:\/\/www.europesays.com\/fr\/wp-json\/wp\/v2\/types\/post"}],"author":[{"embeddable":true,"href":"https:\/\/www.europesays.com\/fr\/wp-json\/wp\/v2\/users\/2"}],"replies":[{"embeddable":true,"href":"https:\/\/www.europesays.com\/fr\/wp-json\/wp\/v2\/comments?post=375788"}],"version-history":[{"count":0,"href":"https:\/\/www.europesays.com\/fr\/wp-json\/wp\/v2\/posts\/375788\/revisions"}],"wp:featuredmedia":[{"embeddable":true,"href":"https:\/\/www.europesays.com\/fr\/wp-json\/wp\/v2\/media\/375789"}],"wp:attachment":[{"href":"https:\/\/www.europesays.com\/fr\/wp-json\/wp\/v2\/media?parent=375788"}],"wp:term":[{"taxonomy":"category","embeddable":true,"href":"https:\/\/www.europesays.com\/fr\/wp-json\/wp\/v2\/categories?post=375788"},{"taxonomy":"post_tag","embeddable":true,"href":"https:\/\/www.europesays.com\/fr\/wp-json\/wp\/v2\/tags?post=375788"}],"curies":[{"name":"wp","href":"https:\/\/api.w.org\/{rel}","templated":true}]}}