{"id":375794,"date":"2025-09-08T17:49:25","date_gmt":"2025-09-08T17:49:25","guid":{"rendered":"https:\/\/www.europesays.com\/fr\/375794\/"},"modified":"2025-09-08T17:49:25","modified_gmt":"2025-09-08T17:49:25","slug":"plusieurs-films-cliffhanger-arrivent-pour-rebooter-la-saga-apparemment","status":"publish","type":"post","link":"https:\/\/www.europesays.com\/fr\/375794\/","title":{"rendered":"plusieurs films Cliffhanger arrivent pour rebooter la saga, apparemment"},"content":{"rendered":"<p><strong>Le remake du culte <a href=\"https:\/\/www.ecranlarge.com\/films\/1476477-cliffhanger-2\" data-type=\"films\" data-id=\"795881\" rel=\"nofollow noopener\" target=\"_blank\">Cliffhanger <\/a>avec <a href=\"https:\/\/www.ecranlarge.com\/personnalite\/654753-sylvester-stallone\" data-type=\"people\" data-id=\"962\" rel=\"nofollow noopener\" target=\"_blank\">Sylvester Stallone<\/a> est d\u00e9j\u00e0 en chantier, et Hollywood pr\u00e9voit d\u00e9j\u00e0 de lui fournir une suite (ou plusieurs ? Les voies du blockbuster sont imp\u00e9n\u00e9trables).<\/strong><\/p>\n<p><a href=\"https:\/\/www.ecranlarge.com\/personnalite\/656779-john-lithgow\" data-type=\"people\" data-id=\"8677\" rel=\"nofollow noopener\" target=\"_blank\">John Lithgow<\/a> et Sylvester Stallone escaladant des falaises vertigineuses dans les Montagnes Rocheuses, dans un joyeux blockbuster muscl\u00e9, c\u2019\u00e9tait tout le concept de <strong>Cliffhanger<\/strong>. Devenu un classique des ann\u00e9es 90, le film avait rapport\u00e9 255 millions de dollars dans le monde entier. Et m\u00eame si John Lithgow estime que <a href=\"https:\/\/www.ecranlarge.com\/films\/news\/role-ringard-stallone-cliffhanger-mechant-john-lithgow\" data-type=\"link\" data-id=\"https:\/\/www.ecranlarge.com\/films\/news\/role-ringard-stallone-cliffhanger-mechant-john-lithgow\" rel=\"nofollow noopener\" target=\"_blank\">son r\u00f4le dans <strong>Cliffhanger <\/strong>est \u00ab le plus ringard \u00bb de sa carri\u00e8re<\/a>, l\u2019aura du film reste intacte plus de trente ans plus tard. <\/p>\n<p>                    <img decoding=\"async\" alt=\"\" class=\"wp-image-518375\" style=\"object-fit:cover;width:25px;height:25px\" src=\"https:\/\/www.ecranlarge.com\/content\/uploads\/2023\/09\/arrow-right-circle.svg\"\/><\/p>\n<p>Et comme tout film avec un minimum de reconnaissance publique dans les ann\u00e9es 80\/90 finit par passer sous le scalpel impitoyable du reboot hollywoodien, <strong>Cliffhanger <\/strong>va aussi passer \u00e0 la moulinette. Derri\u00e8re la cam\u00e9ra, <a href=\"https:\/\/www.ecranlarge.com\/personnalite\/659884-jaume-collet-serra\" data-type=\"people\" data-id=\"311338\" rel=\"nofollow noopener\" target=\"_blank\">Jaume Collet-Serra<\/a> (<strong>Carry-On<\/strong>) a pris en main le projet apr\u00e8s un passage avort\u00e9 de <a href=\"https:\/\/www.ecranlarge.com\/personnalite\/718767-ric-roman-waugh\" data-type=\"people\" data-id=\"363736\" rel=\"nofollow noopener\" target=\"_blank\">Ric Roman Waugh<\/a>, tandis qu\u2019<a href=\"https:\/\/www.ecranlarge.com\/personnalite\/932456-ana-lily-amirpour\" data-type=\"people\" data-id=\"470009\" rel=\"nofollow noopener\" target=\"_blank\">Ana Lily Amirpour<\/a> signe le sc\u00e9nario. Portant le m\u00eame nom que son mod\u00e8le, le film sera men\u00e9 par <a href=\"https:\/\/www.ecranlarge.com\/personnalite\/654227-pierce-brosnan\" data-type=\"people\" data-id=\"306205\" rel=\"nofollow noopener\" target=\"_blank\">Pierce Brosnan <\/a>et <a href=\"https:\/\/www.ecranlarge.com\/personnalite\/779547-lily-james\" data-type=\"people\" data-id=\"417674\" rel=\"nofollow noopener\" target=\"_blank\">Lily James<\/a> \u2013 et ne cherchez plus <a href=\"https:\/\/www.ecranlarge.com\/films\/news\/cliffhanger-reboot-stallone-depart-remplace-pierce-brosnan\" data-type=\"link\" data-id=\"https:\/\/www.ecranlarge.com\/films\/news\/cliffhanger-reboot-stallone-depart-remplace-pierce-brosnan\" rel=\"nofollow noopener\" target=\"_blank\">Stallone, qui a abandonn\u00e9 le reboot de <strong>Cliffhanger<\/strong><\/a>. <strong>Et alors que le film est loin d\u2019\u00eatre sorti, un autre Cliffhanger est d\u00e9j\u00e0 en gestation\u2026 <\/strong><\/p>\n<p>Le Cliffhanger Extended Universe<\/p>\n<p>D\u2019apr\u00e8s les informations d\u00e9voil\u00e9es par <a href=\"https:\/\/deadline.com\/2025\/09\/cliffhanger-sequel-reboot-sylvester-stallone-classic-1236510228\/\" data-type=\"link\" data-id=\"https:\/\/deadline.com\/2025\/09\/cliffhanger-sequel-reboot-sylvester-stallone-classic-1236510228\/\" target=\"_blank\" rel=\"noopener nofollow\">Deadline<\/a>, <strong>une suite \u00e0 Cliffhanger est d\u2019ores et d\u00e9j\u00e0 \u00e0 l\u2019\u00e9tude. <\/strong>\u00c0 ce stade, impossible de savoir si le casting du reboot sera de retour pour ce nouveau film, ni m\u00eame si Jaume Collet-Serra sera de retour derri\u00e8re la cam\u00e9ra. La seule chose s\u00fbre et certaine est que Stallone ne sera pas non plus impliqu\u00e9 dans cette suite de reboot\/remake. <\/p>\n<p>C\u00f4t\u00e9 sc\u00e9nario, le nouveau <strong>Cliffhanger ne compte pas r\u00e9volutionner le blockbuster.<\/strong> Pierce Brosnan y chaussera les crampons de Ray Cooper, v\u00e9t\u00e9ran de l\u2019escalade sauvage et gestionnaire d\u2019un chalet de luxe perch\u00e9 dans les Dolomites. Lors d\u2019un week-end en apparence bucolique, organis\u00e9 avec le fils d\u2019un milliardaire, une bande de kidnappeurs d\u00e9barque et tout tourne \u00e0 la prise d\u2019otages. Sa fille Naomi (Lily James), toujours hant\u00e9e par un ancien accident d\u2019escalade, assiste \u00e0 l\u2019attaque avant de s\u2019\u00e9chapper in extremis. Et \u00e9videmment, elle devra affronter ses vieux d\u00e9mons et se battre pour sauver sa famille.<\/p>\n<p><a href=\"https:\/\/www.ecranlarge.com\/content\/uploads\/2025\/09\/image-18.png\" rel=\"nofollow noopener\" target=\"_blank\"><\/p>\n<p><img loading=\"lazy\" decoding=\"async\" alt=\"sylvester stallone cliffhanger\" src=\"https:\/\/www.europesays.com\/fr\/wp-content\/uploads\/2025\/09\/image-18-1260x709.png\" width=\"1260\" height=\"709\"  \/><\/p>\n<p><\/a>Sly dit non au reboot<\/p>\n<p>Lors d\u2019une interview accord\u00e9e \u00e0 Variety en d\u00e9cembre 2024, Jaume Collet-Serra avait d\u00e9crit le film comme un <strong>\u00ab\u202fDie Hard\u202f\u00bb<\/strong> version p\u00e8re-fille, et il se f\u00e9licitait d\u2019avoir pu tourner en d\u00e9cors naturels.<\/p>\n<blockquote class=\"wp-block-quote is-layout-flow wp-block-quote-is-layout-flow\">\n<p><strong>\u00ab Tourner notre film en d\u00e9cors naturels dans les Dolomites, avec des cam\u00e9ras grand format, \u00e9tait essentiel pour montrer toute l\u2019ampleur et l\u2019envergure de l\u2019histoire que nous racontons. Nous voulons offrir au public une exp\u00e9rience cin\u00e9matographique v\u00e9ritablement palpitante, visc\u00e9rale et de haute vol\u00e9e. <\/strong><\/p>\n<p><strong>Lily, en particulier, a d\u00e9pass\u00e9 toutes les attentes pour ce r\u00f4le : elle s\u2019est entra\u00een\u00e9e s\u00e9rieusement et a appris \u00e0 grimper. Son investissement nous a permis de capturer des plans incroyables qu\u2019aucun effet de studio n\u2019aurait pu rendre possibles, et toute l\u2019\u00e9quipe a \u00e9t\u00e9 impressionn\u00e9e par son engagement. \u00bb<\/strong><\/p>\n<\/blockquote>\n<p>Pour le moment, <strong>Cliffhanger n\u2019a aucune date de sortie officielle. <\/strong><\/p>\n","protected":false},"excerpt":{"rendered":"Le remake du culte Cliffhanger avec Sylvester Stallone est d\u00e9j\u00e0 en chantier, et Hollywood pr\u00e9voit d\u00e9j\u00e0 de lui&hellip;\n","protected":false},"author":2,"featured_media":375795,"comment_status":"","ping_status":"","sticky":false,"template":"","format":"standard","meta":{"footnotes":""},"categories":[1354],"tags":[58,59,1346,1011,27,1360],"class_list":{"0":"post-375794","1":"post","2":"type-post","3":"status-publish","4":"format-standard","5":"has-post-thumbnail","7":"category-films","8":"tag-divertissement","9":"tag-entertainment","10":"tag-films","11":"tag-fr","12":"tag-france","13":"tag-movies"},"share_on_mastodon":{"url":"https:\/\/pubeurope.com\/@fr\/115169942971437769","error":""},"_links":{"self":[{"href":"https:\/\/www.europesays.com\/fr\/wp-json\/wp\/v2\/posts\/375794","targetHints":{"allow":["GET"]}}],"collection":[{"href":"https:\/\/www.europesays.com\/fr\/wp-json\/wp\/v2\/posts"}],"about":[{"href":"https:\/\/www.europesays.com\/fr\/wp-json\/wp\/v2\/types\/post"}],"author":[{"embeddable":true,"href":"https:\/\/www.europesays.com\/fr\/wp-json\/wp\/v2\/users\/2"}],"replies":[{"embeddable":true,"href":"https:\/\/www.europesays.com\/fr\/wp-json\/wp\/v2\/comments?post=375794"}],"version-history":[{"count":0,"href":"https:\/\/www.europesays.com\/fr\/wp-json\/wp\/v2\/posts\/375794\/revisions"}],"wp:featuredmedia":[{"embeddable":true,"href":"https:\/\/www.europesays.com\/fr\/wp-json\/wp\/v2\/media\/375795"}],"wp:attachment":[{"href":"https:\/\/www.europesays.com\/fr\/wp-json\/wp\/v2\/media?parent=375794"}],"wp:term":[{"taxonomy":"category","embeddable":true,"href":"https:\/\/www.europesays.com\/fr\/wp-json\/wp\/v2\/categories?post=375794"},{"taxonomy":"post_tag","embeddable":true,"href":"https:\/\/www.europesays.com\/fr\/wp-json\/wp\/v2\/tags?post=375794"}],"curies":[{"name":"wp","href":"https:\/\/api.w.org\/{rel}","templated":true}]}}