{"id":375806,"date":"2025-09-08T17:55:11","date_gmt":"2025-09-08T17:55:11","guid":{"rendered":"https:\/\/www.europesays.com\/fr\/375806\/"},"modified":"2025-09-08T17:55:11","modified_gmt":"2025-09-08T17:55:11","slug":"west-point-annule-sa-ceremonie-en-lhonneur-de-tom-hanks-trump-applaudit","status":"publish","type":"post","link":"https:\/\/www.europesays.com\/fr\/375806\/","title":{"rendered":"West Point annule sa c\u00e9r\u00e9monie en l\u2019honneur de Tom Hanks, Trump applaudit"},"content":{"rendered":"<p>Une victoire pour <a href=\"https:\/\/www.20minutes.fr\/dossier\/donald_trump\" target=\"_blank\" class=\"c-link c-link--is-underlined\" rel=\"noopener\">Donald Trump<\/a>, une d\u00e9faite pour <a href=\"https:\/\/www.20minutes.fr\/dossier\/tom_hanks\" target=\"_blank\" class=\"c-link c-link--is-underlined\" rel=\"noopener\">Tom Hanks<\/a>. Le pr\u00e9sident am\u00e9ricain s\u2019est f\u00e9licit\u00e9 lundi de l\u2019annulation \u00e0 la prestigieuse \u00e9cole militaire de West Point d\u2019une c\u00e9r\u00e9monie de remise de prix en l\u2019honneur de l\u2019acteur.<\/p>\n<p>Deux fois oscaris\u00e9 pour ses r\u00f4les dans Philadelphia\u00a0et Forrest Gump au milieu des ann\u00e9es\u00a01990, premier r\u00f4le du film Il faut sauver le soldat Ryan, ou encore \u00e0 l\u2019origine de la s\u00e9rie Fr\u00e8res d\u2019armes\u00a0sur la <a href=\"https:\/\/www.20minutes.fr\/dossier\/seconde_guerre_mondiale\" target=\"_blank\" class=\"c-link c-link--is-underlined\" rel=\"noopener\">Seconde Guerre mondiale<\/a>, l\u2019acteur de 69 ans devait \u00eatre honor\u00e9 par l\u2019association des dipl\u00f4m\u00e9s de l\u2019\u00e9cole militaire \u00e0 la fin du mois.<\/p>\n<\/p>\n<p>Mais la c\u00e9r\u00e9monie initialement pr\u00e9vue le 25\u00a0septembre a \u00e9t\u00e9 annul\u00e9e, rapporte le Washington Post, courriel du pr\u00e9sident de l\u2019association des dipl\u00f4m\u00e9s \u00e0 l\u2019appui. Le message en question ne pr\u00e9cise pas si Tom Hanks recevra n\u00e9anmoins le prestigieux prix sans c\u00e9r\u00e9monie.<\/p>\n<p>Un laur\u00e9at trop \u00ab\u00a0woke\u00a0\u00bb\u00a0?<\/p>\n<p>\u00ab\u00a0Notre formidable West Point (toujours plus formidable\u00a0!) a judicieusement annul\u00e9 la c\u00e9r\u00e9monie de remise de prix pour l\u2019acteur Tom Hanks. D\u00e9cision importante\u00a0!\u00a0\u00bb, s\u2019est r\u00e9joui Donald Trump sur sa plateforme Truth Social, en attribuant cette d\u00e9cision directement \u00e0 l\u2019\u00e9cole militaire, et non \u00e0 son association d\u2019anciens \u00e9l\u00e8ves.<\/p>\n<p>\u00ab\u00a0Nous n\u2019avons pas besoin que des laur\u00e9ats <a href=\"https:\/\/www.20minutes.fr\/societe\/woke\/\" target=\"_blank\" class=\"c-link c-link--is-underlined\" rel=\"noopener\">WOKE<\/a> et destructeurs re\u00e7oivent nos pr\u00e9cieux prix am\u00e9ricains\u00a0\u00bb, a-t-il poursuivi, dans ce qui semble faire allusion aux sympathies d\u00e9mocrates de Tom Hanks.<\/p>\n<p><a href=\"https:\/\/www.20minutes.fr\/dossier\/donald_trump\" target=\"_blank\" class=\"c-link c-btn c-btn--primary\" rel=\"noopener\">Nos derniers articles sur Donald Trump<\/a><\/p>\n<p>Cette r\u00e9compense de l\u2019association des dipl\u00f4m\u00e9s de West Point (WPAOG), qui n\u2019a pas r\u00e9pondu dans l\u2019imm\u00e9diat \u00e0 l\u2019AFP, est d\u00e9cern\u00e9e \u00e0 \u00ab\u00a0un citoyen am\u00e9ricain remarquable dont le service et les accomplissements dans l\u2019int\u00e9r\u00eat national illustrent le d\u00e9vouement personnel aux id\u00e9aux exprim\u00e9s dans la devise de West Point\u00a0: \u00ab\u00a0Devoir, Honneur, Patrie\u00a0\u00bb\u00a0\u00bb.<\/p>\n<p>\u00ab\u00a0Une large partie des cinq d\u00e9cennies de carri\u00e8re de Tom Hanks refl\u00e8te son soutien aux anciens combattants, \u00e0 l\u2019arm\u00e9e et au programme spatial am\u00e9ricain\u00a0\u00bb, consid\u00e9rait-elle au moment de l\u2019annonce de son laur\u00e9at 2025.<\/p>\n","protected":false},"excerpt":{"rendered":"Une victoire pour Donald Trump, une d\u00e9faite pour Tom Hanks. Le pr\u00e9sident am\u00e9ricain s\u2019est f\u00e9licit\u00e9 lundi de l\u2019annulation&hellip;\n","protected":false},"author":2,"featured_media":375807,"comment_status":"","ping_status":"","sticky":false,"template":"","format":"standard","meta":{"footnotes":""},"categories":[5],"tags":[47,11,75,73,1011,27,14,74,12,935,2592,2744,2591,28],"class_list":{"0":"post-375806","1":"post","2":"type-post","3":"status-publish","4":"format-standard","5":"has-post-thumbnail","7":"category-international","8":"tag-actualite","9":"tag-actualites","10":"tag-donald-trump","11":"tag-etats-unis","12":"tag-fr","13":"tag-france","14":"tag-international","15":"tag-monde","16":"tag-news","17":"tag-seconde-guerre-mondiale","18":"tag-tom-hanks","19":"tag-washington","20":"tag-woke","21":"tag-world"},"share_on_mastodon":{"url":"https:\/\/pubeurope.com\/@fr\/115169966454195507","error":""},"_links":{"self":[{"href":"https:\/\/www.europesays.com\/fr\/wp-json\/wp\/v2\/posts\/375806","targetHints":{"allow":["GET"]}}],"collection":[{"href":"https:\/\/www.europesays.com\/fr\/wp-json\/wp\/v2\/posts"}],"about":[{"href":"https:\/\/www.europesays.com\/fr\/wp-json\/wp\/v2\/types\/post"}],"author":[{"embeddable":true,"href":"https:\/\/www.europesays.com\/fr\/wp-json\/wp\/v2\/users\/2"}],"replies":[{"embeddable":true,"href":"https:\/\/www.europesays.com\/fr\/wp-json\/wp\/v2\/comments?post=375806"}],"version-history":[{"count":0,"href":"https:\/\/www.europesays.com\/fr\/wp-json\/wp\/v2\/posts\/375806\/revisions"}],"wp:featuredmedia":[{"embeddable":true,"href":"https:\/\/www.europesays.com\/fr\/wp-json\/wp\/v2\/media\/375807"}],"wp:attachment":[{"href":"https:\/\/www.europesays.com\/fr\/wp-json\/wp\/v2\/media?parent=375806"}],"wp:term":[{"taxonomy":"category","embeddable":true,"href":"https:\/\/www.europesays.com\/fr\/wp-json\/wp\/v2\/categories?post=375806"},{"taxonomy":"post_tag","embeddable":true,"href":"https:\/\/www.europesays.com\/fr\/wp-json\/wp\/v2\/tags?post=375806"}],"curies":[{"name":"wp","href":"https:\/\/api.w.org\/{rel}","templated":true}]}}