{"id":375821,"date":"2025-09-08T18:04:15","date_gmt":"2025-09-08T18:04:15","guid":{"rendered":"https:\/\/www.europesays.com\/fr\/375821\/"},"modified":"2025-09-08T18:04:15","modified_gmt":"2025-09-08T18:04:15","slug":"elles-demandent-un-vol-to-nice-et-se-retrouvent-a-tunis","status":"publish","type":"post","link":"https:\/\/www.europesays.com\/fr\/375821\/","title":{"rendered":"Elles demandent un vol \u00ab\u00a0to Nice\u00a0\u00bb et se retrouvent\u2026 \u00e0 Tunis"},"content":{"rendered":"<p>L\u2019accent am\u00e9ricain n\u2019est visiblement pas compris par tout le monde. Et les cons\u00e9quences peuvent parfois \u00eatre aussi dr\u00f4les que surprenantes. Dans ce cas pr\u00e9cis, on penchera plut\u00f4t pour la tranche de rigolade. Sur TikTok, les vid\u00e9os d\u2019une utilisatrice qui se pr\u00e9sente sous le nom de Brittney Dzialo ont rencontr\u00e9 un immense succ\u00e8s, rapporte <a href=\"https:\/\/www.leparisien.fr\/faits-divers\/cest-ou-la-tunisie-elles-voulaient-aller-to-nice-deux-americaines-se-retrouvent-par-erreur-a-tunis-08-09-2025-J5RSZ4Q4ZFDGZCHZCZVR4SDEHE.php\" rel=\"nofollow noopener\" target=\"_blank\">Le Parisien<\/a>.<\/p>\n<p>En quelques jours, elle a cumul\u00e9 plusieurs dizaines de millions de vues. La premi\u00e8re vid\u00e9o, publi\u00e9e le 6\u00a0septembre, montre son amie sortir d\u2019un avion de Tunisair avec le commentaire\u00a0: <strong>\u00ab\u00a0Quand l\u2019employ\u00e9 de la compagnie a\u00e9rienne ne comprend pas que l\u2019on veut un vol pour Nice, en France, et que l\u2019on atterrit \u00e0 Tunis, en Tunisie.\u00a0\u00bb<\/strong><\/p>\n<p><strong>\u00ab\u00a0C\u2019est o\u00f9 Tunis\u00a0?\u00a0\u00bb<\/strong><\/p>\n<p>L\u2019histoire d\u00e9bute \u00e0 Rome, en Italie. Les deux jeunes Am\u00e9ricaines se rendent au guichet pour demander un vol <strong>\u00ab\u00a0to Nice\u00a0\u00bb<\/strong>. Leur interlocuteur ne comprend visiblement pas leur accent et leur d\u00e9livre des billets pour Tunis. Ce n\u2019est qu\u2019une fois dans l\u2019avion que les deux voyageuses d\u00e9couvrent qu\u2019elles s\u2019envolent pour l\u2019Afrique\u2026 et non pour la C\u00f4te d\u2019Azur.<\/p>\n<p><strong>Lire aussi\u00a0:<\/strong>\u00a0<a href=\"https:\/\/rennes.maville.com\/actu\/actudet_-video.-la-famille-s-approche-trop-pres-de-la-piste-2-enfants-emportes-par-le-souffle-d-un-avion-_53511-6964404_actu.Htm\" rel=\"- nofollow noopener\" target=\"_blank\">VID\u00c9O. La famille s\u2019approche trop pr\u00e8s de la piste\u00a0: 2\u00a0enfants emport\u00e9s par le souffle d\u2019un avion<\/a><\/p>\n<p><strong>\u00ab\u00a0C\u2019est o\u00f9 Tunis, c\u2019est o\u00f9 la Tunisie\u00a0?\u00a0\u00bb<\/strong> lancent-elles, avant le d\u00e9collage, en cherchant la destination sur leur t\u00e9l\u00e9phone. Plusieurs passagers jouent les \u00ab\u00a0guides touristiques\u00a0\u00bb et rient avec elles. <strong>\u00ab\u00a0J\u2019aurais pr\u00e9f\u00e9r\u00e9 que ce soit une blague\u00a0\u00bb<\/strong>, commente la jeune femme.<\/p>\n<blockquote class=\"tiktok-embed\" cite=\"https:\/\/www.tiktok.com\/@brittneydzialo_\/video\/7547316930995031309\" data-video-id=\"7547316930995031309\" style=\"max-width: 605px;min-width: 325px;\"><p> <a target=\"_blank\" title=\"@brittneydzialo_\" href=\"https:\/\/www.tiktok.com\/@brittneydzialo_?refer=embed\" rel=\"nofollow noopener\">@brittneydzialo_<\/a> <\/p>\n<p>jet2holiday <\/p>\n<p> <a target=\"_blank\" title=\"? original sound - Brittney Dzialo\" href=\"https:\/\/www.tiktok.com\/music\/original-sound-7547317205940177678?refer=embed\" rel=\"nofollow noopener\">? original sound &#8211; Brittney Dzialo<\/a> <\/p><\/blockquote>\n<p>Une fois arriv\u00e9es \u00e0 Tunis, elles publient une nouvelle vid\u00e9o les montrant dans un bureau, probablement en train de chercher une solution pour rejoindre Nice. <strong>\u00ab\u00a0Je ne dormirai pas tant qu\u2019on n\u2019arrivera pas \u00e0 Nice\u00a0\u00bb,<\/strong> glisse l\u2019une d\u2019elles.<\/p>\n<p>Les \u00ab\u00a0naufrag\u00e9es du ciel\u00a0\u00bb sont arriv\u00e9es \u00e0 Nice<\/p>\n<p>Les deux amies expliquent ensuite avoir demand\u00e9 \u00e0 ChatGPT de r\u00e9diger une lettre de plainte contre la compagnie, qu\u2019elles jugent fautive. Selon leurs derni\u00e8res vid\u00e9os, elles ont finalement pu embarquer en derni\u00e8re minute\u2026 \u00ab\u00a0to Nice\u00a0\u00bb. En attendant, les internautes qui suivent leur p\u00e9riple leur souhaitent avec humour \u00ab\u00a0a nice flight\u00a0\u00bb, \u00ab\u00a0un bon vol\u00a0\u00bb en fran\u00e7ais.<\/p>\n<blockquote class=\"tiktok-embed\" cite=\"https:\/\/www.tiktok.com\/@brittneydzialo_\/video\/7547590989754617101\" data-video-id=\"7547590989754617101\" style=\"max-width: 605px;min-width: 325px;\" wp_automatic_readability=\"2.0645161290323\"><p> <a target=\"_blank\" title=\"@brittneydzialo_\" href=\"https:\/\/www.tiktok.com\/@brittneydzialo_?refer=embed\" rel=\"nofollow noopener\">@brittneydzialo_<\/a> <\/p>\n<p>hours later and we are finally getting on the plane to Nice ??<\/p>\n<p> <a target=\"_blank\" title=\"? Carmina Burana - O Fortuna - Hugues Reiner\" href=\"https:\/\/www.tiktok.com\/music\/Carmina-Burana-O-Fortuna-5000000000306270891?refer=embed\" rel=\"nofollow noopener\">? Carmina Burana &#8211; O Fortuna &#8211; Hugues Reiner<\/a> <\/p><\/blockquote>\n<p>\u00a0<\/p>\n<p>\t\t<script async src=\"\/\/www.tiktok.com\/embed.js\"><\/script><\/p>\n","protected":false},"excerpt":{"rendered":"L\u2019accent am\u00e9ricain n\u2019est visiblement pas compris par tout le monde. Et les cons\u00e9quences peuvent parfois \u00eatre aussi dr\u00f4les&hellip;\n","protected":false},"author":2,"featured_media":375822,"comment_status":"","ping_status":"","sticky":false,"template":"","format":"standard","meta":{"footnotes":""},"categories":[9619],"tags":[1111,11,12435,1777,674,1011,27,12,2401,882,25,15973,50977,2310,50978,1175],"class_list":{"0":"post-375821","1":"post","2":"type-post","3":"status-publish","4":"format-standard","5":"has-post-thumbnail","7":"category-toulon","8":"tag-actu","9":"tag-actualites","10":"tag-demandent","11":"tag-eu","12":"tag-europe","13":"tag-fr","14":"tag-france","15":"tag-news","16":"tag-nice","17":"tag-provence-alpes-cote-dazur","18":"tag-republique-francaise","19":"tag-retrouvent","20":"tag-to","21":"tag-toulon","22":"tag-tunis","23":"tag-vol"},"share_on_mastodon":{"url":"https:\/\/pubeurope.com\/@fr\/115170001809484658","error":""},"_links":{"self":[{"href":"https:\/\/www.europesays.com\/fr\/wp-json\/wp\/v2\/posts\/375821","targetHints":{"allow":["GET"]}}],"collection":[{"href":"https:\/\/www.europesays.com\/fr\/wp-json\/wp\/v2\/posts"}],"about":[{"href":"https:\/\/www.europesays.com\/fr\/wp-json\/wp\/v2\/types\/post"}],"author":[{"embeddable":true,"href":"https:\/\/www.europesays.com\/fr\/wp-json\/wp\/v2\/users\/2"}],"replies":[{"embeddable":true,"href":"https:\/\/www.europesays.com\/fr\/wp-json\/wp\/v2\/comments?post=375821"}],"version-history":[{"count":0,"href":"https:\/\/www.europesays.com\/fr\/wp-json\/wp\/v2\/posts\/375821\/revisions"}],"wp:featuredmedia":[{"embeddable":true,"href":"https:\/\/www.europesays.com\/fr\/wp-json\/wp\/v2\/media\/375822"}],"wp:attachment":[{"href":"https:\/\/www.europesays.com\/fr\/wp-json\/wp\/v2\/media?parent=375821"}],"wp:term":[{"taxonomy":"category","embeddable":true,"href":"https:\/\/www.europesays.com\/fr\/wp-json\/wp\/v2\/categories?post=375821"},{"taxonomy":"post_tag","embeddable":true,"href":"https:\/\/www.europesays.com\/fr\/wp-json\/wp\/v2\/tags?post=375821"}],"curies":[{"name":"wp","href":"https:\/\/api.w.org\/{rel}","templated":true}]}}