{"id":375825,"date":"2025-09-08T18:06:13","date_gmt":"2025-09-08T18:06:13","guid":{"rendered":"https:\/\/www.europesays.com\/fr\/375825\/"},"modified":"2025-09-08T18:06:13","modified_gmt":"2025-09-08T18:06:13","slug":"limagination-au-pouvoir-sur-les-friches","status":"publish","type":"post","link":"https:\/\/www.europesays.com\/fr\/375825\/","title":{"rendered":"l\u2019imagination au pouvoir sur les friches"},"content":{"rendered":"<p class=\"c-paragraph\">On dirait le Sud, chantait Nino Ferrer. La ZAC Montpellier Sud (ex-ZAC de la Restanque) rend hommage \u00e0 l\u2019artiste avec un parc de 7 000 m\u00b2 baptis\u00e9 de son nom. Am\u00e9nag\u00e9 sur l\u2019ex-concession Citro\u00ebn, il sera inaugur\u00e9 en septembre.<\/p>\n<p class=\"c-paragraph\">Sur les 123 ha d\u2019ancienne zone logistique, le plan-guide d\u2019In Situ (mandataire) privil\u00e9gie mobilit\u00e9s douces, r\u00e9seau de chaleur et trame verte et bleue anim\u00e9e par un ruisseau renatur\u00e9. En attendant la sortie, d\u2019ici 2040, de 7 500 logements, de 150 000 m2 de locaux tertiaires, d\u2019une caserne des pompiers et de la Cit\u00e9 de l\u2019alimentation, la Ville de Montpellier et Alt\u00e9med, am\u00e9nageur de la ZAC, confient temporairement certaines friches \u00e0 des associations via les \u00ab Permis d\u2019imaginer \u00bb. \u00ab Depuis 2022, ce dispositif nous permet d\u2019activer des bouts de ville sans attendre dix ans \u00bb, r\u00e9sume C\u00e9dric Grail, directeur g\u00e9n\u00e9ral d\u2019Alt\u00e9med. Deux tiers-lieux ont ainsi ouvert en juin : \u00ab Restanque \u00bb, initi\u00e9 par LineUP dans un ancien hangar de 1 500 m\u00b2 (500 000 \u20ac de travaux contre un bail \u00e0 construction de cinquante ans), et la \u00ab Montpellier Base Artistique \u00bb, install\u00e9e dans un ex-supermarch\u00e9. Un p\u00f4le m\u00e9dia suivra en novembre.<\/p>\n<p class=\"c-paragraph\"><b>Une plateforme pour le r\u00e9emploi<\/b>. Pionni\u00e8re du dispositif, la Fabrique du r\u00e9emploi a investi l\u2019ex-site Opel d\u00e8s 2024, proposant une plateforme de 4 200 m\u00b2. \u00ab Nous couvrons toute la cha\u00eene pour les pros du b\u00e2timent et les particuliers, depuis le diagnostic jusqu\u2019\u00e0 la revente. Nos \u00e9quipes interviennent sur chantier pour d\u00e9monter proprement les mat\u00e9riaux r\u00e9employables. Nous organisons aussi des workshops, des formations et bient\u00f4t des ateliers grand public \u00bb, r\u00e9sume son cofondateur Yves-Alain Li\u00e9nard. En 2024, 200 \u00e0 300 t de mat\u00e9riaux ont \u00e9t\u00e9 collect\u00e9es, et un tiers a \u00e9t\u00e9 revendu, pour un chiffre d\u2019affaires en hausse de 180 000 \u20ac.<\/p>\n<p class=\"c-paragraph\">\u00ab Le Permis d\u2019imaginer a rendu possible un projet pens\u00e9 d\u00e8s 2019, longtemps frein\u00e9 par un foncier inaccessible et l\u2019incertitude du mod\u00e8le \u00e9conomique \u00bb, souligne Yves-Alain Li\u00e9nard. La structure esp\u00e8re voir son bail prolong\u00e9 au-del\u00e0 de 2027 et consolider ainsi son activit\u00e9. Elle collabore aussi avec d\u2019autres plateformes r\u00e9gionales afin de mutualiser les ressources et limiter les transports.<\/p>\n","protected":false},"excerpt":{"rendered":"On dirait le Sud, chantait Nino Ferrer. La ZAC Montpellier Sud (ex-ZAC de la Restanque) rend hommage \u00e0&hellip;\n","protected":false},"author":2,"featured_media":375826,"comment_status":"","ping_status":"","sticky":false,"template":"","format":"standard","meta":{"footnotes":""},"categories":[9599],"tags":[1111,11,1350,1777,674,1011,27,7089,50101,50100,2208,12,2680,50979,19469,8088,25,23499,24276],"class_list":{"0":"post-375825","1":"post","2":"type-post","3":"status-publish","4":"format-standard","5":"has-post-thumbnail","7":"category-montpellier","8":"tag-actu","9":"tag-actualites","10":"tag-architecture","11":"tag-eu","12":"tag-europe","13":"tag-fr","14":"tag-france","15":"tag-herault","16":"tag-magazines-le-moniteur","17":"tag-mes-magazines","18":"tag-montpellier","19":"tag-news","20":"tag-occitanie","21":"tag-produits-et-materiels","22":"tag-realisations","23":"tag-reglementation","24":"tag-republique-francaise","25":"tag-reseau-de-chaleur","26":"tag-zac"},"share_on_mastodon":{"url":"https:\/\/pubeurope.com\/@fr\/115170009645793665","error":""},"_links":{"self":[{"href":"https:\/\/www.europesays.com\/fr\/wp-json\/wp\/v2\/posts\/375825","targetHints":{"allow":["GET"]}}],"collection":[{"href":"https:\/\/www.europesays.com\/fr\/wp-json\/wp\/v2\/posts"}],"about":[{"href":"https:\/\/www.europesays.com\/fr\/wp-json\/wp\/v2\/types\/post"}],"author":[{"embeddable":true,"href":"https:\/\/www.europesays.com\/fr\/wp-json\/wp\/v2\/users\/2"}],"replies":[{"embeddable":true,"href":"https:\/\/www.europesays.com\/fr\/wp-json\/wp\/v2\/comments?post=375825"}],"version-history":[{"count":0,"href":"https:\/\/www.europesays.com\/fr\/wp-json\/wp\/v2\/posts\/375825\/revisions"}],"wp:featuredmedia":[{"embeddable":true,"href":"https:\/\/www.europesays.com\/fr\/wp-json\/wp\/v2\/media\/375826"}],"wp:attachment":[{"href":"https:\/\/www.europesays.com\/fr\/wp-json\/wp\/v2\/media?parent=375825"}],"wp:term":[{"taxonomy":"category","embeddable":true,"href":"https:\/\/www.europesays.com\/fr\/wp-json\/wp\/v2\/categories?post=375825"},{"taxonomy":"post_tag","embeddable":true,"href":"https:\/\/www.europesays.com\/fr\/wp-json\/wp\/v2\/tags?post=375825"}],"curies":[{"name":"wp","href":"https:\/\/api.w.org\/{rel}","templated":true}]}}