{"id":375841,"date":"2025-09-08T18:14:12","date_gmt":"2025-09-08T18:14:12","guid":{"rendered":"https:\/\/www.europesays.com\/fr\/375841\/"},"modified":"2025-09-08T18:14:12","modified_gmt":"2025-09-08T18:14:12","slug":"horaires-et-frequences-modifies-a-la-cts","status":"publish","type":"post","link":"https:\/\/www.europesays.com\/fr\/375841\/","title":{"rendered":"horaires et fr\u00e9quences modifi\u00e9s \u00e0 la CTS"},"content":{"rendered":"<p>En raison d\u2019un pr\u00e9avis de gr\u00e8ve, le fonctionnement de certaines lignes du r\u00e9seau CTS sera perturb\u00e9 ce mercredi 10 septembre 2025.<strong><br \/><\/strong><\/p>\n<p>Le pr\u00e9avis de gr\u00e8ve d\u00e9pos\u00e9 est reconductible du mercredi 10 au jeudi 18 septembre 2025 inclus.<\/p>\n<p><strong>Les pr\u00e9visions de trafic pour mercredi 10 septembre sont les suivantes\u00a0:<\/strong>\u00a0\u00a0\u00a0<\/p>\n<p><strong>SERVICES TRAM ASSUR\u00c9S DE 5H A 22H : HORAIRES ET FR\u00c9QUENCES\u00a0<strong>MODIFI\u00c9S<\/strong><\/strong><\/p>\n<ul>\n<li>Les lignes de\u00a0<strong>tram A, B, C et D<\/strong>\u00a0circuleront toutes les 14 \u00e0 16 minutes environ.<\/li>\n<li>Les lignes de\u00a0<strong>tram E et F\u00a0<\/strong>circuleront toutes les 20 \u00e0 30 minutes environ.<\/li>\n<\/ul>\n<p><strong>SERVICES BUS ASSUR\u00c9S NORMALEMENT TOUTE LA JOURN\u00c9E : HORAIRES ET FR\u00c9QUENCES HABITUELS<\/strong>\u00a0<\/p>\n<p>Les lignes de\u00a0bus\u00a012, 18, 22,\u00a031, 41, 42, 43, 44, 45, 57, 60, 62, 63, 64, 67, 71, 72, 73, 74, 75 et 76\u00a0circuleront normalement.<\/p>\n<p>Les\u00a0services Flex\u2019hop, Mobistrass, Taxibus ainsi que les circuits scolaires circulant habituellement le mercredi\u00a0seront assur\u00e9s normalement.<\/p>\n<p><strong>SERVICES BUS ASSUR\u00c9S\u00a0DE 6H A 20H UNIQUEMENT\u00a0: HORAIRES ET FR\u00c9QUENCES MODIFI\u00c9S<\/strong><\/p>\n<ul>\n<li>La ligne de\u00a0<strong>bus G<\/strong>\u00a0circulera toutes les 10 \u00e0 14 minutes environ.<\/li>\n<\/ul>\n<ul>\n<li>La ligne de\u00a0<strong>bus H<\/strong>\u00a0circulera toutes les\u00a010 \u00e0 15 minutes environ.\u00a0<\/li>\n<\/ul>\n<ul>\n<li>La ligne de\u00a0<strong>bus C1<\/strong>\u00a0circulera toutes les 11 \u00e0 15 minutes environ.<\/li>\n<\/ul>\n<ul>\n<li>La ligne de\u00a0<strong>bus C3<\/strong>\u00a0circulera toutes les 12 \u00e0 15 minutes environ.\u00a0<\/li>\n<\/ul>\n<ul>\n<li>La ligne de\u00a0<strong>bus C6<\/strong>\u00a0circulera toutes les 12 \u00e0 15 minutes environ.<\/li>\n<\/ul>\n<ul>\n<li>La ligne de\u00a0<strong>bus C7<\/strong>\u00a0circulera toutes les 15 minutes environ de Baggersee \u00e0 Neuhof Lucie-Aubrac, desserte du Port Autonome Sud toutes les 30 minutes environ.<\/li>\n<\/ul>\n<ul>\n<li>La ligne de\u00a0<strong>bus C8<\/strong>\u00a0circulera toutes les 12 \u00e0 15 minutes environ.<\/li>\n<\/ul>\n<ul>\n<li>La ligne de\u00a0<strong>bus C9<\/strong>\u00a0circulera toutes les\u00a012 \u00e0 15 minutes environ entre Les Halles et Fort Desaix. Desserte de Hoenheim Gare et de Vendenheim Gare toutes les 25 \u00e0 30 mn environ.<\/li>\n<\/ul>\n<ul>\n<li>La ligne de\u00a0<strong>bus 2\u00a0<\/strong>circulera toutes les 13 \u00e0 21 minutes environ entre Jardin des Deux Rives et Gare Centrale, desserte d&rsquo;Elmerforst toutes les 26 \u00e0 42 minutes.\u00a0<\/li>\n<\/ul>\n<ul>\n<li>La ligne de\u00a0<strong>bus 4\/4a<\/strong>\u00a0circulera toutes les 15 \u00e0 20 minutes environ entre Comtes et Virgile\/Bosco. Desserte de Wolfisheim Stade et Poteries toutes les 30 \u00e0 40 minutes environ.<\/li>\n<\/ul>\n<ul>\n<li>La ligne de\u00a0<strong>bus 10<\/strong>\u00a0circulera toutes les 20 minutes environ uniquement dans le sens\u00a0Gare Centrale -&gt; Gallia -&gt; Mus\u00e9e d&rsquo;Art Moderne-&gt; Gare Centrale.<\/li>\n<\/ul>\n<ul>\n<li>La ligne de\u00a0<strong>bus 13<\/strong>\u00a0circulera toutes les 25 minutes environ.<\/li>\n<\/ul>\n<ul>\n<li>Les ligne de\u00a0<strong>bus 17 et 19<\/strong>\u00a0circuleront toutes les\u00a025 minutes environ.<\/li>\n<\/ul>\n<ul>\n<li>La ligne de\u00a0<strong>bus 30<\/strong>\u00a0circulera toutes les 25 \u00e0 32 minutes environ entre Amp\u00e8re et Robertsau Chasseurs.<\/li>\n<\/ul>\n<ul>\n<li>La ligne de\u00a0<strong>bus 40<\/strong>\u00a0circulera toutes les 27 minutes environ.<\/li>\n<\/ul>\n<ul>\n<li>La ligne de\u00a0<strong>bus 50<\/strong>\u00a0circulera toutes les 28 minutes environ.<\/li>\n<\/ul>\n<ul>\n<li>La ligne de\u00a0<strong>bus 70<\/strong>\u00a0circulera toutes les\u00a030 minutes environ. Eckbolsheim Parc d&rsquo;Activit\u00e9s non desservi.\u00a0<\/li>\n<\/ul>\n<p><strong>SERVICES BUS NON ASSUR\u00c9S TOUTE LA JOURN\u00c9E<\/strong><\/p>\n<ul>\n<li>Les lignes de\u00a0<strong>bus 15 et 29<\/strong>\u00a0ne circuleront pas.<\/li>\n<\/ul>\n<p><strong>Jour de gr\u00e8ve : <\/strong>All\u00f4 CTS joignable de 7h30 \u00e0 17h et Agence Commerciale ouverte exceptionnellement jusqu&rsquo;\u00e0 14h.<\/p>\n","protected":false},"excerpt":{"rendered":"En raison d\u2019un pr\u00e9avis de gr\u00e8ve, le fonctionnement de certaines lignes du r\u00e9seau CTS sera perturb\u00e9 ce mercredi&hellip;\n","protected":false},"author":2,"featured_media":375842,"comment_status":"","ping_status":"","sticky":false,"template":"","format":"standard","meta":{"footnotes":""},"categories":[2820],"tags":[1111,11,2649,2880,1777,674,107,1011,27,775,12,25,801,640,2803],"class_list":{"0":"post-375841","1":"post","2":"type-post","3":"status-publish","4":"format-standard","5":"has-post-thumbnail","7":"category-strasbourg","8":"tag-actu","9":"tag-actualites","10":"tag-bas-rhin","11":"tag-edition-strasbourg","12":"tag-eu","13":"tag-europe","14":"tag-fil-info","15":"tag-fr","16":"tag-france","17":"tag-grand-est","18":"tag-news","19":"tag-republique-francaise","20":"tag-social","21":"tag-strasbourg","22":"tag-transport"},"share_on_mastodon":{"url":"https:\/\/pubeurope.com\/@fr\/115170041098780444","error":""},"_links":{"self":[{"href":"https:\/\/www.europesays.com\/fr\/wp-json\/wp\/v2\/posts\/375841","targetHints":{"allow":["GET"]}}],"collection":[{"href":"https:\/\/www.europesays.com\/fr\/wp-json\/wp\/v2\/posts"}],"about":[{"href":"https:\/\/www.europesays.com\/fr\/wp-json\/wp\/v2\/types\/post"}],"author":[{"embeddable":true,"href":"https:\/\/www.europesays.com\/fr\/wp-json\/wp\/v2\/users\/2"}],"replies":[{"embeddable":true,"href":"https:\/\/www.europesays.com\/fr\/wp-json\/wp\/v2\/comments?post=375841"}],"version-history":[{"count":0,"href":"https:\/\/www.europesays.com\/fr\/wp-json\/wp\/v2\/posts\/375841\/revisions"}],"wp:featuredmedia":[{"embeddable":true,"href":"https:\/\/www.europesays.com\/fr\/wp-json\/wp\/v2\/media\/375842"}],"wp:attachment":[{"href":"https:\/\/www.europesays.com\/fr\/wp-json\/wp\/v2\/media?parent=375841"}],"wp:term":[{"taxonomy":"category","embeddable":true,"href":"https:\/\/www.europesays.com\/fr\/wp-json\/wp\/v2\/categories?post=375841"},{"taxonomy":"post_tag","embeddable":true,"href":"https:\/\/www.europesays.com\/fr\/wp-json\/wp\/v2\/tags?post=375841"}],"curies":[{"name":"wp","href":"https:\/\/api.w.org\/{rel}","templated":true}]}}