{"id":375843,"date":"2025-09-08T18:15:11","date_gmt":"2025-09-08T18:15:11","guid":{"rendered":"https:\/\/www.europesays.com\/fr\/375843\/"},"modified":"2025-09-08T18:15:11","modified_gmt":"2025-09-08T18:15:11","slug":"la-prefecture-des-alpes-maritimes-demande-a-la-justice-de-faire-expulser-4-plages-privees-a-menton","status":"publish","type":"post","link":"https:\/\/www.europesays.com\/fr\/375843\/","title":{"rendered":"La pr\u00e9fecture des Alpes-Maritimes demande \u00e0 la justice de faire expulser 4 plages priv\u00e9es \u00e0 Menton"},"content":{"rendered":"<p>La pr\u00e9fecture des Alpes-Maritimes a d\u00e9pos\u00e9, le 29 ao\u00fbt, une requ\u00eate en r\u00e9f\u00e9r\u00e9 aupr\u00e8s du tribunal administratif de Nice. La proc\u00e9dure vise \u00e0 expulser les quatre plagistes dont les sous-trait\u00e9s d\u2019exploitation ont \u00e9t\u00e9 annul\u00e9s en f\u00e9vrier dernier et qui occupent depuis, \u00ab\u00a0sans droit ni titre\u00a0\u00bb, le domaine public maritime.<\/p>\n<p>En effet, La French Plage, Calabro Beach Club, Caesar Plage et La Pergola auraient d\u00fb d\u00e9monter leurs structures \u00ab\u00a0imp\u00e9rativement\u00a0\u00bb avant le 16 mai. Impossible avaient d\u00e9clar\u00e9 les protagonistes \u00e0 Nice-Matin, expliquant que les entreprises sp\u00e9cialis\u00e9es ne pouvaient pas intervenir avant la fin de la saison en septembre.<\/p>\n<p>Les pergolas sont donc rest\u00e9es tout l\u2019\u00e9t\u00e9. Le 29 juillet, la direction d\u00e9partementale des territoires et de la mer (DDTM 06) leur laissait quinze jours pour rentrer dans les clous. Mais voyant que les structures \u00e9taient toujours l\u00e0 au 22 ao\u00fbt, les services de l\u2019\u00c9tat ont entam\u00e9 une nouvelle proc\u00e9dure \u00e0 leur encontre, comme l\u2019ont r\u00e9v\u00e9l\u00e9 nos confr\u00e8res de France 3 ce lundi.<\/p>\n<p>Dans leurs conclusions, qu\u2019a pu consulter Nice-Matin, ils enjoignent les plagistes \u00e0 un d\u00e9montage imm\u00e9diat assorti d\u2019une \u00ab\u00a0mesure d\u2019astreinte journali\u00e8re au moins \u00e9gale \u00e0 2000 euros\u00a0\u00bb. Plusieurs plagistes ont commenc\u00e9 \u00e0 d\u00e9barrasser le plancher d\u00e8s ce week-end. Le d\u00e9montage des structures aura lieu mercredi ou jeudi, selon nos informations, pour un co\u00fbt estim\u00e9 \u00e0 \u00ab\u00a030.000 euros\u00a0\u00bb.<\/p>\n<p>L\u2019audience du r\u00e9f\u00e9r\u00e9 se tiendra le 16 septembre. Soit quelques jours avant le jugement sur le fond concernant les \u00ab\u00a0irr\u00e9gularit\u00e9s\u00a0\u00bb de la proc\u00e9dure d\u2019attribution des d\u00e9l\u00e9gations de service public, pr\u00e9vu le 30 septembre.<\/p>\n","protected":false},"excerpt":{"rendered":"La pr\u00e9fecture des Alpes-Maritimes a d\u00e9pos\u00e9, le 29 ao\u00fbt, une requ\u00eate en r\u00e9f\u00e9r\u00e9 aupr\u00e8s du tribunal administratif de&hellip;\n","protected":false},"author":2,"featured_media":375844,"comment_status":"","ping_status":"","sticky":false,"template":"","format":"standard","meta":{"footnotes":""},"categories":[2819],"tags":[1111,11,1777,674,1011,27,303,12,2401,882,25],"class_list":{"0":"post-375843","1":"post","2":"type-post","3":"status-publish","4":"format-standard","5":"has-post-thumbnail","7":"category-nice","8":"tag-actu","9":"tag-actualites","10":"tag-eu","11":"tag-europe","12":"tag-fr","13":"tag-france","14":"tag-justice","15":"tag-news","16":"tag-nice","17":"tag-provence-alpes-cote-dazur","18":"tag-republique-francaise"},"share_on_mastodon":{"url":"https:\/\/pubeurope.com\/@fr\/115170045129810394","error":""},"_links":{"self":[{"href":"https:\/\/www.europesays.com\/fr\/wp-json\/wp\/v2\/posts\/375843","targetHints":{"allow":["GET"]}}],"collection":[{"href":"https:\/\/www.europesays.com\/fr\/wp-json\/wp\/v2\/posts"}],"about":[{"href":"https:\/\/www.europesays.com\/fr\/wp-json\/wp\/v2\/types\/post"}],"author":[{"embeddable":true,"href":"https:\/\/www.europesays.com\/fr\/wp-json\/wp\/v2\/users\/2"}],"replies":[{"embeddable":true,"href":"https:\/\/www.europesays.com\/fr\/wp-json\/wp\/v2\/comments?post=375843"}],"version-history":[{"count":0,"href":"https:\/\/www.europesays.com\/fr\/wp-json\/wp\/v2\/posts\/375843\/revisions"}],"wp:featuredmedia":[{"embeddable":true,"href":"https:\/\/www.europesays.com\/fr\/wp-json\/wp\/v2\/media\/375844"}],"wp:attachment":[{"href":"https:\/\/www.europesays.com\/fr\/wp-json\/wp\/v2\/media?parent=375843"}],"wp:term":[{"taxonomy":"category","embeddable":true,"href":"https:\/\/www.europesays.com\/fr\/wp-json\/wp\/v2\/categories?post=375843"},{"taxonomy":"post_tag","embeddable":true,"href":"https:\/\/www.europesays.com\/fr\/wp-json\/wp\/v2\/tags?post=375843"}],"curies":[{"name":"wp","href":"https:\/\/api.w.org\/{rel}","templated":true}]}}