{"id":375857,"date":"2025-09-08T18:22:11","date_gmt":"2025-09-08T18:22:11","guid":{"rendered":"https:\/\/www.europesays.com\/fr\/375857\/"},"modified":"2025-09-08T18:22:11","modified_gmt":"2025-09-08T18:22:11","slug":"plusieurs-lignes-impactees-a-toulouse","status":"publish","type":"post","link":"https:\/\/www.europesays.com\/fr\/375857\/","title":{"rendered":"plusieurs lignes impact\u00e9es \u00e0 Toulouse"},"content":{"rendered":"<p>            Par<br \/>\n        <strong><br \/>\n            <a href=\"https:\/\/actu.fr\/auteur\/mareva-laville-actu-fr\" title=\"Consulter tous les articles de Mar\u00e9va Laville\" rel=\"nofollow noopener\" target=\"_blank\">Mar\u00e9va Laville<\/a><br \/>\n        <\/strong><\/p>\n<p>        Publi\u00e9 le<\/p>\n<p>            8 sept. 2025 \u00e0 19h28        <\/p>\n<p>40. C\u2019est environ le nombre de <strong>bus<\/strong> appartenant \u00e0 <a href=\"https:\/\/actu.fr\/tag\/tisseo\" rel=\"nofollow noopener\" target=\"_blank\"><strong>Tiss\u00e9o<\/strong><\/a>, cibl\u00e9s par des <strong>d\u00e9gradations volontaires<\/strong> dans la nuit du dimanche\u00a07 au lundi 8\u00a0septembre 2025 \u00e0 Colomiers, pr\u00e8s de <a href=\"http:\/\/www.actu.fr\/toulouse\" rel=\"nofollow noopener\" target=\"_blank\">Toulouse<\/a>, \u00ab\u2009suite \u00e0 une intrusion dans nos locaux\u2009\u00bb, pr\u00e9cise le r\u00e9seau de transports en commun.<\/p>\n<p>    <a href=\"https:\/\/www.google.com\/maps\/embed?pb=!1m18!1m12!1m3!1d3115.266366261457!2d1.3583972119788952!3d43.59566292098445!2m3!1f0!2f0!3f0!3m2!1i1024!2i768!4f13.1!3m3!1m2!1s0x12aeb07eac656895%3A0x8fa19068f12a861a!2sSite%20Tiss%C3%A9o%20-%20Colomiers%20(d%C3%A9pot%20bus)%2C%2031770%20Colomiers!5e1!3m2!1sfr!2sfr!4v1757351852566!5m2!1sfr!2sfr\" title=\"Ouvrie le lien\" rel=\"nofollow noopener\" target=\"_blank\">Cliquez ici pour visualiser le contenu<\/a><\/p>\n<p class=\" wall-content\">\u00ab\u2009Des <strong>\u00e9quipements essentiels<\/strong> au bon fonctionnement des bus\u2009\u00bb ont \u00e9t\u00e9 volontairement touch\u00e9s, indique Tiss\u00e9o dans un communiqu\u00e9 adress\u00e9 \u00e0 Actu Toulouse.<\/p>\n<p>Deux lignes de bus inactives, d\u2019autres perturb\u00e9es<\/p>\n<p class=\" wall-content\">Au total<strong>, 40 bus ont d\u00fb \u00eatre immobilis\u00e9s<\/strong> en ce d\u00e9but de semaine, perturbant d\u00e8s lors le bon fonctionnement des lignes 18, 48, 63, 67 et 87 tout au long de la journ\u00e9e. Les <strong>lignes 45 (Borderouge \u2013 L\u2019Union Malbou) et 70 (Jeanne d\u2019Arc-Aeroconstellation)<\/strong>, quant \u00e0 elles, ont tout bonnement \u00e9t\u00e9 <b>suspendues <\/b>ce lundi 8 septembre, \u00a0\u00bb etreprendront progressivement d\u2019ici ce soir\u00a0\u00bb, assure Tiss\u00e9o.<\/p>\n<p class=\" wall-content\">En revanche, les lignes 45, 63 (Tournefeuille \u2013 Compans Caffarelli) et 70, \u00ab\u2009subissent encore quelques perturbations\u2009\u00bb en cette fin de journ\u00e9e. \u00ab\u2009Nous \u0153uvrons rapidement pour r\u00e9tablir progressivement l\u2019ensemble des lignes impact\u00e9es <strong>d\u2019ici jeudi 11 septembre 2025\u2009\u00bb,\u00a0<\/strong>a d\u00e9clar\u00e9 Tiss\u00e9o.<\/p>\n<p>Vid\u00e9os : en ce moment sur Actu400\u2009000\u00a0euros de pr\u00e9judice (au moins)<\/p>\n<p class=\" wall-content\">Une <strong>plainte<\/strong> a \u00e9t\u00e9 d\u00e9pos\u00e9e et une enqu\u00eate ouverte. Tiss\u00e9o chiffre le pr\u00e9judice \u00e0 pr\u00e8s de 4<strong>00\u2009000\u00a0euros<\/strong> pour \u00ab\u2009le co\u00fbt de remplacement des composants uniquement, sans le co\u00fbt de la main d\u2019\u0153uvre et de la perte d\u2019exploitation\u2009\u00bb.<\/p>\n<p class=\" wall-content\">Le r\u00e9seau de transports en commun condamne \u00ab\u2009fermement cet acte malveillance\u2009\u00bb.<\/p>\n<p class=\" wall-content\">Personnalisez votre actualit\u00e9 en ajoutant vos villes et m\u00e9dias en favori avec <a href=\"https:\/\/moncompte.actu.fr\" title=\"D\u00e9couvez Mon Actu\" rel=\"nofollow noopener\" data-trk=\"{&quot;cta&quot;:{&quot;action&quot;:&quot;https:\\\/\\\/moncompte.actu.fr&quot;,&quot;category&quot;:&quot;mon compte&quot;,&quot;from&quot;:&quot;article footer&quot;,&quot;name&quot;:&quot;Mon actu&quot;,&quot;type&quot;:&quot;cta&quot;}}\" target=\"_blank\">Mon Actu<\/a>.<\/p>\n","protected":false},"excerpt":{"rendered":"Par Mar\u00e9va Laville Publi\u00e9 le 8 sept. 2025 \u00e0 19h28 40. C\u2019est environ le nombre de bus appartenant&hellip;\n","protected":false},"author":2,"featured_media":375858,"comment_status":"","ping_status":"","sticky":false,"template":"","format":"standard","meta":{"footnotes":""},"categories":[2816],"tags":[1111,11,1777,674,118,1011,27,12,2680,25,5400,2312],"class_list":{"0":"post-375857","1":"post","2":"type-post","3":"status-publish","4":"format-standard","5":"has-post-thumbnail","7":"category-toulouse","8":"tag-actu","9":"tag-actualites","10":"tag-eu","11":"tag-europe","12":"tag-faits-divers","13":"tag-fr","14":"tag-france","15":"tag-news","16":"tag-occitanie","17":"tag-republique-francaise","18":"tag-tisseo","19":"tag-toulouse"},"share_on_mastodon":{"url":"https:\/\/pubeurope.com\/@fr\/115170072653057775","error":""},"_links":{"self":[{"href":"https:\/\/www.europesays.com\/fr\/wp-json\/wp\/v2\/posts\/375857","targetHints":{"allow":["GET"]}}],"collection":[{"href":"https:\/\/www.europesays.com\/fr\/wp-json\/wp\/v2\/posts"}],"about":[{"href":"https:\/\/www.europesays.com\/fr\/wp-json\/wp\/v2\/types\/post"}],"author":[{"embeddable":true,"href":"https:\/\/www.europesays.com\/fr\/wp-json\/wp\/v2\/users\/2"}],"replies":[{"embeddable":true,"href":"https:\/\/www.europesays.com\/fr\/wp-json\/wp\/v2\/comments?post=375857"}],"version-history":[{"count":0,"href":"https:\/\/www.europesays.com\/fr\/wp-json\/wp\/v2\/posts\/375857\/revisions"}],"wp:featuredmedia":[{"embeddable":true,"href":"https:\/\/www.europesays.com\/fr\/wp-json\/wp\/v2\/media\/375858"}],"wp:attachment":[{"href":"https:\/\/www.europesays.com\/fr\/wp-json\/wp\/v2\/media?parent=375857"}],"wp:term":[{"taxonomy":"category","embeddable":true,"href":"https:\/\/www.europesays.com\/fr\/wp-json\/wp\/v2\/categories?post=375857"},{"taxonomy":"post_tag","embeddable":true,"href":"https:\/\/www.europesays.com\/fr\/wp-json\/wp\/v2\/tags?post=375857"}],"curies":[{"name":"wp","href":"https:\/\/api.w.org\/{rel}","templated":true}]}}