{"id":375859,"date":"2025-09-08T18:23:21","date_gmt":"2025-09-08T18:23:21","guid":{"rendered":"https:\/\/www.europesays.com\/fr\/375859\/"},"modified":"2025-09-08T18:23:21","modified_gmt":"2025-09-08T18:23:21","slug":"trophees-rev3-du-batiment-durable-2025-huit-projets-exemplaires-recompenses-a-lille","status":"publish","type":"post","link":"https:\/\/www.europesays.com\/fr\/375859\/","title":{"rendered":"Troph\u00e9es rev3 du B\u00e2timent durable 2025 : huit projets exemplaires r\u00e9compens\u00e9s \u00e0 Lille"},"content":{"rendered":"<p>Lille, 5 septembre 2025 \u2013 Le Congr\u00e8s National du B\u00e2timent Durable, qui tenait cette ann\u00e9e sa 11\u1d49 \u00e9dition \u00e0 Lille Grand Palais, a \u00e9t\u00e9 marqu\u00e9 par la remise des Troph\u00e9es rev3 du B\u00e2timent durable, un temps fort organis\u00e9 par le CD2E avec le soutien de la R\u00e9gion Hauts-de-France.\n<\/p>\n<p>Cr\u00e9\u00e9 en 2022, ce concours valorise chaque ann\u00e9e les d\u00e9marches ambitieuses port\u00e9es par des ma\u00eetres d\u2019ouvrage, architectes, entreprises et partenaires qui font du b\u00e2timent un levier majeur de la transition \u00e9cologique. Les candidatures sont \u00e9valu\u00e9es en tenant compte du <a href=\"https:\/\/rev3.hautsdefrance.fr\/referentiels\/\" target=\"_blank\" rel=\"noopener\">r\u00e9f\u00e9rentiel rev3<\/a>, int\u00e9grant des crit\u00e8res exigeants tels que la performance \u00e9nerg\u00e9tique, l\u2019int\u00e9gration d\u2019\u00e9nergies renouvelables, l\u2019\u00e9conomie circulaire, le confort, la sant\u00e9, l\u2019usage et l\u2019ancrage territorial.<\/p>\n<p>\u00ab\u00a0La transition de l\u2019\u00e9conomie des Hauts-de-France est un marqueur fort de la politique r\u00e9gionale. C\u2019est pourquoi la R\u00e9gion accompagne les missions du <a href=\"https:\/\/cd2e.com\/\" target=\"_blank\" rel=\"noopener\">CD2E<\/a>, comme cette remise des Troph\u00e9es rev3 du B\u00e2timent durable, qui valorise des projets exemplaires et inspirants\u00a0\u00bb, annonce Andr\u00e9 Genelle, conseiller r\u00e9gional d\u00e9l\u00e9gu\u00e9 \u00e0 \u00ab\u00a0l&rsquo;\u00e9conomie circulaire\u00a0\u00bb.<\/p>\n<p>Les laur\u00e9ats 2025 des Troph\u00e9es rev3 du B\u00e2timent durable<\/p>\n<p>Huit projets r\u00e9gionaux ont \u00e9t\u00e9 distingu\u00e9s pour leur exemplarit\u00e9 en mati\u00e8re de construction et de r\u00e9novation durables.<\/p>\n<ul>\n<li><strong>Prix R\u00e9novation tertiaire<\/strong> (financement r\u00e9gional)<br \/><strong>Si\u00e8ge social Auddic\u00e9 \u2013 Roost-Warendin (59)<\/strong><br \/>Ma\u00eetre d\u2019ouvrage : Auddic\u00e9 \u2013 Architecte : ATW<\/li>\n<\/ul>\n<p>Construit sur une ancienne friche mini\u00e8re, le nouveau si\u00e8ge social d\u2019Auddic\u00e9 illustre la volont\u00e9 de l\u2019entreprise de mettre en \u0153uvre pour elle-m\u00eame les solutions qu\u2019elle conseille \u00e0 ses clients.<\/p>\n<ul>\n<li><strong>Prix R\u00e9novation logement<\/strong><br \/><strong>R\u00e9novation industrialis\u00e9e des \u00ab\u00a0Camus Bas\u00a0\u00bb \u2013 Bassin Minier (62)<\/strong><br \/>Ma\u00eetre d\u2019ouvrage : Maisons &amp; Cit\u00e9s \u2013 Architectes : REDCAT, BLAU<\/li>\n<\/ul>\n<p>318 logements embl\u00e9matiques des ann\u00e9es 1950 ont \u00e9t\u00e9 r\u00e9nov\u00e9s gr\u00e2ce \u00e0 une approche hors-site innovante, dans le cadre du Plan de Relance et de l\u2019appel \u00e0 projets MassiR\u00e9no.<\/p>\n<ul>\n<li><strong>Prix Construction tertiaire \u2013 Or<\/strong> (financement R\u00e9gion Hauts-de-France)<br \/><strong>Maison de pays \u2013 Licques (62)<\/strong><br \/>Ma\u00eetre d\u2019ouvrage : Communaut\u00e9 de Communes du Pays d\u2019Opale \u2013 Architecte : Tandem+<\/li>\n<\/ul>\n<p>Ce b\u00e2timent passif en pierre locale et bois regroupe une cr\u00e8che, une \u00e9cole de musique, une m\u00e9diath\u00e8que, une ludoth\u00e8que et un France Service. Un projet f\u00e9d\u00e9rateur, sobre et ancr\u00e9 dans son territoire.<\/p>\n<ul>\n<li><strong>Prix Construction tertiaire \u2013 Argent<\/strong><br \/><strong>La LOCO Fives-Cail \u2013 Lille (59)<\/strong><br \/>Ma\u00eetre d\u2019ouvrage : SCI Lille \u2013 ETIC Fonci\u00e8rement Responsable \u2013 Architectes : Atelier 204, OCA<\/li>\n<\/ul>\n<p>Implant\u00e9 dans une halle du XIX\u1d49 si\u00e8cle, ce tiers lieu conjugue r\u00e9emploi, \u00e9conomie circulaire et performance environnementale avec un objectif E3C2.<\/p>\n<ul>\n<li><strong>Prix Construction tertiaire \u2013 Bronze<\/strong><br \/><strong>Maison de la transition \u00e9cologique \u2013 Marcq-en-Bar\u0153ul (59)<\/strong><br \/>Ma\u00eetre d\u2019ouvrage : Ville de Marcq-en-Bar\u0153ul \u2013 Architecte : Emma Weiss<\/li>\n<\/ul>\n<p>\u00c9difi\u00e9e sur le site d\u2019une ancienne ferme, cette maison combine mat\u00e9riaux biosourc\u00e9s, ventilation naturelle et panneaux solaires pour offrir un lieu d\u00e9monstrateur et p\u00e9dagogique.<\/p>\n<ul>\n<li><strong>Prix Construction tertiaire scolaire<\/strong> (financement R\u00e9gion Hauts-de-France)<br \/><strong>Restaurant scolaire \u2013 Mouchin (62)<\/strong><br \/>Ma\u00eetre d\u2019ouvrage : Commune de Mouchin \u2013 Architecte : Kontext Architectes<\/li>\n<\/ul>\n<p>Un projet couplant restaurant scolaire, dortoir et chaufferie biomasse au service de l\u2019\u00e9cole, de la mairie et de la m\u00e9diath\u00e8que.<\/p>\n<ul>\n<li><strong>Prix Coup de c\u0153ur rev3<\/strong> (financement R\u00e9gion Hauts-de-France)<br \/><strong>La R\u00e9serve \u2013 N\u0153ux-les-Mines (59)<\/strong><br \/>Ma\u00eetre d\u2019ouvrage : Association Noeux Environnement \u2013 Architectes : Beal &amp; Blanckaert<\/li>\n<\/ul>\n<p>Ancienne friche commerciale transform\u00e9e en lieu d\u00e9di\u00e9 \u00e0 la transition \u00e9cologique, \u00e0 l\u2019alimentation durable et au lien avec la nature.<\/p>\n<ul>\n<li><strong>Prix Coup de c\u0153ur Promotion immobili\u00e8re<\/strong><br \/><strong>B\u00e2timent HOWEL \u2013 Wasquehal (59)<\/strong><br \/>Ma\u00eetre d\u2019ouvrage : AVENTIM \u2013 Architecte : Coldefy &amp; Associ\u00e9s<\/li>\n<\/ul>\n<p>Un si\u00e8ge social pens\u00e9 pour le bien-\u00eatre des collaborateurs, associant lumi\u00e8re naturelle, bois et v\u00e9g\u00e9tation dans un cadre apaisant.<\/p>\n<p>\u00ab\u00a0Ces laur\u00e9ats incarnent pleinement <a href=\"https:\/\/rev3.hautsdefrance.fr\/\" target=\"_blank\" rel=\"noopener\">la dynamique rev3<\/a>, une d\u00e9marche ambitieuse pour faire de notre r\u00e9gion un territoire pionnier en mati\u00e8re d\u2019\u00e9conomie d\u00e9carbon\u00e9e et durable\u00a0\u00bb, ajoute Andr\u00e9 Genelle.<\/p>\n<p>Un concours au service de la transition r\u00e9gionale<\/p>\n<p>Avec d\u00e9j\u00e0 plus de vingt-cinq projets r\u00e9compens\u00e9s depuis son lancement, les Troph\u00e9es rev3 s\u2019imposent comme un levier majeur pour acc\u00e9l\u00e9rer la transformation \u00e9cologique et \u00e9nerg\u00e9tique du secteur du b\u00e2timent dans les Hauts-de-France.<\/p>\n<p>En valorisant les innovations, le recours aux circuits courts, les mat\u00e9riaux biosourc\u00e9s ou encore le r\u00e9emploi, le concours d\u00e9montre que la transition est d\u00e9j\u00e0 en marche et qu\u2019elle s\u2019inscrit au c\u0153ur des territoires.<\/p>\n","protected":false},"excerpt":{"rendered":"Lille, 5 septembre 2025 \u2013 Le Congr\u00e8s National du B\u00e2timent Durable, qui tenait cette ann\u00e9e sa 11\u1d49 \u00e9dition&hellip;\n","protected":false},"author":2,"featured_media":375860,"comment_status":"","ping_status":"","sticky":false,"template":"","format":"standard","meta":{"footnotes":""},"categories":[2815],"tags":[1111,11,23527,436,1777,674,1011,27,811,5701,1307,12,25,28208],"class_list":{"0":"post-375859","1":"post","2":"type-post","3":"status-publish","4":"format-standard","5":"has-post-thumbnail","7":"category-lille","8":"tag-actu","9":"tag-actualites","10":"tag-developpement-durable","11":"tag-environnement","12":"tag-eu","13":"tag-europe","14":"tag-fr","15":"tag-france","16":"tag-hauts-de-france","17":"tag-innovation","18":"tag-lille","19":"tag-news","20":"tag-republique-francaise","21":"tag-rev3"},"share_on_mastodon":{"url":"https:\/\/pubeurope.com\/@fr\/115170076526502422","error":""},"_links":{"self":[{"href":"https:\/\/www.europesays.com\/fr\/wp-json\/wp\/v2\/posts\/375859","targetHints":{"allow":["GET"]}}],"collection":[{"href":"https:\/\/www.europesays.com\/fr\/wp-json\/wp\/v2\/posts"}],"about":[{"href":"https:\/\/www.europesays.com\/fr\/wp-json\/wp\/v2\/types\/post"}],"author":[{"embeddable":true,"href":"https:\/\/www.europesays.com\/fr\/wp-json\/wp\/v2\/users\/2"}],"replies":[{"embeddable":true,"href":"https:\/\/www.europesays.com\/fr\/wp-json\/wp\/v2\/comments?post=375859"}],"version-history":[{"count":0,"href":"https:\/\/www.europesays.com\/fr\/wp-json\/wp\/v2\/posts\/375859\/revisions"}],"wp:featuredmedia":[{"embeddable":true,"href":"https:\/\/www.europesays.com\/fr\/wp-json\/wp\/v2\/media\/375860"}],"wp:attachment":[{"href":"https:\/\/www.europesays.com\/fr\/wp-json\/wp\/v2\/media?parent=375859"}],"wp:term":[{"taxonomy":"category","embeddable":true,"href":"https:\/\/www.europesays.com\/fr\/wp-json\/wp\/v2\/categories?post=375859"},{"taxonomy":"post_tag","embeddable":true,"href":"https:\/\/www.europesays.com\/fr\/wp-json\/wp\/v2\/tags?post=375859"}],"curies":[{"name":"wp","href":"https:\/\/api.w.org\/{rel}","templated":true}]}}