{"id":375865,"date":"2025-09-08T18:26:15","date_gmt":"2025-09-08T18:26:15","guid":{"rendered":"https:\/\/www.europesays.com\/fr\/375865\/"},"modified":"2025-09-08T18:26:15","modified_gmt":"2025-09-08T18:26:15","slug":"fc-lorient-bamo-meite-pourra-jouer-a-marseille-vendredi-pour-la-4e-journee-de-ligue-1","status":"publish","type":"post","link":"https:\/\/www.europesays.com\/fr\/375865\/","title":{"rendered":"FC Lorient\u00a0: Bamo Me\u00eft\u00e9 pourra jouer \u00e0 Marseille vendredi pour la 4e journ\u00e9e de Ligue 1"},"content":{"rendered":"<p>Ligue 1 (4e journ\u00e9e). Marseille &#8211; Lorient, vendredi (20\u00a0h\u00a045)<\/p>\n<p>Parti il y a deux ans de Lorient vers Marseille, o\u00f9 il n\u2019a jamais pu s\u2019imposer (19 matchs de Ligue 1 et sept matchs de Ligue Europa), le d\u00e9fenseur Bamo Me\u00eft\u00e9 a fait le voyage inverse en toute fin de mercato, pr\u00eat\u00e9 un an avec option d\u2019achat au club morbihannais, o\u00f9 il s\u2019\u00e9tait r\u00e9v\u00e9l\u00e9 lors de la saison 2022-2023.<\/p>\n<p>Hasard du calendrier, c\u2019est Marseille qui se pr\u00e9sente sur la route du FC Lorient pour le prochain match de championnat, le premier de Ligue 1 pour lequel la recrue est qualifi\u00e9e. En r\u00e8gle g\u00e9n\u00e9rale et m\u00eame si aucun r\u00e8glement ne le pr\u00e9voit, un joueur pr\u00eat\u00e9 ne peut pas jouer contre le club auquel il appartient, en vertu d\u2019accords tacites n\u00e9goci\u00e9s entre les parties au moment de la signature. Mais, selon nos informations, Bamo Me\u00eft\u00e9 pourra jouer vendredi \u00e0 Marseille, le club ayant accept\u00e9 de faire une exception.<\/p>\n<p>Une d\u00e9fense Me\u00eft\u00e9-Talbi-Faye au V\u00e9lodrome\u00a0?<\/p>\n<p>Une nouvelle qui a d\u00fb ravir Olivier Pantaloni et son staff, qui ont choisi une d\u00e9fense \u00e0 trois centraux cette saison et ne disposent actuellement que de trois joueurs sp\u00e9cialistes de ces postes, en attendant le retour de Nathaniel Adjei (cheville) et une \u00e9ventuelle r\u00e9int\u00e9gration dans l\u2019effectif d\u2019Isaak Tour\u00e9, pr\u00eat\u00e9 la saison derni\u00e8re \u00e0 l\u2019Udinese (D1 italienne). Lors des trois premi\u00e8res journ\u00e9es, c\u2019est l\u2019arri\u00e8re droit Igor Silva qui avait d\u00e9pann\u00e9, un coup \u00e0 gauche (\u00e0 Auxerre), deux coups \u00e0 droite (contre Rennes et Lille).<\/p>\n<p>Bamo Me\u00eft\u00e9, qui a retrouv\u00e9 du temps de jeu ce week-end avec la r\u00e9serve du FC Lorient, devrait donc occuper vendredi l\u2019axe droit de la d\u00e9fense centrale, aux c\u00f4t\u00e9s de Montassar Talbi et du jeune Abdoulaye Faye.<\/p>\n","protected":false},"excerpt":{"rendered":"Ligue 1 (4e journ\u00e9e). Marseille &#8211; Lorient, vendredi (20\u00a0h\u00a045) Parti il y a deux ans de Lorient vers&hellip;\n","protected":false},"author":2,"featured_media":375866,"comment_status":"","ping_status":"","sticky":false,"template":"","format":"standard","meta":{"footnotes":""},"categories":[2814],"tags":[1111,11,3166,1777,674,3317,63,1011,27,66,1781,884,12,882,25,60],"class_list":{"0":"post-375865","1":"post","2":"type-post","3":"status-publish","4":"format-standard","5":"has-post-thumbnail","7":"category-marseille","8":"tag-actu","9":"tag-actualites","10":"tag-en-continu-sports","11":"tag-eu","12":"tag-europe","13":"tag-fc-lorient","14":"tag-football","15":"tag-fr","16":"tag-france","17":"tag-ligue-1","18":"tag-lorient","19":"tag-marseille","20":"tag-news","21":"tag-provence-alpes-cote-dazur","22":"tag-republique-francaise","23":"tag-sports"},"share_on_mastodon":{"url":"https:\/\/pubeurope.com\/@fr\/115170088283896059","error":""},"_links":{"self":[{"href":"https:\/\/www.europesays.com\/fr\/wp-json\/wp\/v2\/posts\/375865","targetHints":{"allow":["GET"]}}],"collection":[{"href":"https:\/\/www.europesays.com\/fr\/wp-json\/wp\/v2\/posts"}],"about":[{"href":"https:\/\/www.europesays.com\/fr\/wp-json\/wp\/v2\/types\/post"}],"author":[{"embeddable":true,"href":"https:\/\/www.europesays.com\/fr\/wp-json\/wp\/v2\/users\/2"}],"replies":[{"embeddable":true,"href":"https:\/\/www.europesays.com\/fr\/wp-json\/wp\/v2\/comments?post=375865"}],"version-history":[{"count":0,"href":"https:\/\/www.europesays.com\/fr\/wp-json\/wp\/v2\/posts\/375865\/revisions"}],"wp:featuredmedia":[{"embeddable":true,"href":"https:\/\/www.europesays.com\/fr\/wp-json\/wp\/v2\/media\/375866"}],"wp:attachment":[{"href":"https:\/\/www.europesays.com\/fr\/wp-json\/wp\/v2\/media?parent=375865"}],"wp:term":[{"taxonomy":"category","embeddable":true,"href":"https:\/\/www.europesays.com\/fr\/wp-json\/wp\/v2\/categories?post=375865"},{"taxonomy":"post_tag","embeddable":true,"href":"https:\/\/www.europesays.com\/fr\/wp-json\/wp\/v2\/tags?post=375865"}],"curies":[{"name":"wp","href":"https:\/\/api.w.org\/{rel}","templated":true}]}}