{"id":375875,"date":"2025-09-08T18:32:16","date_gmt":"2025-09-08T18:32:16","guid":{"rendered":"https:\/\/www.europesays.com\/fr\/375875\/"},"modified":"2025-09-08T18:32:16","modified_gmt":"2025-09-08T18:32:16","slug":"paris-design-week-2025-les-grands-coups-de-coeur-de-la-redaction","status":"publish","type":"post","link":"https:\/\/www.europesays.com\/fr\/375875\/","title":{"rendered":"Paris Design Week 2025 : les grands coups de coeur de la r\u00e9daction"},"content":{"rendered":"<p>Dans la lign\u00e9e de la collection pr\u00e9sent\u00e9e \u00e0 l\u2019occasion du Salone del Mobile, <a href=\"https:\/\/www.admagazine.fr\/article\/vitrail-grand-retour-decorateurs\" target=\"_blank\" rel=\"noopener\">Pierre Marie<\/a> et Yves Salomon Editions s&rsquo;inspirent de l\u2019univers pastoral pour d\u00e9voiler une collection de textiles habill\u00e9s de peau lain\u00e9e, doubl\u00e9s de cachemire. Plaids, suspensions et assises mouton s\u2019inscrivent dans le graphisme pastoral traditionnel du XIXe si\u00e8cle revisit\u00e9es avec des motifs classiques.<\/p>\n<p>42, rue Saint-Anne, 75002 Paris<\/p>\n<p><strong>Biehler-Graveleine x Galerie MCDE<\/strong><\/p>\n<p>\u00a9AdelSlimaneFecih<\/p>\n<p>V\u00e9ritable hommage \u00e0 Pierre Chareau, la collection \u201cEn r\u00e9sonance\u201d s&rsquo;impr\u00e8gne des pi\u00e8ces r\u00e9alis\u00e9es par l\u2019architecte et d\u00e9corateur de l\u2019entre-deux-guerres pour d\u00e9voiler une collection in\u00e9dite. Une table au pi\u00e8tement modulable et une applique d\u00e9clin\u00e9e en trois versions sont mises en vente pour c\u00e9l\u00e9brer l\u2019h\u00e9ritage de Pierre Chareau et son influence dans les cr\u00e9ations contemporaines.<\/p>\n<p>6, rue de Verneuil, 75007 Paris<\/p>\n<p><strong>Schumacher x Laura Gonzalez<\/strong><\/p>\n<p>\u00a9 ANTOINE WAGNER<\/p>\n","protected":false},"excerpt":{"rendered":"Dans la lign\u00e9e de la collection pr\u00e9sent\u00e9e \u00e0 l\u2019occasion du Salone del Mobile, Pierre Marie et Yves Salomon&hellip;\n","protected":false},"author":2,"featured_media":375876,"comment_status":"","ping_status":"","sticky":false,"template":"","format":"standard","meta":{"footnotes":""},"categories":[1888],"tags":[1111,1928,11,1927,1777,674,1011,27,12,1926,626,48920,1925,25,19246],"class_list":{"0":"post-375875","1":"post","2":"type-post","3":"status-publish","4":"format-standard","5":"has-post-thumbnail","7":"category-paris","8":"tag-actu","9":"tag-actu-paris","10":"tag-actualites","11":"tag-actualites-paris","12":"tag-eu","13":"tag-europe","14":"tag-fr","15":"tag-france","16":"tag-news","17":"tag-news-paris","18":"tag-paris","19":"tag-paris-design-week","20":"tag-paris-news","21":"tag-republique-francaise","22":"tag-tendances-dinterieur"},"share_on_mastodon":{"url":"https:\/\/pubeurope.com\/@fr\/115170111895045746","error":""},"_links":{"self":[{"href":"https:\/\/www.europesays.com\/fr\/wp-json\/wp\/v2\/posts\/375875","targetHints":{"allow":["GET"]}}],"collection":[{"href":"https:\/\/www.europesays.com\/fr\/wp-json\/wp\/v2\/posts"}],"about":[{"href":"https:\/\/www.europesays.com\/fr\/wp-json\/wp\/v2\/types\/post"}],"author":[{"embeddable":true,"href":"https:\/\/www.europesays.com\/fr\/wp-json\/wp\/v2\/users\/2"}],"replies":[{"embeddable":true,"href":"https:\/\/www.europesays.com\/fr\/wp-json\/wp\/v2\/comments?post=375875"}],"version-history":[{"count":0,"href":"https:\/\/www.europesays.com\/fr\/wp-json\/wp\/v2\/posts\/375875\/revisions"}],"wp:featuredmedia":[{"embeddable":true,"href":"https:\/\/www.europesays.com\/fr\/wp-json\/wp\/v2\/media\/375876"}],"wp:attachment":[{"href":"https:\/\/www.europesays.com\/fr\/wp-json\/wp\/v2\/media?parent=375875"}],"wp:term":[{"taxonomy":"category","embeddable":true,"href":"https:\/\/www.europesays.com\/fr\/wp-json\/wp\/v2\/categories?post=375875"},{"taxonomy":"post_tag","embeddable":true,"href":"https:\/\/www.europesays.com\/fr\/wp-json\/wp\/v2\/tags?post=375875"}],"curies":[{"name":"wp","href":"https:\/\/api.w.org\/{rel}","templated":true}]}}