{"id":375881,"date":"2025-09-08T18:35:12","date_gmt":"2025-09-08T18:35:12","guid":{"rendered":"https:\/\/www.europesays.com\/fr\/375881\/"},"modified":"2025-09-08T18:35:12","modified_gmt":"2025-09-08T18:35:12","slug":"trump-pas-content-contre-poutine-et-un-helicoptere-russe-provoque-lotan","status":"publish","type":"post","link":"https:\/\/www.europesays.com\/fr\/375881\/","title":{"rendered":"Trump \u00ab pas content \u00bb contre Poutine et un h\u00e9licopt\u00e8re russe provoque l\u2019Otan"},"content":{"rendered":"<p class=\"mb-4 text-lg md:leading-8 break-words\"><strong>R\u00e9cap &#8211; \u00ab\u00a020 Minutes\u00a0\u00bb fait le point pour vous tous les soirs sur le conflit en Ukraine. Ce lundi, Donald Trump a de nouveau menac\u00e9 la Russie de nouvelles sanctions, sans rentrer dans les d\u00e9tails<\/strong><\/p>\n<p class=\"mb-4 text-lg md:leading-8 break-words\">Vous avez rat\u00e9 les derniers \u00e9v\u00e9nements sur la <a href=\"https:\/\/www.20minutes.fr\/monde\/ukraine\/?at_medium=RSS%20feed&amp;at_campaign=ynews&amp;utm_source=yahoo&amp;utm_medium=rss&amp;utm_campaign=news_feed&amp;utm_content=in_article_link\" rel=\"nofollow noopener\" target=\"_blank\" data-ylk=\"slk:guerre en Ukraine;elm:context_link;itc:0;sec:content-canvas\" class=\"link \">guerre en Ukraine<\/a>\u00a0? 20 Minutes fait le point pour vous tous les soirs. Voici l\u2019essentiel de ce lundi 8\u00a0septembre, 1.293e jour du conflit.<\/p>\n<p>Le fait du jour<\/p>\n<p class=\"mb-4 text-lg md:leading-8 break-words\">\u00ab\u00a0Je ne suis pas content. Je ne suis pas content de la situation dans son ensemble. [\u2026] Je ne suis pas ravi de ce qui se passe l\u00e0-bas.\u00a0\u00bb C\u2019est clair, <a href=\"https:\/\/www.20minutes.fr\/dossier\/donald_trump?at_medium=RSS%20feed&amp;at_campaign=ynews&amp;utm_source=yahoo&amp;utm_medium=rss&amp;utm_campaign=news_feed&amp;utm_content=in_article_link\" rel=\"nofollow noopener\" target=\"_blank\" data-ylk=\"slk:Donald Trump;elm:context_link;itc:0;sec:content-canvas\" class=\"link \">Donald Trump <\/a>n\u2019a pas appr\u00e9ci\u00e9 l\u2019<a href=\"https:\/\/www.20minutes.fr\/monde\/ukraine\/4171586-20250907-guerre-ukraine-russie-lance-plus-800-drones-missiles-siege-gouvernement-touche?at_medium=RSS%20feed&amp;at_campaign=ynews&amp;utm_source=yahoo&amp;utm_medium=rss&amp;utm_campaign=news_feed&amp;utm_content=in_article_link\" rel=\"nofollow noopener\" target=\"_blank\" data-ylk=\"slk:offensive russe sans pr\u00e9c\u00e9dent qui s\u2019est abattue dimanche sur l\u2019Ukraine;elm:context_link;itc:0;sec:content-canvas\" class=\"link \">offensive russe sans pr\u00e9c\u00e9dent qui s\u2019est abattue dimanche sur l\u2019Ukraine<\/a> et a touch\u00e9 pour la premi\u00e8re fois le si\u00e8ge du gouvernement \u00e0 Kiev. Interrog\u00e9 \u00e0 la Maison-Blanche par un journaliste sur le fait de savoir s\u2019il \u00e9tait pr\u00eat \u00e0 lancer une nouvelle phase de sanctions contre la Russie, le pr\u00e9sident am\u00e9ricain a r\u00e9pondu\u00a0: \u00ab\u00a0Oui, je le suis\u00a0\u00bb. Mais sans en dire davantage pour l\u2019instant.<\/p>\n<p class=\"mb-4 text-lg md:leading-8 break-words\">La France et l\u2019<a href=\"https:\/\/www.20minutes.fr\/dossier\/allemagne?at_medium=RSS%20feed&amp;at_campaign=ynews&amp;utm_source=yahoo&amp;utm_medium=rss&amp;utm_campaign=news_feed&amp;utm_content=in_article_link\" rel=\"nofollow noopener\" target=\"_blank\" data-ylk=\"slk:Allemagne;elm:context_link;itc:0;sec:content-canvas\" class=\"link \">Allemagne<\/a> peuvent l\u2019aider \u00e0 trouver des id\u00e9es. Elles ont propos\u00e9 ce lundi que l\u2019Union europ\u00e9enne cible Louko\u00efl, le g\u00e9ant du p\u00e9trole russe, dans le cadre du 19e paquet de sanctions eurotrop\u00e9ennes en pr\u00e9paration. Louiko\u00efl, un des principaux producteurs de p\u00e9trole en <a href=\"https:\/\/www.20minutes.fr\/monde\/russie\/?at_medium=RSS%20feed&amp;at_campaign=ynews&amp;utm_source=yahoo&amp;utm_medium=rss&amp;utm_campaign=news_feed&amp;utm_content=in_article_link\" rel=\"nofollow noopener\" target=\"_blank\" data-ylk=\"slk:Russie;elm:context_link;itc:0;sec:content-canvas\" class=\"link \">Russie<\/a>, poss\u00e8de des stations-service dans l\u2019UE, notamment en Belgique.<\/p>\n<p>Le chiffre du jour<\/p>\n<p class=\"mb-4 text-lg md:leading-8 break-words\">907\u00a0millions d\u2019euros. Le montant des commandes d\u2019armement pass\u00e9 par l\u2019Ukraine \u00e0 la France en\u00a02024, le soutien militaire de Paris \u00e0 Kiev \u00e9tant \u00e9valu\u00e9 \u00e0 5,9\u00a0milliards d\u2019euros. Dans un contexte marqu\u00e9 par la guerre en Ukraine et le \u00ab\u00a0r\u00e9armement\u00a0\u00bb de l\u2019Europe, les exportations fran\u00e7aises d\u2019armements ont 21,6\u00a0milliards d\u2019euros l\u2019an pass\u00e9, leur \u00ab\u00a0deuxi\u00e8me meilleure(&#8230;)<\/p>\n<p class=\"mb-4 text-lg md:leading-8 break-words\"><a href=\"https:\/\/www.20minutes.fr\/monde\/ukraine\/4171847-20250908-guerre-ukraine-trump-content-contre-poutine-helicoptere-russe-provoque-otan?at_medium=RSS%20feed&amp;at_campaign=ynews&amp;utm_source=yahoo&amp;utm_medium=rss&amp;utm_campaign=news_feed&amp;utm_content=read_more_link&quot;\" rel=\"nofollow noopener\" target=\"_blank\" data-ylk=\"slk:Lire la suite sur 20minutes;elm:context_link;itc:0;sec:content-canvas\" class=\"link \">Lire la suite sur 20minutes<\/a><\/p>\n<p>\u00c0 lire aussi :<br \/><a href=\"https:\/\/www.20minutes.fr\/societe\/4171394-20250908-intelligence-artificielle-jusqu-present-ia-militaire-utilisee-sens-retenue?at_medium=RSS%20feed&amp;at_campaign=ynews&amp;utm_source=yahoo&amp;utm_medium=rss&amp;utm_campaign=news_feed&amp;utm_content=related_content_link\" rel=\"nofollow noopener\" target=\"_blank\" data-ylk=\"slk:Intelligence artificielle\u00a0: \u00ab\u00a0Jusqu\u2019\u00e0 pr\u00e9sent, l\u2019IA militaire n\u2019a pas \u00e9t\u00e9 utilis\u00e9e dans le sens de la retenue\u00a0\u00bb;elm:context_link;itc:0;sec:content-canvas\" class=\"link \">Intelligence artificielle\u00a0: \u00ab\u00a0Jusqu\u2019\u00e0 pr\u00e9sent, l\u2019IA militaire n\u2019a pas \u00e9t\u00e9 utilis\u00e9e dans le sens de la retenue\u00a0\u00bb<\/a><br \/><a href=\"https:\/\/www.20minutes.fr\/monde\/ukraine\/4171659-20250907-guerre-ukraine-attaque-russe-precedent-macron-denonce-logique-terreur?at_medium=RSS%20feed&amp;at_campaign=ynews&amp;utm_source=yahoo&amp;utm_medium=rss&amp;utm_campaign=news_feed&amp;utm_content=related_content_link\" rel=\"nofollow noopener\" target=\"_blank\" data-ylk=\"slk:Guerre en Ukraine\u00a0: Une attaque a\u00e9rienne russe sans pr\u00e9c\u00e9dent et Macron d\u00e9nonce une \u00ab\u00a0logique de terreur\u00a0\u00bb;elm:context_link;itc:0;sec:content-canvas\" class=\"link \">Guerre en Ukraine\u00a0: Une attaque a\u00e9rienne russe sans pr\u00e9c\u00e9dent et Macron d\u00e9nonce une \u00ab\u00a0logique de terreur\u00a0\u00bb<\/a><\/p>\n","protected":false},"excerpt":{"rendered":"R\u00e9cap &#8211; \u00ab\u00a020 Minutes\u00a0\u00bb fait le point pour vous tous les soirs sur le conflit en Ukraine. Ce&hellip;\n","protected":false},"author":2,"featured_media":375882,"comment_status":"","ping_status":"","sticky":false,"template":"","format":"standard","meta":{"footnotes":""},"categories":[1591],"tags":[642,11,75,1887,131,12,50981,1885,1886,132,14136,220],"class_list":{"0":"post-375881","1":"post","2":"type-post","3":"status-publish","4":"format-standard","5":"has-post-thumbnail","7":"category-russie","8":"tag-20-minutes","9":"tag-actualites","10":"tag-donald-trump","11":"tag-federation-de-russie","12":"tag-guerre-en-ukraine","13":"tag-news","14":"tag-producteurs-de-petrole","15":"tag-russia","16":"tag-russian-federation","17":"tag-russie","18":"tag-sanctions-contre-la-russie","19":"tag-ukraine"},"share_on_mastodon":{"url":"https:\/\/pubeurope.com\/@fr\/115170123771186097","error":""},"_links":{"self":[{"href":"https:\/\/www.europesays.com\/fr\/wp-json\/wp\/v2\/posts\/375881","targetHints":{"allow":["GET"]}}],"collection":[{"href":"https:\/\/www.europesays.com\/fr\/wp-json\/wp\/v2\/posts"}],"about":[{"href":"https:\/\/www.europesays.com\/fr\/wp-json\/wp\/v2\/types\/post"}],"author":[{"embeddable":true,"href":"https:\/\/www.europesays.com\/fr\/wp-json\/wp\/v2\/users\/2"}],"replies":[{"embeddable":true,"href":"https:\/\/www.europesays.com\/fr\/wp-json\/wp\/v2\/comments?post=375881"}],"version-history":[{"count":0,"href":"https:\/\/www.europesays.com\/fr\/wp-json\/wp\/v2\/posts\/375881\/revisions"}],"wp:featuredmedia":[{"embeddable":true,"href":"https:\/\/www.europesays.com\/fr\/wp-json\/wp\/v2\/media\/375882"}],"wp:attachment":[{"href":"https:\/\/www.europesays.com\/fr\/wp-json\/wp\/v2\/media?parent=375881"}],"wp:term":[{"taxonomy":"category","embeddable":true,"href":"https:\/\/www.europesays.com\/fr\/wp-json\/wp\/v2\/categories?post=375881"},{"taxonomy":"post_tag","embeddable":true,"href":"https:\/\/www.europesays.com\/fr\/wp-json\/wp\/v2\/tags?post=375881"}],"curies":[{"name":"wp","href":"https:\/\/api.w.org\/{rel}","templated":true}]}}