{"id":375885,"date":"2025-09-08T18:38:08","date_gmt":"2025-09-08T18:38:08","guid":{"rendered":"https:\/\/www.europesays.com\/fr\/375885\/"},"modified":"2025-09-08T18:38:08","modified_gmt":"2025-09-08T18:38:08","slug":"la-cour-supreme-americaine-retablit-les-controles-au-facies-a-los-angeles","status":"publish","type":"post","link":"https:\/\/www.europesays.com\/fr\/375885\/","title":{"rendered":"La Cour supr\u00eame am\u00e9ricaine r\u00e9tablit les contr\u00f4les au faci\u00e8s \u00e0 Los Angeles"},"content":{"rendered":"<p>La plus haute juridiction am\u00e9ricaine, domin\u00e9e par les juges conservateurs, a justifi\u00e9 sa d\u00e9cision par la forte immigration ill\u00e9gale pr\u00e9sente au sud de la Californie.<\/p>\n<p class=\"fig-paragraph\">La Cour supr\u00eame des \u00c9tats-Unis,\u00a0<a href=\"http:\/\/www.lefigaro.fr\/international\/etats-unis-la-cour-supreme-autorise-les-coupes-de-trump-dans-les-fonds-pour-la-recherche-medicale-lies-a-la-diversite-20250822\" data-fig-type=\"NewsFlash\" data-gtm-custom-categorie=\"navigation\" data-gtm-custom-action=\"crossclick\" data-gtm-custom-label=\"Contextuel\" data-gtm-event=\"customEventSPE\" data-fig-domain=\"LEFIGARO\" rel=\"nofollow noopener\" target=\"_blank\">\u00e0 majorit\u00e9 conservatrice<\/a>, a provisoirement autoris\u00e9 lundi le gouvernement du pr\u00e9sident\u00a0<a href=\"http:\/\/www.lefigaro.fr\/international\/etats-unis-donald-trump-condamne-a-verser-83-millions-de-dollars-pour-diffamation-20250908\" data-fig-type=\"NewsFlash\" data-gtm-custom-categorie=\"navigation\" data-gtm-custom-action=\"crossclick\" data-gtm-custom-label=\"Contextuel\" data-gtm-event=\"customEventSPE\" data-fig-domain=\"LEFIGARO\" rel=\"nofollow noopener\" target=\"_blank\">Donald Trump<\/a>\u00a0\u00e0 reprendre les contr\u00f4les au faci\u00e8s de personnes soup\u00e7onn\u00e9es d&rsquo;\u00eatre des immigr\u00e9s clandestins dans le sud de la Californie. Un tribunal f\u00e9d\u00e9ral en juillet puis une cour d&rsquo;appel f\u00e9d\u00e9rale en ao\u00fbt avaient interdit jusqu&rsquo;\u00e0 nouvel ordre \u00e0 la police f\u00e9d\u00e9rale de l&rsquo;immigration (ICE) d&rsquo;interpeller \u00e0 Los Angeles et dans sa r\u00e9gion des personnes sur la seule base d&rsquo;un ou plusieurs d&rsquo;une s\u00e9rie de quatre facteurs.<\/p>\n<p class=\"fig-paragraph\">Ces facteurs \u00e9taient leur pr\u00e9sence dans un lieu particulier g\u00e9n\u00e9ralement associ\u00e9 \u00e0 la main-d\u2019\u0153uvre immigr\u00e9e &#8211; arr\u00eat de bus, station de lavage de voitures, exploitation agricole ou magasin de bricolage &#8211; le type d&rsquo;activit\u00e9 exerc\u00e9e, le fait de parler espagnol ou anglais avec un accent \u00e9tranger, ou encore leur apparence ethnique. L&rsquo;intensification des descentes de police dans ce genre de lieux o\u00f9 des Latino-Am\u00e9ricains travaillent fait pol\u00e9mique depuis d\u00e9but\u00a0<a href=\"http:\/\/www.lefigaro.fr\/international\/manifestations-a-los-angeles-pourquoi-donald-trump-menace-d-utiliser-l-insurrection-act-20250613\" data-fig-type=\"Article\" data-gtm-custom-categorie=\"navigation\" data-gtm-custom-action=\"crossclick\" data-gtm-custom-label=\"Contextuel\" data-gtm-event=\"customEventSPE\" data-fig-domain=\"LEFIGARO\" rel=\"nofollow noopener\" target=\"_blank\">juin \u00e0 Los Angeles<\/a>. Elle avait provoqu\u00e9 des manifestations violentes et le d\u00e9ploiement de la Garde nationale ordonn\u00e9 par Donald Trump contre l&rsquo;avis du gouverneur d\u00e9mocrate de Californie, Gavin Newsom.<\/p>\n<p>                                    <a class=\"fig-a11y-skip a11y-hidden\" href=\"#fig-a11y-skip-main-inarticle\"><br \/>\n        Passer la publicit\u00e9<br \/>\n    <\/a><\/p>\n<p class=\"fig-paragraph\">Les juridictions de premi\u00e8re instance puis d&rsquo;appel ont consid\u00e9r\u00e9 ces interpellations comme contraires au Quatri\u00e8me amendement de la Constitution am\u00e9ricaine, qui prot\u00e8ge les individus de toute arrestation, perquisition ou fouille arbitraires en exigeant a minima \u00abune suspicion raisonnable\u00bb. Mais la Cour supr\u00eame de neuf juges a lev\u00e9 lundi cette suspension, contre l&rsquo;avis des trois progressistes, jusqu&rsquo;\u00e0 ce que la cour d&rsquo;appel statue sur le fond ou qu&rsquo;elle-m\u00eame soit saisie.<\/p>\n<p>Immigration \u00abparticuli\u00e8rement prononc\u00e9e\u00bb<\/p>\n<p class=\"fig-paragraph\">La Cour ne motive pas sa d\u00e9cision, mais l&rsquo;un des juges conservateurs, Brett Kavanaugh, y exprime son soutien, faisant notamment valoir que \u00abl&rsquo;immigration ill\u00e9gale est particuli\u00e8rement prononc\u00e9e dans la r\u00e9gion de Los Angeles\u00bb, avec une proportion d&rsquo;immigr\u00e9s en situation irr\u00e9guli\u00e8re estim\u00e9e \u00e0 10 % de la population. A contrario, au nom des trois progressistes, la juge Sonia Sotomayor, premi\u00e8re Latino-Am\u00e9ricaine nomm\u00e9e \u00e0 la Cour supr\u00eame, manifeste son profond d\u00e9saccord.<\/p>\n<p class=\"fig-paragraph\">\u00abNous ne devrions pas devoir vivre dans un pays o\u00f9 le gouvernement peut arr\u00eater quiconque a une apparence latino, parle espagnol et semble occuper un emploi \u00e0 bas salaire\u00bb, \u00e9crit-elle, reprochant \u00e0 ses coll\u00e8gues conservateurs de cr\u00e9er par leur d\u00e9cision \u00abun statut de citoyen de seconde classe\u00bb. L&rsquo;immigration, y compris clandestine, fournit une main-d\u2019\u0153uvre essentielle au secteur agricole am\u00e9ricain\u00a0: 42% des ouvriers agricoles n&rsquo;ont pas d&rsquo;autorisation pour travailler aux \u00c9tats-Unis, selon une \u00e9tude du minist\u00e8re de l&rsquo;Agriculture de 2022.<\/p>\n","protected":false},"excerpt":{"rendered":"La plus haute juridiction am\u00e9ricaine, domin\u00e9e par les juges conservateurs, a justifi\u00e9 sa d\u00e9cision par la forte immigration&hellip;\n","protected":false},"author":2,"featured_media":375886,"comment_status":"","ping_status":"","sticky":false,"template":"","format":"standard","meta":{"footnotes":""},"categories":[1589],"tags":[11,10658,73,1866,1061,12,1864,1865,1863,308],"class_list":{"0":"post-375885","1":"post","2":"type-post","3":"status-publish","4":"format-standard","5":"has-post-thumbnail","7":"category-etats-unis","8":"tag-actualites","9":"tag-cour-supreme","10":"tag-etats-unis","11":"tag-etats-unis-damerique","12":"tag-immigration","13":"tag-news","14":"tag-united-states","15":"tag-united-states-of-america","16":"tag-us","17":"tag-usa"},"share_on_mastodon":{"url":"https:\/\/pubeurope.com\/@fr\/115170135504580752","error":""},"_links":{"self":[{"href":"https:\/\/www.europesays.com\/fr\/wp-json\/wp\/v2\/posts\/375885","targetHints":{"allow":["GET"]}}],"collection":[{"href":"https:\/\/www.europesays.com\/fr\/wp-json\/wp\/v2\/posts"}],"about":[{"href":"https:\/\/www.europesays.com\/fr\/wp-json\/wp\/v2\/types\/post"}],"author":[{"embeddable":true,"href":"https:\/\/www.europesays.com\/fr\/wp-json\/wp\/v2\/users\/2"}],"replies":[{"embeddable":true,"href":"https:\/\/www.europesays.com\/fr\/wp-json\/wp\/v2\/comments?post=375885"}],"version-history":[{"count":0,"href":"https:\/\/www.europesays.com\/fr\/wp-json\/wp\/v2\/posts\/375885\/revisions"}],"wp:featuredmedia":[{"embeddable":true,"href":"https:\/\/www.europesays.com\/fr\/wp-json\/wp\/v2\/media\/375886"}],"wp:attachment":[{"href":"https:\/\/www.europesays.com\/fr\/wp-json\/wp\/v2\/media?parent=375885"}],"wp:term":[{"taxonomy":"category","embeddable":true,"href":"https:\/\/www.europesays.com\/fr\/wp-json\/wp\/v2\/categories?post=375885"},{"taxonomy":"post_tag","embeddable":true,"href":"https:\/\/www.europesays.com\/fr\/wp-json\/wp\/v2\/tags?post=375885"}],"curies":[{"name":"wp","href":"https:\/\/api.w.org\/{rel}","templated":true}]}}