{"id":375891,"date":"2025-09-08T18:44:13","date_gmt":"2025-09-08T18:44:13","guid":{"rendered":"https:\/\/www.europesays.com\/fr\/375891\/"},"modified":"2025-09-08T18:44:13","modified_gmt":"2025-09-08T18:44:13","slug":"leurope-boursiere-en-voie-de-disparition-face-a-wall-street","status":"publish","type":"post","link":"https:\/\/www.europesays.com\/fr\/375891\/","title":{"rendered":"L\u2019Europe boursi\u00e8re en voie de disparition face \u00e0 Wall Street"},"content":{"rendered":"<p>Le poids des entreprises europ\u00e9ennes sur les march\u00e9s boursiers mondiaux continue de s&rsquo;\u00e9roder, selon une \u00e9tude publi\u00e9e ce lundi par Morningstar, sp\u00e9cialiste des donn\u00e9es financi\u00e8res. Malgr\u00e9 un regain d&rsquo;int\u00e9r\u00eat des investisseurs depuis le d\u00e9but de l&rsquo;ann\u00e9e, le Vieux Continent reste en retrait face \u00e0 la domination des valeurs am\u00e9ricaines.<\/p>\n<p>En moins de vingt ans, la part des soci\u00e9t\u00e9s europ\u00e9ennes dans le \u00ab Global All Cap Index \u00bb \u2014 qui regroupe les grandes, moyennes et petites capitalisations des march\u00e9s d\u00e9velopp\u00e9s et \u00e9mergents \u2014 a \u00e9t\u00e9 divis\u00e9e par deux. Elle est pass\u00e9e de 30% \u00e0 mi-2008 \u00e0 environ 15% en juillet 2025, illustrant le vaste recul de l&rsquo;Europe sur la sc\u00e8ne boursi\u00e8re mondiale.<\/p>\n<p>Les locomotives de la tech et de l&rsquo;IA<\/p>\n<p>Cette dilution de l&rsquo;Europe se retrouve, en miroir, sur l&rsquo;\u00e9volution du PIB au cours de la m\u00eame p\u00e9riode. En 2008, les Etats-Unis et l&rsquo;Union europ\u00e9enne \u00e9taient au coude \u00e0 coude, avec des PIB respectifs de 14,8 et de 14,2 milliards de dollars. Seize ans plus tard, en 2024, les Etats-Unis tr\u00f4nent avec un PIB de 29,2 milliards de dollars, quand l&rsquo;Europe affiche tout juste 19,4 milliards de dollars.<\/p>\n<p>Sur le plan boursier, cette perte de poids s&rsquo;explique selon Morningstar principalement par l&rsquo;essor des indices am\u00e9ricains, dop\u00e9s par les g\u00e9ants de la tech et les perspectives offertes par l&rsquo;intelligence artificielle, qui alimentent l&rsquo;app\u00e9tit des investisseurs. \u00c0 l&rsquo;inverse, l&rsquo;Europe souffre d&rsquo;un scepticisme persistant, nourri par les inqui\u00e9tudes sur la croissance, les tensions g\u00e9opolitiques et les doutes sur sa comp\u00e9titivit\u00e9.<\/p>\n<p>Le d\u00e9crochage des capitalisations<\/p>\n<p>En dix ans, la capitalisation du march\u00e9 am\u00e9ricain a ainsi presque tripl\u00e9, quand celle du march\u00e9 europ\u00e9en n&rsquo;a progress\u00e9 que de 40%. Le nombre d&rsquo;entreprises cot\u00e9es et d&rsquo;introductions en Bourse a \u00e9galement diminu\u00e9 sur le continent.<\/p>\n<p>Quelques signes positifs \u00e9mergent n\u00e9anmoins. Depuis le d\u00e9but de l&rsquo;ann\u00e9e, les actions europ\u00e9ennes profitent d&rsquo;un mouvement de diversification des investisseurs, qui cherchent \u00e0 r\u00e9duire leur exposition aux incertitudes politiques aux \u00c9tats-Unis sous la pr\u00e9sidence de Donald Trump. L&rsquo;indice DAX de Francfort gagne ainsi depuis janvier 19%, Milan 22%, Londres 13% et Paris seulement&#8230; 4%.<\/p>\n","protected":false},"excerpt":{"rendered":"Le poids des entreprises europ\u00e9ennes sur les march\u00e9s boursiers mondiaux continue de s&rsquo;\u00e9roder, selon une \u00e9tude publi\u00e9e ce&hellip;\n","protected":false},"author":2,"featured_media":375892,"comment_status":"","ping_status":"","sticky":false,"template":"","format":"standard","meta":{"footnotes":""},"categories":[1586],"tags":[17,11,340,50982,2715,1777,674,2823,1011,27,1808,12,25,3845,1811,12833],"class_list":{"0":"post-375891","1":"post","2":"type-post","3":"status-publish","4":"format-standard","5":"has-post-thumbnail","7":"category-europe","8":"tag-17","9":"tag-actualites","10":"tag-bourse","11":"tag-boursiere","12":"tag-disparition","13":"tag-eu","14":"tag-europe","15":"tag-face","16":"tag-fr","17":"tag-france","18":"tag-leurope","19":"tag-news","20":"tag-republique-francaise","21":"tag-street","22":"tag-voie","23":"tag-wall"},"share_on_mastodon":{"url":"https:\/\/pubeurope.com\/@fr\/115170159288050123","error":""},"_links":{"self":[{"href":"https:\/\/www.europesays.com\/fr\/wp-json\/wp\/v2\/posts\/375891","targetHints":{"allow":["GET"]}}],"collection":[{"href":"https:\/\/www.europesays.com\/fr\/wp-json\/wp\/v2\/posts"}],"about":[{"href":"https:\/\/www.europesays.com\/fr\/wp-json\/wp\/v2\/types\/post"}],"author":[{"embeddable":true,"href":"https:\/\/www.europesays.com\/fr\/wp-json\/wp\/v2\/users\/2"}],"replies":[{"embeddable":true,"href":"https:\/\/www.europesays.com\/fr\/wp-json\/wp\/v2\/comments?post=375891"}],"version-history":[{"count":0,"href":"https:\/\/www.europesays.com\/fr\/wp-json\/wp\/v2\/posts\/375891\/revisions"}],"wp:featuredmedia":[{"embeddable":true,"href":"https:\/\/www.europesays.com\/fr\/wp-json\/wp\/v2\/media\/375892"}],"wp:attachment":[{"href":"https:\/\/www.europesays.com\/fr\/wp-json\/wp\/v2\/media?parent=375891"}],"wp:term":[{"taxonomy":"category","embeddable":true,"href":"https:\/\/www.europesays.com\/fr\/wp-json\/wp\/v2\/categories?post=375891"},{"taxonomy":"post_tag","embeddable":true,"href":"https:\/\/www.europesays.com\/fr\/wp-json\/wp\/v2\/tags?post=375891"}],"curies":[{"name":"wp","href":"https:\/\/api.w.org\/{rel}","templated":true}]}}