{"id":375904,"date":"2025-09-08T18:56:45","date_gmt":"2025-09-08T18:56:45","guid":{"rendered":"https:\/\/www.europesays.com\/fr\/375904\/"},"modified":"2025-09-08T18:56:45","modified_gmt":"2025-09-08T18:56:45","slug":"mondial-rugby-la-fin-de-match-irreelle-du-xv-de-france-militaire-en-finale","status":"publish","type":"post","link":"https:\/\/www.europesays.com\/fr\/375904\/","title":{"rendered":"Mondial Rugby | La fin de match irr\u00e9elle du XV de France militaire en finale"},"content":{"rendered":"<p><strong>Comme s\u2019il n\u2019y avait pas d\u00e9j\u00e0 suffisamment de comp\u00e9titions qui nous nuisaient, voici que nous tombons sur la Coupe du monde f\u00e9minine de rugby militaire. C\u2019est pour nous achever.<\/strong><\/p>\n<blockquote class=\"twitter-tweet\">\n<p dir=\"ltr\" lang=\"fr\"><a href=\"https:\/\/twitter.com\/hashtag\/BravoZulu?src=hash&amp;ref_src=twsrc%5Etfw\" rel=\"nofollow noopener\" target=\"_blank\">#BravoZulu<\/a> | La semaine derni\u00e8re, les joueuses de l\u2019\u00e9quipe de France militaire de Rugby se sont impos\u00e9es en finale face au Fidjiennes 14 \u00e0 12 \u00e0 Gloucester au Royaume-Uni \ud83c\uddec\ud83c\udde7 lors de la coupe du monde militaire \ud83c\udfc6. Parmi les joueuses de l\u2019EFM de Rugby\ud83c\udfc9, 6 font partie de la Marine. <a href=\"https:\/\/t.co\/YarxrGbzke\" rel=\"nofollow\">pic.twitter.com\/YarxrGbzke<\/a><\/p>\n<p>\u2014 Marine nationale (@MarineNationale) <a href=\"https:\/\/twitter.com\/MarineNationale\/status\/1965063337533968746?ref_src=twsrc%5Etfw\" rel=\"nofollow noopener\" target=\"_blank\">September 8, 2025<\/a><\/p>\n<\/blockquote>\n<p>La France sur le toit du monde au rugby, apr\u00e8s une finale irrespirable<\/p>\n<p>En parall\u00e8le de <a href=\"https:\/\/fflose.com\/mondial-rugby-lessai-de-50-metres-inadmissible-de-joanna-grisez-face-a-lafrique-du-sud\/\" rel=\"nofollow noopener\" target=\"_blank\">la Coupe du monde f\u00e9minine de rugby<\/a>, le XV de France militaire dispute \u00e9galement son Mondial en Angleterre. Et quatre ans apr\u00e8s leur sacre lors de la premi\u00e8re \u00e9dition, les Fran\u00e7aises remettaient leur titre en jeu. En esp\u00e9rant secr\u00e8tement que celui-ci change de mains. Mais apr\u00e8s leur victoire 31-12 sur les Britanniques en demi-finales, notre dernier espoir reposait sur les \u00e9paules des Fidjiennes en finale. Et il faut bien avouer que ces derni\u00e8res ont exauc\u00e9 nos v\u0153ux durant 80 minutes.<\/p>\n<p>En effet, dans le stade de Gloucester, les Fran\u00e7aises sont men\u00e9es 12-9 au bout des 80 minutes. Alors que la possession est fran\u00e7aise, on redoute n\u00e9anmoins une derni\u00e8re inspiration fatale. Mais contre toute attente, les Fidjiennes s\u2019emparent du ballon, et n\u2019ont plus qu\u2019\u00e0 d\u00e9gager le ballon hors des limites du terrain pour devenir championnes du monde. Mais le pire se produit ; emport\u00e9es par l\u2019\u00e9nergie du d\u00e9sespoir, les Bleues r\u00e9cup\u00e8rent le ballon et se rapprochent dangereusement de l\u2019en-but fidjien. Nous n\u2019arrivons plus \u00e0 tenir en place. Alors qu\u2019on joue depuis une minute apr\u00e8s la sir\u00e8ne, les Fran\u00e7aises parviennent \u00e0 forcer le verrou fidjien, et marquent un essai en coin. Le XV de France est champion du monde pour la deuxi\u00e8me fois cons\u00e9cutive, et sur la derni\u00e8re action de la finale. C\u2019en est trop pour nous.<\/p>\n<p style=\"text-align: center;\">\n<p>Les Fran\u00e7aises sont revenues de nulle part, et rendent ce sacre mondial encore plus douloureux. Courage \u00e0 nous, admirateurs de la lose tricolore, nous devons encore survivre durant 114 jours avant de voir la lumi\u00e8re de 2026.<\/p>\n<blockquote class=\"twitter-tweet\">\n<p dir=\"ltr\" lang=\"fr\">Championnes du Monde pour la deuxi\u00e8me fois cons\u00e9cutive \ud83c\udfc6\ud83c\uddeb\ud83c\uddf7<\/p>\n<p>Les Bleues de l\u2019\u00c9quipe de France militaire conservent leur titre en battant les Fidji (12-14) \ud83d\udc4f <a href=\"https:\/\/t.co\/DlH7mTMIVr\" rel=\"nofollow\">pic.twitter.com\/DlH7mTMIVr<\/a><\/p>\n<p>\u2014 TOP 14 Rugby (@top14rugby) <a href=\"https:\/\/twitter.com\/top14rugby\/status\/1963913681864942051?ref_src=twsrc%5Etfw\" rel=\"nofollow noopener\" target=\"_blank\">September 5, 2025<\/a><\/p>\n<\/blockquote>\n<p>                         <a href=\"https:\/\/fflose.com\/author\/tomgaleron\/\" class=\"url\" title=\"Tom\" rel=\"nofollow noopener\" target=\"_blank\"> <img loading=\"lazy\" decoding=\"async\" alt=\"Tom\" src=\"https:\/\/www.europesays.com\/fr\/wp-content\/uploads\/2025\/09\/1757357805_822_42b7cbe105414bcd1f96d432c56f293f\"  class=\"avatar avatar-250 photo\" height=\"250\" width=\"250\"\/><\/a> <\/p>\n<p>Natif de Marseille, autant vous dire qu&rsquo;il est pr\u00e9f\u00e9rable de ne pas me parler de football en ce moment. Merci pour votre compr\u00e9hension.<\/p>\n<p> <a href=\"https:\/\/fflose.com\/author\/tomgaleron\/\" class=\"url\" title=\"Tom\" rel=\"nofollow noopener\" target=\"_blank\"><img loading=\"lazy\" decoding=\"async\" alt=\"Tom\" src=\"https:\/\/www.europesays.com\/fr\/wp-content\/uploads\/2025\/09\/1757357805_822_42b7cbe105414bcd1f96d432c56f293f\"  class=\"avatar avatar-250 photo\" height=\"250\" width=\"250\"\/><\/a>  <\/p>\n<p><script async src=\"https:\/\/platform.twitter.com\/widgets.js\" charset=\"utf-8\"><\/script><\/p>\n","protected":false},"excerpt":{"rendered":"Comme s\u2019il n\u2019y avait pas d\u00e9j\u00e0 suffisamment de comp\u00e9titions qui nous nuisaient, voici que nous tombons sur la&hellip;\n","protected":false},"author":2,"featured_media":375905,"comment_status":"","ping_status":"","sticky":false,"template":"","format":"standard","meta":{"footnotes":""},"categories":[1416],"tags":[1011,27,479,1468,60],"class_list":{"0":"post-375904","1":"post","2":"type-post","3":"status-publish","4":"format-standard","5":"has-post-thumbnail","7":"category-rugby","8":"tag-fr","9":"tag-france","10":"tag-rugby","11":"tag-rugby-football","12":"tag-sports"},"share_on_mastodon":{"url":"https:\/\/pubeurope.com\/@fr\/115170206259956962","error":""},"_links":{"self":[{"href":"https:\/\/www.europesays.com\/fr\/wp-json\/wp\/v2\/posts\/375904","targetHints":{"allow":["GET"]}}],"collection":[{"href":"https:\/\/www.europesays.com\/fr\/wp-json\/wp\/v2\/posts"}],"about":[{"href":"https:\/\/www.europesays.com\/fr\/wp-json\/wp\/v2\/types\/post"}],"author":[{"embeddable":true,"href":"https:\/\/www.europesays.com\/fr\/wp-json\/wp\/v2\/users\/2"}],"replies":[{"embeddable":true,"href":"https:\/\/www.europesays.com\/fr\/wp-json\/wp\/v2\/comments?post=375904"}],"version-history":[{"count":0,"href":"https:\/\/www.europesays.com\/fr\/wp-json\/wp\/v2\/posts\/375904\/revisions"}],"wp:featuredmedia":[{"embeddable":true,"href":"https:\/\/www.europesays.com\/fr\/wp-json\/wp\/v2\/media\/375905"}],"wp:attachment":[{"href":"https:\/\/www.europesays.com\/fr\/wp-json\/wp\/v2\/media?parent=375904"}],"wp:term":[{"taxonomy":"category","embeddable":true,"href":"https:\/\/www.europesays.com\/fr\/wp-json\/wp\/v2\/categories?post=375904"},{"taxonomy":"post_tag","embeddable":true,"href":"https:\/\/www.europesays.com\/fr\/wp-json\/wp\/v2\/tags?post=375904"}],"curies":[{"name":"wp","href":"https:\/\/api.w.org\/{rel}","templated":true}]}}