{"id":375914,"date":"2025-09-08T19:06:47","date_gmt":"2025-09-08T19:06:47","guid":{"rendered":"https:\/\/www.europesays.com\/fr\/375914\/"},"modified":"2025-09-08T19:06:47","modified_gmt":"2025-09-08T19:06:47","slug":"mercato-patouillet-et-al-hilal-cest-officiel","status":"publish","type":"post","link":"https:\/\/www.europesays.com\/fr\/375914\/","title":{"rendered":"Mercato : Patouillet et Al-Hilal, c&rsquo;est officiel"},"content":{"rendered":"<p>                            <img width=\"770\" height=\"433\" src=\"https:\/\/www.europesays.com\/fr\/wp-content\/uploads\/2025\/08\/IMG_2272-770x433.jpg\" class=\"attachment-article size-article wp-post-image\" alt=\"Mathieu Patouillet, gardien de l'OL\" decoding=\"async\" fetchpriority=\"high\"  \/><\/p>\n<p>Mathieu Patouillet, gardien de l\u2019OL (cr\u00e9dit : David Hernandez)<\/p>\n<p>Mathieu Patouillet rejoint Al-Hilal en Arabie saoudite. Un transfert moyennant 342.000 euros, avec un int\u00e9ressement de 20 % sur une \u00e9ventuelle plus-value pour l&rsquo;OL.<\/p>\n<p>Cela faisait <a href=\"https:\/\/www.olympique-et-lyonnais.com\/ol-mercato-barre-par-la-concurrence-patouillet-se-dirige-vers-larabie-saoudite,378814.html\" target=\"_blank\" rel=\"noreferrer noopener nofollow\">d\u00e9j\u00e0 quelques jours<\/a> que les deux partis avaient trouv\u00e9 un consensus sur ce transfert. Depuis ce lundi, <a href=\"https:\/\/www.olympique-et-lyonnais.com\/mercato-mathieu-patouillet-annonce-son-depart-de-lol,379217.html\" rel=\"nofollow noopener\" target=\"_blank\">c&rsquo;est officiel<\/a>. Mathieu <strong>Patouillet <\/strong>portera bien le maillot du club d<strong>&lsquo;Al-Hilal<\/strong> cette saison. Quatri\u00e8me gardien de <strong>l&rsquo;OL<\/strong>, il sortait malgr\u00e9 tout de deux bons exercices avec <strong>Sochaux, <\/strong>en pr\u00eat.<\/p>\n<p>Mais l&rsquo;arriv\u00e9e de Dominik <strong>Greif <\/strong>et les prestations de R\u00e9my <strong>Descamps <\/strong>lui ont rapidement fait comprendre qu&rsquo;il n&rsquo;aurait pas sa place dans le groupe de Paulo <strong>Fonseca <\/strong>cette ann\u00e9e. La preuve, le portier de 21 ans n&rsquo;aurait pas accept\u00e9 de prolonger entre Rh\u00f4ne et Sa\u00f4ne alors qu&rsquo;il lui restait un an de contrat.<\/p>\n<p>Al-Hilal pour suppl\u00e9er Bono pendant la CAN<\/p>\n<p>L&rsquo;Arabie saoudite sera donc le nouveau terrain d&rsquo;expression pour le vainqueur de la Coupe Gambardella\u00a02022. Comme pour un floril\u00e8ge de joueurs par ailleurs. Lui qui retrouvera Jo\u00e3o\u00a0<strong>Cancelo<\/strong>, Darwin <strong>N\u00fa\u00f1ez<\/strong>, R\u00faben\u00a0<strong>Neves <\/strong>ou encore <strong>Malcom<\/strong> par exemple.<\/p>\n<p>D&rsquo;autant qu&rsquo;il sera assur\u00e9 d&rsquo;un temps de jeu. Lui qui remplacera le num\u00e9ro 1, <strong>Bono<\/strong>, lorsqu&rsquo;il rejoindra le Maroc pour la CAN (21 d\u00e9cembre-18 janvier 2026). L&rsquo;opportunit\u00e9 pour lui de lancer sa carri\u00e8re professionnel en premi\u00e8re division, apr\u00e8s avoir \u0153uvr\u00e9 en National et montr\u00e9 ce qu&rsquo;il vallait.<\/p>\n","protected":false},"excerpt":{"rendered":"Mathieu Patouillet, gardien de l\u2019OL (cr\u00e9dit : David Hernandez) Mathieu Patouillet rejoint Al-Hilal en Arabie saoudite. Un transfert&hellip;\n","protected":false},"author":2,"featured_media":307017,"comment_status":"","ping_status":"","sticky":false,"template":"","format":"standard","meta":{"footnotes":""},"categories":[1410],"tags":[63,1011,27,1434,241,50983,60],"class_list":{"0":"post-375914","1":"post","2":"type-post","3":"status-publish","4":"format-standard","5":"has-post-thumbnail","7":"category-football","8":"tag-football","9":"tag-fr","10":"tag-france","11":"tag-mercato","12":"tag-ol","13":"tag-patouillet","14":"tag-sports"},"share_on_mastodon":{"url":"https:\/\/pubeurope.com\/@fr\/115170245577299900","error":""},"_links":{"self":[{"href":"https:\/\/www.europesays.com\/fr\/wp-json\/wp\/v2\/posts\/375914","targetHints":{"allow":["GET"]}}],"collection":[{"href":"https:\/\/www.europesays.com\/fr\/wp-json\/wp\/v2\/posts"}],"about":[{"href":"https:\/\/www.europesays.com\/fr\/wp-json\/wp\/v2\/types\/post"}],"author":[{"embeddable":true,"href":"https:\/\/www.europesays.com\/fr\/wp-json\/wp\/v2\/users\/2"}],"replies":[{"embeddable":true,"href":"https:\/\/www.europesays.com\/fr\/wp-json\/wp\/v2\/comments?post=375914"}],"version-history":[{"count":0,"href":"https:\/\/www.europesays.com\/fr\/wp-json\/wp\/v2\/posts\/375914\/revisions"}],"wp:featuredmedia":[{"embeddable":true,"href":"https:\/\/www.europesays.com\/fr\/wp-json\/wp\/v2\/media\/307017"}],"wp:attachment":[{"href":"https:\/\/www.europesays.com\/fr\/wp-json\/wp\/v2\/media?parent=375914"}],"wp:term":[{"taxonomy":"category","embeddable":true,"href":"https:\/\/www.europesays.com\/fr\/wp-json\/wp\/v2\/categories?post=375914"},{"taxonomy":"post_tag","embeddable":true,"href":"https:\/\/www.europesays.com\/fr\/wp-json\/wp\/v2\/tags?post=375914"}],"curies":[{"name":"wp","href":"https:\/\/api.w.org\/{rel}","templated":true}]}}