{"id":375915,"date":"2025-09-08T19:08:54","date_gmt":"2025-09-08T19:08:54","guid":{"rendered":"https:\/\/www.europesays.com\/fr\/375915\/"},"modified":"2025-09-08T19:08:54","modified_gmt":"2025-09-08T19:08:54","slug":"je-suis-ecoeure-lex-vilebrequin-sylvain-levy-empeche-de-commenter-top-gear-france-lors-du-z-event-2025","status":"publish","type":"post","link":"https:\/\/www.europesays.com\/fr\/375915\/","title":{"rendered":"\u00ab\u00a0Je suis \u00e9c\u0153ur\u00e9\u00a0\u00bb\u00a0: l\u2019ex-Vilebrequin Sylvain L\u00e9vy emp\u00each\u00e9 de commenter \u00ab\u00a0Top Gear France\u00a0\u00bb lors du Z Event 2025"},"content":{"rendered":"<p class=\"paragraph text_align_left lp-f-body-02\">C\u2019\u00e9tait l\u2019un de ses \u00ab donation goals \u00bb, il n\u2019a pas pu l\u2019accomplir. <a href=\"https:\/\/www.leparisien.fr\/high-tech\/pierre-a-vole-tout-largent-le-youtubeur-sylvain-lyve-contre-attaque-apres-la-rupture-de-vilebrequin-10-01-2025-3DQQPVNXB5DFZBXLTXL54PW7GU.php\" target=\"_blank\" rel=\"noreferrer noopener\">Le youtubeur et streamer Sylvain L\u00e9vy<\/a>, ex-membre du duo <a href=\"https:\/\/www.leparisien.fr\/high-tech\/le-duo-vilebrequin-la-plus-grosse-chaine-youtube-automobile-francaise-annonce-sa-separation-10-12-2023-3FY6DKTLLZCXFBTUTD4FTST5LU.php\" target=\"_blank\" rel=\"noreferrer noopener\">Vilebrequin<\/a>, a d\u00fb renoncer \u00e0 regarder en direct avec ses abonn\u00e9s un \u00e9pisode <a href=\"https:\/\/www.leparisien.fr\/culture-loisirs\/tv\/affaire-vilebrequin-les-coulisses-du-tournage-chaotique-de-top-gear-france-anime-par-les-youtubeurs-16-01-2025-TPWCOKWSWJDJTLVUUYDNZZJLUQ.php\" target=\"_blank\" rel=\"noreferrer noopener\">de l\u2019\u00e9mission \u00ab Top Gear France \u00bb<\/a> lors du <a href=\"https:\/\/www.leparisien.fr\/high-tech\/z-event-2025-polemique-autour-dune-streameuse-qui-promet-un-rendez-vous-avec-un-fan-pour-un-1-million-deuros-06-09-2025-JTYUGEOWLZDHPI6J5NZ74IODTY.php\" target=\"_blank\" rel=\"noreferrer noopener\">Z Event 2025<\/a> ce dimanche 7 septembre.<\/p>\n<p class=\"paragraph text_align_left lp-f-body-02\">En cause, une mise en demeure par la production, BBC Studios France, qui lui interdisait la diffusion du programme. Format qu\u2019il a pourtant anim\u00e9 pendant une saison avec son ex-comp\u00e8re, avant leur s\u00e9paration brutale <a href=\"https:\/\/www.leparisien.fr\/culture-loisirs\/affaire-vilebrequin-5-minutes-pour-comprendre-pourquoi-les-youtubeurs-sylvain-levy-et-pierre-chabrier-se-dechirent-11-01-2025-PKWJP3VHQJDADFDASLUQP3O7I4.php\" target=\"_blank\" rel=\"noreferrer noopener\">et leurs r\u00e8glements de compte par vid\u00e9os interpos\u00e9es<\/a>. Mais pourquoi voulait-il retransmettre cette archive t\u00e9l\u00e9visuelle diffus\u00e9e au printemps 2024 sur RMC D\u00e9couverte ?<\/p>\n<p>Une diffusion comment\u00e9e pour encourager les dons<\/p>\n<p class=\"paragraph text_align_left lp-f-body-02\">Dans <a href=\"https:\/\/www.leparisien.fr\/high-tech\/cest-quoi-z-event-le-plus-gros-evenement-caritatif-en-ligne-de-france-qui-demarre-vendredi-05-09-2025-YDGJR7AILVFO7KQIQ7T67UBOHM.php\" target=\"_blank\" rel=\"noreferrer noopener\">le cadre du Z Event 2025<\/a>, qui se tenait ce week-end, les streamers participants cr\u00e9aient des contenus pour divertir leurs abonn\u00e9s et les encourager \u00e0 effectuer des dons pour diverses associations. Sylvain L\u00e9vy, sous son pseudo \u00ab Sylvain Lyve \u00bb, faisait partie des joyeux lurons qui encha\u00eenaient depuis vendredi soir les sessions de stream.<\/p>\n<p class=\"paragraph text_align_left lp-f-body-02\">Comme tous les autres participants, le trentenaire passionn\u00e9 d\u2019automobile avait r\u00e9v\u00e9l\u00e9 en amont de l\u2019\u00e9v\u00e9nement ses \u00ab donation goals \u00bb : \u00e0 chaque palier de dons franchi, il s\u2019engageait \u00e0 r\u00e9aliser une action pr\u00e9cise. Par exemple, jouer \u00e0 \u00ab Geoguessr \u00bb avec un autre streamer apr\u00e8s 10 000 euros, ou r\u00e9aliser une tombola au-del\u00e0 de 150 000 euros. Ces objectifs sont cens\u00e9s motiver les spectateurs \u00e0 donner de l\u2019argent, pour faire grimper la cagnotte.<\/p>\n<p class=\"paragraph text_align_left lp-f-body-02\">Son \u00ab donation goal \u00bb le plus \u00e9lev\u00e9 pr\u00e9voyait, apr\u00e8s 300 000 euros r\u00e9colt\u00e9s, la retransmission et le commentaire d\u2019un \u00e9pisode \u00ab Top Gear France \u00bb anim\u00e9 <a href=\"https:\/\/www.leparisien.fr\/culture-loisirs\/tv\/rupture-de-vilebrequin-au-coeur-de-la-racebox-le-simulateur-de-courses-que-pierre-chabrier-ouvrira-dans-loise-18-01-2025-GKCS6VCR2JENDH3NMQA75UEPAY.php\" target=\"_blank\" rel=\"noreferrer noopener\">par Vilebrequin<\/a>. \u00ab Je paye \u00e0 chaque moment malaise \u00bb, annon\u00e7ait-il d\u2019embl\u00e9e, ce qui augurait de la r\u00e9v\u00e9lation des coulisses du tournage de cette saison.<\/p>\n<p>\u00ab J\u2019\u00e9tais au t\u00e9l\u00e9phone avec mon avocat \u00bb<\/p>\n<p class=\"paragraph text_align_left lp-f-body-02\">Mais un coup de t\u00e9l\u00e9phone de son avocat a coup\u00e9 court au projet. \u00ab Je suis parti un petit peu longtemps \u00bb, amorce-t-il en revenant face cam\u00e9ra, une demi-heure apr\u00e8s avoir c\u00e9l\u00e9br\u00e9 la barre symbolique. \u00ab J\u2019\u00e9tais au t\u00e9l\u00e9phone avec mon avocat. Je vais parler avec beaucoup de parcimonie parce qu\u2019on est sur des choses qui sont attaquables au tribunal. Personne ne pensait que l\u2019on ferait 300 000 euros, ils viennent d\u2019arriver et \u00e7a a fait peur <a href=\"https:\/\/www.leparisien.fr\/video\/video-elle-fume-tout-le-monde-le-multipla-1300-cv-de-vilebrequin-attire-55-000-fans-a-magny-cours-05-06-2023-3VHOSI73ERGD7FH2S6KBAR3WQI.php\" target=\"_blank\" rel=\"noreferrer noopener\">aux producteurs de l\u2019\u00e9mission Top Gear France<\/a> \u00bb, explique-t-il l\u2019air hagard, comme sonn\u00e9 par ce qu\u2019il vient d\u2019apprendre \u00e0 l\u2019autre bout du fil.<\/p>\n<p class=\"paragraph text_align_left lp-f-body-02\">Il a ensuite tenu \u00e0 lire la mise en demeure adress\u00e9e \u00e0 ses avocats : \u00ab Nous avons vu que Sylvain avait mis en subgoal une r\u00e9action de sa saison de Top Gear, avec comme ligne \u00e9ditoriale de ne pas dire du bien. C\u2019est dr\u00f4le, mais m\u00e9chant, as usual. Sachez que vous n\u2019avez pas les droits pour le faire. \u00bb<\/p>\n<blockquote class=\"twitter-tweet\">\n<p lang=\"fr\" dir=\"ltr\">La production de Top Gear France interdit \u00e0 Sylvain L\u00e9vy de faire un react d&rsquo;un \u00e9pisode de la saison Vilebrequin de Top Gear, qui \u00e9tait un donation goal de son <a href=\"https:\/\/twitter.com\/hashtag\/ZEVENT?src=hash&amp;ref_src=twsrc%5Etfw\" target=\"_blank\" rel=\"noopener\">#ZEVENT<\/a>.<\/p>\n<p>Celui-ci se dit \u00e9c\u0153ur\u00e9 et vient de couper son stream. <a href=\"https:\/\/t.co\/7tyNPgqZBP\">pic.twitter.com\/7tyNPgqZBP<\/a><\/p>\n<p>\u2014 Julien Pernici (@JulienPernici) <a href=\"https:\/\/twitter.com\/JulienPernici\/status\/1964781099131015589?ref_src=twsrc%5Etfw\" target=\"_blank\" rel=\"noopener\">September 7, 2025<\/a><\/p><\/blockquote>\n<p>\u00ab Je suis incroyablement \u00e9nerv\u00e9 \u00bb<\/p>\n<p class=\"paragraph text_align_left lp-f-body-02\">\u00ab Je suis \u00e9c\u0153ur\u00e9. Je suis incroyablement \u00e9nerv\u00e9. (\u2026) Je rappelle que ce sont des gens qui ont t\u00e9l\u00e9charg\u00e9 les \u00e9pisodes sur YouTube dans l\u2019id\u00e9e de pouvoir toucher un maximum de gens, qui ont donn\u00e9 \u00e0 Pierre (Chabrier, son ex-acolyte) le droit de r\u00e9agir sur sa cha\u00eene Twitch. Et dans un \u00e9v\u00e9nement caritatif, nous rappeler un dimanche soir alors que la cagnotte d\u00e9passe les 300 000 euros, que l\u2019on n\u2019a pas le droit de le faire\u2026 \u00bb, d\u00e9plore-t-il dans une vive \u00e9motion, avant d\u2019interrompre le stream pendant quelques instants.<\/p>\n<p class=\"paragraph text_align_left lp-f-body-02\">Une dizaine de minutes plus tard, il revient toujours tr\u00e8s \u00e9mu. \u00ab On ne parle plus de \u00e7a, je n\u2019ai pas envie d\u2019avoir des probl\u00e8mes \u00bb, insiste-t-il dans la soir\u00e9e, alors que plusieurs streamers ont accouru pour s\u2019enqu\u00e9rir de sa situation.<\/p>\n<p class=\"paragraph text_align_left lp-f-body-02\">Contact\u00e9s, ni la cha\u00eene RMC D\u00e9couverte ni BBC Studios France n\u2019avaient donn\u00e9 suite \u00e0 nos sollicitations ce lundi en fin d\u2019apr\u00e8s-midi. Au total, le <a href=\"https:\/\/www.leparisien.fr\/high-tech\/zevent-2025-levenement-caritatif-en-ligne-depasse-les-115-millions-deuros-recoltes-un-nouveau-record-07-09-2025-YYF5TCNUWRHMVEOG7LZ2K64GSA.php\" target=\"_blank\" rel=\"noreferrer noopener\">Z Event 2025 a permis de lever plus de 16 millions d\u2019euros<\/a> gr\u00e2ce aux multiples streamers pr\u00e9sents. \u00c0 lui seul, Sylvain L\u00e9vy a r\u00e9colt\u00e9 401 999 euros, ce qui en fait le huiti\u00e8me meilleur \u00ab donateur \u00bb dans un classement domin\u00e9 par Domingo, Antoine Daniel et ZeratoR.<\/p>\n<p><script async src=\"https:\/\/platform.twitter.com\/widgets.js\" charset=\"utf-8\"><\/script><\/p>\n","protected":false},"excerpt":{"rendered":"C\u2019\u00e9tait l\u2019un de ses \u00ab donation goals \u00bb, il n\u2019a pas pu l\u2019accomplir. Le youtubeur et streamer Sylvain&hellip;\n","protected":false},"author":2,"featured_media":375916,"comment_status":"","ping_status":"","sticky":false,"template":"","format":"standard","meta":{"footnotes":""},"categories":[1359],"tags":[872,58,59,1011,27,3746,973,2205],"class_list":{"0":"post-375915","1":"post","2":"type-post","3":"status-publish","4":"format-standard","5":"has-post-thumbnail","7":"category-people","8":"tag-culture-et-loisirs","9":"tag-divertissement","10":"tag-entertainment","11":"tag-fr","12":"tag-france","13":"tag-futurs","14":"tag-people","15":"tag-television-medias"},"share_on_mastodon":{"url":"https:\/\/pubeurope.com\/@fr\/115170257339897612","error":""},"_links":{"self":[{"href":"https:\/\/www.europesays.com\/fr\/wp-json\/wp\/v2\/posts\/375915","targetHints":{"allow":["GET"]}}],"collection":[{"href":"https:\/\/www.europesays.com\/fr\/wp-json\/wp\/v2\/posts"}],"about":[{"href":"https:\/\/www.europesays.com\/fr\/wp-json\/wp\/v2\/types\/post"}],"author":[{"embeddable":true,"href":"https:\/\/www.europesays.com\/fr\/wp-json\/wp\/v2\/users\/2"}],"replies":[{"embeddable":true,"href":"https:\/\/www.europesays.com\/fr\/wp-json\/wp\/v2\/comments?post=375915"}],"version-history":[{"count":0,"href":"https:\/\/www.europesays.com\/fr\/wp-json\/wp\/v2\/posts\/375915\/revisions"}],"wp:featuredmedia":[{"embeddable":true,"href":"https:\/\/www.europesays.com\/fr\/wp-json\/wp\/v2\/media\/375916"}],"wp:attachment":[{"href":"https:\/\/www.europesays.com\/fr\/wp-json\/wp\/v2\/media?parent=375915"}],"wp:term":[{"taxonomy":"category","embeddable":true,"href":"https:\/\/www.europesays.com\/fr\/wp-json\/wp\/v2\/categories?post=375915"},{"taxonomy":"post_tag","embeddable":true,"href":"https:\/\/www.europesays.com\/fr\/wp-json\/wp\/v2\/tags?post=375915"}],"curies":[{"name":"wp","href":"https:\/\/api.w.org\/{rel}","templated":true}]}}