{"id":375917,"date":"2025-09-08T19:10:41","date_gmt":"2025-09-08T19:10:41","guid":{"rendered":"https:\/\/www.europesays.com\/fr\/375917\/"},"modified":"2025-09-08T19:10:41","modified_gmt":"2025-09-08T19:10:41","slug":"haute-savoie-sallanches-il-photographie-laiguille-du-midi-devant-la-lune-de-sang-le-dauphine-libere","status":"publish","type":"post","link":"https:\/\/www.europesays.com\/fr\/375917\/","title":{"rendered":"Haute-Savoie. Sallanches : il photographie l\u2019aiguille du Midi devant la lune de sang &#8211; Le Dauphin\u00e9 Lib\u00e9r\u00e9"},"content":{"rendered":"<ol>\n<li><a href=\"https:\/\/news.google.com\/rss\/articles\/CBMivwFBVV95cUxOZU1EQ21KY1gxYlNuOWJCSE55OTlSNXYyb1Jxay1UZmVQVkR6a2lTLXJ1NDNROTJvVUg5eHNCQ3U1VG01dG50SWZhbVJHUHdIdjV2dlhYeFl3V0xlUDk0VERSZ0tBdk5rREQ2WDJjWjZ0Y0FrTTVGTGhtWndxNVpWcjNsczduR0FseHAyVUpOWXYzc3JZLXlKTlZ1ZWdid2MxVzZUUllKV0FaMUdSbTN1cUh3N0lmUmlpb1Zua3ZBZw?oc=5\" target=\"_blank\" rel=\"noopener\">Haute-Savoie. Sallanches : il photographie l\u2019aiguille du Midi devant la lune de sang<\/a>&nbsp;&nbsp;Le Dauphin\u00e9 Lib\u00e9r\u00e9<\/li>\n<li><a href=\"https:\/\/news.google.com\/rss\/articles\/CBMingFBVV95cUxNYWpIQWNoUWdwV2RjemtVdDh1V2xVcUlDZm92NXFFdEJ3NERILUlSSnVLOUpRXzNOODUyNk1nYzZFMThmTm80dS1PeWlWY2hhUkM0Ti13d2FzdDEwVVEtelAzQWVHblI3b2M2SnBfUkdwSzk5eHh0bWtibTFNeVhQRFJaZnJxVEd2ZHFnaEwxdDBkLVRMUkFGeUdKU0FaUQ?oc=5\" target=\"_blank\" rel=\"noopener\">En images : Les plus belles photos de la \u00ab Lune de sang \u00bb de ce dimanche<\/a>&nbsp;&nbsp;20 Minutes<\/li>\n<li><a href=\"https:\/\/news.google.com\/rss\/articles\/CBMivAFBVV95cUxOQS1BYlJsVjI1cENOVFR3a2NUQ0hTSEJUeEVPRmhGclJJWkpmNDZRNVJBaVA4azRRaFRLbjFKbi1lczNpT1VQaHlRQUZtOHFRZXg4U2M2Z1VkTnVhcm9HekJUdldGbzZQNmN6TG5tVDd5aTVaLVc3ZF9nYURWSEdpR1k4RlBGWUdKWWNkbG5QWW1XSlZKT2dQWDdIc1JtNGZKbzRBN0hVNXdvU0ZoZklmQ1NuOWlLZ0FiU0dQOQ?oc=5\" target=\"_blank\" rel=\"noopener\">Daix. Ils ont trouv\u00e9 le meilleur endroit pour observer l\u2019\u00e9clipse de Lune<\/a>&nbsp;&nbsp;Le Bien Public<\/li>\n<li><a href=\"https:\/\/news.google.com\/rss\/articles\/CBMi4AFBVV95cUxNRFNkb016N2lybWVRLUgwT3hlUkh6X1l5QmNjUEZvZXctaEdnMDlxUzBEOXQ0RFc5RzNWeV9fMzNDaXJMVjg2WUhBYnlwLVNWcGgyU2ljbDdKd01tRmUxdFNCaGJTX1RZX1BkMmxMVTgwcEZFNkoyOGtkTURoNlF5STlUaHpmbnIwVkJ5dWtTRzVoUU4wcmV0SFdKckN5SDl2VEMxNy1NN1hOcWhIVkFDWXlRVllwdnkyVVVYMFp3TmpZTzBwX29SSWc2cFdNWFhnVzE5VHdzTzF0cm41UmpmZg?oc=5\" target=\"_blank\" rel=\"noopener\">\u00c9clipse lunaire totale de ce soir : o\u00f9 et quand observer cette rare \u00ab Lune de Sang \u00bb ?<\/a>&nbsp;&nbsp;La Cha\u00eene M\u00e9t\u00e9o<\/li>\n<li><a href=\"https:\/\/news.google.com\/rss\/articles\/CBMikwFBVV95cUxNR2Vvc1pJTXh2cy16M3NQS1BTaktHTG5RV0RYdDlrUUZmMVYxbVhoRktJNEpMMUROaGsyWjhSYW53ZjVtaVJuUndVRVJZWnQ5V29JbkxkdG1DT3hrLVBKWDN2c25CMlRoZzJSMjY2R2lYOUZybGxPYlFIZzFmaVg2c3M0TTBuaDBCeVdRTGQ4elNJb2s?oc=5\" target=\"_blank\" rel=\"noopener\">Franche-Comt\u00e9. La Lune de sang photographi\u00e9e au Ballon d&rsquo;Alsace<\/a>&nbsp;&nbsp;L&rsquo;Est R\u00e9publicain<\/li>\n<\/ol>\n","protected":false},"excerpt":{"rendered":"Haute-Savoie. Sallanches : il photographie l\u2019aiguille du Midi devant la lune de sang&nbsp;&nbsp;Le Dauphin\u00e9 Lib\u00e9r\u00e9 En images :&hellip;\n","protected":false},"author":2,"featured_media":375918,"comment_status":"","ping_status":"","sticky":false,"template":"","format":"standard","meta":{"footnotes":""},"categories":[1358],"tags":[1348,1384,1385,1687,1386,58,9543,59,107,1011,27,4638,2661,9541,9542,3140],"class_list":{"0":"post-375917","1":"post","2":"type-post","3":"status-publish","4":"format-standard","5":"has-post-thumbnail","7":"category-arts-et-design","8":"tag-arts","9":"tag-arts-and-design","10":"tag-arts-et-design","11":"tag-culture-loisirs","12":"tag-design","13":"tag-divertissement","14":"tag-edition-mont-blanc-arve","15":"tag-entertainment","16":"tag-fil-info","17":"tag-fr","18":"tag-france","19":"tag-haute-savoie","20":"tag-patrimoine-culturel","21":"tag-sallanches","22":"tag-sallanches-bassin","23":"tag-spectacle"},"share_on_mastodon":{"url":"https:\/\/pubeurope.com\/@fr\/115170261211054941","error":""},"_links":{"self":[{"href":"https:\/\/www.europesays.com\/fr\/wp-json\/wp\/v2\/posts\/375917","targetHints":{"allow":["GET"]}}],"collection":[{"href":"https:\/\/www.europesays.com\/fr\/wp-json\/wp\/v2\/posts"}],"about":[{"href":"https:\/\/www.europesays.com\/fr\/wp-json\/wp\/v2\/types\/post"}],"author":[{"embeddable":true,"href":"https:\/\/www.europesays.com\/fr\/wp-json\/wp\/v2\/users\/2"}],"replies":[{"embeddable":true,"href":"https:\/\/www.europesays.com\/fr\/wp-json\/wp\/v2\/comments?post=375917"}],"version-history":[{"count":0,"href":"https:\/\/www.europesays.com\/fr\/wp-json\/wp\/v2\/posts\/375917\/revisions"}],"wp:featuredmedia":[{"embeddable":true,"href":"https:\/\/www.europesays.com\/fr\/wp-json\/wp\/v2\/media\/375918"}],"wp:attachment":[{"href":"https:\/\/www.europesays.com\/fr\/wp-json\/wp\/v2\/media?parent=375917"}],"wp:term":[{"taxonomy":"category","embeddable":true,"href":"https:\/\/www.europesays.com\/fr\/wp-json\/wp\/v2\/categories?post=375917"},{"taxonomy":"post_tag","embeddable":true,"href":"https:\/\/www.europesays.com\/fr\/wp-json\/wp\/v2\/tags?post=375917"}],"curies":[{"name":"wp","href":"https:\/\/api.w.org\/{rel}","templated":true}]}}