{"id":375919,"date":"2025-09-08T19:13:32","date_gmt":"2025-09-08T19:13:32","guid":{"rendered":"https:\/\/www.europesays.com\/fr\/375919\/"},"modified":"2025-09-08T19:13:32","modified_gmt":"2025-09-08T19:13:32","slug":"prix-vendredi-2025-syndicat-national-de-ledition","status":"publish","type":"post","link":"https:\/\/www.europesays.com\/fr\/375919\/","title":{"rendered":"Prix Vendredi 2025 &#8211; Syndicat national de l&rsquo;\u00e9dition"},"content":{"rendered":"<p><a href=\"https:\/\/www.sne.fr\/app\/uploads\/2025\/09\/Selection.jpg\" target=\"_blank\" rel=\"noopener nofollow\"><img fetchpriority=\"high\" decoding=\"async\" class=\"aligncenter wp-image-43412 size-large\" src=\"https:\/\/www.europesays.com\/fr\/wp-content\/uploads\/2025\/09\/Selection-819x1024.jpg\" alt=\"\" width=\"819\" height=\"1024\"  \/><\/a><\/p>\n<p>Premier grand prix national de litt\u00e9rature adolescente en langue fran\u00e7aise, le Prix Vendredi a \u00e9t\u00e9 cr\u00e9\u00e9 en 2017 par le groupe des \u00e9diteurs Jeunesse du Syndicat national de l\u2019\u00e9dition pour valoriser le dynamisme et la qualit\u00e9 de cr\u00e9ation de la litt\u00e9rature jeunesse contemporaine.<\/p>\n<p>Chaque ann\u00e9e, une\u00a0<strong>s\u00e9lection de 10 ouvrages francophones<\/strong> destin\u00e9s aux plus de 13 ans, publi\u00e9s entre le 1\u1d49\u02b3 octobre de l\u2019ann\u00e9e pr\u00e9c\u00e9dente et le 30 septembre de l\u2019\u00e9dition en cours, est \u00e9tablie par un\u00a0<a href=\"https:\/\/www.prixvendredi.fr\/\" rel=\"external nofollow noopener\" onclick=\"this.target=&#039;_blank&#039;;\" target=\"_blank\"><strong>jury de professionnels<\/strong><\/a>.<\/p>\n<p>Un second <strong>Prix Vendredi des Lecteurs du pass Culture<\/strong>, en collaboration avec le dispositif pass Culture, distingue depuis 2023 un roman choisi par neuf jur\u00e9s \u00e2g\u00e9s de 15 \u00e0 19 ans.<\/p>\n<p>Pour l\u2019\u00e9dition 2025, les titres retenus sont :<\/p>\n<ul>\n<li>\u00c0 croquer, Anne-Fleur Multon, \u00c9ditions Thierry Magnier<\/li>\n<li>C\u00e9l\u00e8bre \u00e0 en mourir, Alain Gagnol, Syros<\/li>\n<li>Dans le ventre de Fianna Sinn, Fanny Chartres, L\u2019\u00e9cole des Loisirs<\/li>\n<li>La part du vent, Nathalie Bernard, \u00c9ditions Thierry Magnier<\/li>\n<li>Le Franc\u0153ur, Marie-Aude Murail &amp; Constance Robert-Murail, L\u2019\u00e9cole des Loisirs<\/li>\n<li>Le silence est \u00e0 nous, Coline Pierr\u00e9, Flammarion Jeunesse<\/li>\n<li>Les fronti\u00e8res \u00e9carlates, Sol\u00e8ne Ayangma, Talents Hauts<\/li>\n<li>Nina perd le nord, C\u00e9line Gourjault, Seuil Jeunesse<\/li>\n<li>Saint-Marie-des-Haines-Infinies, Louise Mey, La ville br\u00fble<\/li>\n<li>V\u00e9da s\u2019en va, Sarah Maeght, Albin Michel<\/li>\n<\/ul>\n<p><strong>Rendez-vous le mardi 4 novembre 2025\u00a0\u00e0 la m\u00e9diath\u00e8que Fran\u00e7oise Sagan (75010) pour la proclamation du laur\u00e9at ou de la laur\u00e9ate des Prix !<\/strong><\/p>\n","protected":false},"excerpt":{"rendered":"Premier grand prix national de litt\u00e9rature adolescente en langue fran\u00e7aise, le Prix Vendredi a \u00e9t\u00e9 cr\u00e9\u00e9 en 2017&hellip;\n","protected":false},"author":2,"featured_media":375920,"comment_status":"","ping_status":"","sticky":false,"template":"","format":"standard","meta":{"footnotes":""},"categories":[1357],"tags":[1379,58,59,1011,27,1380],"class_list":{"0":"post-375919","1":"post","2":"type-post","3":"status-publish","4":"format-standard","5":"has-post-thumbnail","7":"category-livres","8":"tag-books","9":"tag-divertissement","10":"tag-entertainment","11":"tag-fr","12":"tag-france","13":"tag-livres"},"share_on_mastodon":{"url":"https:\/\/pubeurope.com\/@fr\/115170273162007408","error":""},"_links":{"self":[{"href":"https:\/\/www.europesays.com\/fr\/wp-json\/wp\/v2\/posts\/375919","targetHints":{"allow":["GET"]}}],"collection":[{"href":"https:\/\/www.europesays.com\/fr\/wp-json\/wp\/v2\/posts"}],"about":[{"href":"https:\/\/www.europesays.com\/fr\/wp-json\/wp\/v2\/types\/post"}],"author":[{"embeddable":true,"href":"https:\/\/www.europesays.com\/fr\/wp-json\/wp\/v2\/users\/2"}],"replies":[{"embeddable":true,"href":"https:\/\/www.europesays.com\/fr\/wp-json\/wp\/v2\/comments?post=375919"}],"version-history":[{"count":0,"href":"https:\/\/www.europesays.com\/fr\/wp-json\/wp\/v2\/posts\/375919\/revisions"}],"wp:featuredmedia":[{"embeddable":true,"href":"https:\/\/www.europesays.com\/fr\/wp-json\/wp\/v2\/media\/375920"}],"wp:attachment":[{"href":"https:\/\/www.europesays.com\/fr\/wp-json\/wp\/v2\/media?parent=375919"}],"wp:term":[{"taxonomy":"category","embeddable":true,"href":"https:\/\/www.europesays.com\/fr\/wp-json\/wp\/v2\/categories?post=375919"},{"taxonomy":"post_tag","embeddable":true,"href":"https:\/\/www.europesays.com\/fr\/wp-json\/wp\/v2\/tags?post=375919"}],"curies":[{"name":"wp","href":"https:\/\/api.w.org\/{rel}","templated":true}]}}