{"id":375921,"date":"2025-09-08T19:17:29","date_gmt":"2025-09-08T19:17:29","guid":{"rendered":"https:\/\/www.europesays.com\/fr\/375921\/"},"modified":"2025-09-08T19:17:29","modified_gmt":"2025-09-08T19:17:29","slug":"greys-anatomy-s08-e24-le-vent-tourne","status":"publish","type":"post","link":"https:\/\/www.europesays.com\/fr\/375921\/","title":{"rendered":"Grey&rsquo;s anatomy &#8211; S08 E24 &#8211; Le vent tourne"},"content":{"rendered":"<p id=\"descriptionPanel\" class=\"text-secondary mr-2 line-clamp-2 pr-2.5 overflow-visible\">Apr\u00e8s le crash, Cristina a une \u00e9paule d\u00e9mise. Arizona a une jambe cass\u00e9e et Meredith a un \u00e9clat de verre dans la cuisse. Jerry, le pilote, est coinc\u00e9 dans son si\u00e8ge. Meredith, Cristina et Mark cherchent Lexie et Derek. Ils retrouvent la jeune femme, coinc\u00e9e sous un d\u00e9bris de l\u2019avion. Elle est gravement bless\u00e9e et ils ne parviennent pas \u00e0 la d\u00e9gager. Mark veut \u00e0 tout prix croire qu\u2019elle va survivre, mais elle meurt apr\u00e8s avoir entendu Mark lui avouer son amour. Jerry affirme \u00e0 Arizona qu\u2019il y a un \u00e9metteur dans l\u2019avion. Celui-ci va donner un signal et les secours devraient les retrouver dans les quatre heures qui viennent. Un h\u00e9licopt\u00e8re passe au-dessus d\u2019eux, mais ne les voit pas. Les quatre heures s&rsquo;\u00e9coulent et rien ne se passe. Jerry pense que l\u2019\u00e9metteur est endommag\u00e9. Entre-temps, Meredith a retrouv\u00e9 Derek, bless\u00e9 au bras. Elle recoud sa plaie avec une \u00e9pingle \u00e0 nourrice.<\/p>\n<p>Afficher la version longue du r\u00e9sum\u00e9<a class=\"shrink-0\" href=\"https:\/\/www.tf1.fr\/tf1\/greys-anatomy\" target=\"_blank\" rel=\"noopener\"><img decoding=\"async\" src=\"https:\/\/www.europesays.com\/fr\/wp-content\/uploads\/2025\/08\/flux-program-card-portrait-1-greys-anatomy-saison-21-2693a1-f28875-d5f08c-0@1x.jpg\" width=\"138\" height=\"184\" alt=\"\" loading=\"eager\" fetchpriority=\"auto\" class=\"rounded-3px aspect-[3\/4] h-24 w-auto\" aria-hidden=\"true\"\/><\/a><\/p>\n","protected":false},"excerpt":{"rendered":"Apr\u00e8s le crash, Cristina a une \u00e9paule d\u00e9mise. Arizona a une jambe cass\u00e9e et Meredith a un \u00e9clat&hellip;\n","protected":false},"author":2,"featured_media":375922,"comment_status":"","ping_status":"","sticky":false,"template":"","format":"standard","meta":{"footnotes":""},"categories":[1356],"tags":[58,59,1365,43635,49673,41047,1011,27,43637,49674,43633,43645,43649,49672,49678,49680,49676,43641,43647,49679,43643,49677,252,1364,43639,49675],"class_list":{"0":"post-375921","1":"post","2":"type-post","3":"status-publish","4":"format-standard","5":"has-post-thumbnail","7":"category-television","8":"tag-divertissement","9":"tag-entertainment","10":"tag-episode","11":"tag-episode-greys-anatomy","12":"tag-episode-greys-anatomy-tf1","13":"tag-episode-tf1","14":"tag-fr","15":"tag-france","16":"tag-greys-anatomy-episode","17":"tag-greys-anatomy-episode-tf1","18":"tag-serie-greys-anatomy","19":"tag-serie-greys-anatomy-streaming","20":"tag-serie-greys-anatomy-streaming-gratuit","21":"tag-serie-greys-anatomy-tf1","22":"tag-serie-greys-anatomy-tf1-streaming","23":"tag-serie-greys-anatomy-tf1-streaming-gratuit","24":"tag-serie-greys-anatomy-tf1-video","25":"tag-serie-greys-anatomy-video","26":"tag-streaming-gratuit-serie-greys-anatomy","27":"tag-streaming-gratuit-serie-greys-anatomy-tf1","28":"tag-streaming-serie-greys-anatomy","29":"tag-streaming-serie-greys-anatomy-tf1","30":"tag-television","31":"tag-tv","32":"tag-video-serie-greys-anatomy","33":"tag-video-serie-greys-anatomy-tf1"},"share_on_mastodon":{"url":"","error":"Validation failed: Text character limit of 500 exceeded"},"_links":{"self":[{"href":"https:\/\/www.europesays.com\/fr\/wp-json\/wp\/v2\/posts\/375921","targetHints":{"allow":["GET"]}}],"collection":[{"href":"https:\/\/www.europesays.com\/fr\/wp-json\/wp\/v2\/posts"}],"about":[{"href":"https:\/\/www.europesays.com\/fr\/wp-json\/wp\/v2\/types\/post"}],"author":[{"embeddable":true,"href":"https:\/\/www.europesays.com\/fr\/wp-json\/wp\/v2\/users\/2"}],"replies":[{"embeddable":true,"href":"https:\/\/www.europesays.com\/fr\/wp-json\/wp\/v2\/comments?post=375921"}],"version-history":[{"count":0,"href":"https:\/\/www.europesays.com\/fr\/wp-json\/wp\/v2\/posts\/375921\/revisions"}],"wp:featuredmedia":[{"embeddable":true,"href":"https:\/\/www.europesays.com\/fr\/wp-json\/wp\/v2\/media\/375922"}],"wp:attachment":[{"href":"https:\/\/www.europesays.com\/fr\/wp-json\/wp\/v2\/media?parent=375921"}],"wp:term":[{"taxonomy":"category","embeddable":true,"href":"https:\/\/www.europesays.com\/fr\/wp-json\/wp\/v2\/categories?post=375921"},{"taxonomy":"post_tag","embeddable":true,"href":"https:\/\/www.europesays.com\/fr\/wp-json\/wp\/v2\/tags?post=375921"}],"curies":[{"name":"wp","href":"https:\/\/api.w.org\/{rel}","templated":true}]}}