{"id":375923,"date":"2025-09-08T19:18:32","date_gmt":"2025-09-08T19:18:32","guid":{"rendered":"https:\/\/www.europesays.com\/fr\/375923\/"},"modified":"2025-09-08T19:18:32","modified_gmt":"2025-09-08T19:18:32","slug":"ariana-grande-rose-ricky-martin-les-stars-recompensees-de-la-soiree","status":"publish","type":"post","link":"https:\/\/www.europesays.com\/fr\/375923\/","title":{"rendered":"Ariana Grande, Ros\u00e9, Ricky Martin\u2026 Les stars r\u00e9compens\u00e9es de la soir\u00e9e"},"content":{"rendered":"<p><img fetchpriority=\"high\" decoding=\"async\" alt=\"Lady Gaga aux MTV Video Music Awards le 7\u00a0septembre 2025.\" class=\"mb-s@xs radius-0@xs radius-xxs@md c-img\" loading=\"eager\" width=\"640\" height=\"408\" src=\"https:\/\/img.20mn.fr\/_PHSYrVsRtCvIBRyhKGaDSk\/640x408_lady-gaga-aux-mtv-video-music-awards-le-7-septembre-2025\" \/>Lady Gaga aux MTV Video Music Awards le 7\u00a0septembre 2025.\u2002-\u00a0Charles Sykes\/AP\/SIPA\u2002\/\u00a0SIPA<\/p>\n<p>Lady Gaga avait interrompu une s\u00e9rie de concerts pour venir recevoir sur sc\u00e8ne le prix de l\u2019artiste de l\u2019ann\u00e9e. Elle \u00e9tait en comp\u00e9tition pour la statuette de meilleure artiste avec d\u2019autres poids lourds du secteur comme Bad Bunny, Kendrick Lamar, <a href=\"https:\/\/www.20minutes.fr\/arts-stars\/people\/taylor_swift\/\" class=\"c-link c-link--is-underlined\" target=\"_blank\" rel=\"noopener\">Taylor Swift<\/a> et The Weeknd. Elle a aussi remport\u00e9 \u2013 entre autres \u2013 le prix de la meilleure collaboration avec Bruno Mars pour le morceau Die with a smile.<\/p>\n<p><img decoding=\"async\" alt=\"Ariana Grande aux MTV Video Music Awards le 7\u00a0septembre 2025.\" class=\"mb-s@xs radius-0@xs radius-xxs@md c-img\" loading=\"eager\" width=\"640\" height=\"408\" src=\"https:\/\/img.20mn.fr\/co9wbZj6SPyYebEy82YbECk\/640x408_ariana-grande-aux-mtv-video-music-awards-le-7-septembre-2025\" \/>Ariana Grande aux MTV Video Music Awards le 7\u00a0septembre 2025.\u2002-\u00a0Evan Agostini\/AP\/SIPA\u2002\/\u00a0SIPA<\/p>\n<p>De son c\u00f4t\u00e9, Ariana Grande a remport\u00e9 le prix de la vid\u00e9o de l\u2019ann\u00e9e avec son titre Brighter Days Ahead. Visiblement \u00e9mue au moment de recevoir sa r\u00e9compense, l\u2019autrice-interpr\u00e8te et actrice de 32 ans a longuement remerci\u00e9 ses fans, \u00ab\u00a0si f\u00e9rocement aimants et solidaires\u00a0\u00bb.<\/p>\n<p><img decoding=\"async\" alt=\"Alex Warren aux MTV Video Music Awards le 7\u00a0septembre 2025.\" class=\"mb-s@xs radius-0@xs radius-xxs@md c-img\" loading=\"eager\" width=\"640\" height=\"408\" src=\"https:\/\/img.20mn.fr\/0mY8cuFqSQODslCilAHwfyk\/640x408_alex-warren-aux-mtv-video-music-awards-le-7-septembre-2025\" \/>Alex Warren aux MTV Video Music Awards le 7\u00a0septembre 2025.\u2002-\u00a0UPI\/Newscom\/SIPA\u2002\/\u00a0SIPA<\/p>\n<p>Il \u00e9tait nomm\u00e9 dans plusieurs cat\u00e9gories et c\u2019est finalement celle du \u00ab\u00a0meilleur artiste \u00e9mergent\u00a0\u00bb qu\u2019a remport\u00e9 Alex Warren, artiste am\u00e9ricain de 24 ans. Sa chanson Ordinary, nomm\u00e9e parmi les \u00ab\u00a0chansons de l\u2019\u00e9t\u00e9\u00a0\u00bb, est l\u2019un des grands tubes de l\u2019ann\u00e9e.<\/p>\n<p><img decoding=\"async\" alt=\"Tate McRae sur la sc\u00e8ne des MTV Video Music Awards le 7\u00a0septembre 2025.\" class=\"mb-s@xs radius-0@xs radius-xxs@md c-img\" loading=\"eager\" width=\"640\" height=\"408\" src=\"https:\/\/img.20mn.fr\/14-jO5NRQky4EVTktD0_uCk\/640x408_tate-mc-rae-sur-la-scene-des-mtv-video-music-awards-le-7-septembre-2025\" \/>Tate McRae sur la sc\u00e8ne des MTV Video Music Awards le 7\u00a0septembre 2025.\u2002-\u00a0Charles Sykes\/AP\/SIPA\u2002\/\u00a0SIPA<\/p>\n<p>Mais c\u2019est la chanteuse de 22 ans Tate MacRae qui a remport\u00e9 la r\u00e9compense de la \u00ab\u00a0chanson de l\u2019\u00e9t\u00e9\u00a0\u00bb avec son titre Just Keep Watching (la chanson du film F1 sorti cette ann\u00e9e avec Brad Pitt).<\/p>\n<p><img decoding=\"async\" alt=\"Sabrina Carpenter aux MTV Video Music Awards le 7\u00a0septembre 2025.\" class=\"mb-s@xs radius-0@xs radius-xxs@md c-img\" loading=\"eager\" width=\"640\" height=\"408\" src=\"https:\/\/img.20mn.fr\/94EGpMnEQD-es8XY4BsBSik\/640x408_sabrina-carpenter-aux-mtv-video-music-awards-le-7-septembre-2025\" \/>Sabrina Carpenter aux MTV Video Music Awards le 7\u00a0septembre 2025.\u2002-\u00a0Evan Agostini\/AP\/SIPA\u2002\/\u00a0SIPA<\/p>\n<p><a href=\"https:\/\/www.20minutes.fr\/arts-stars\/people\/sabrina-carpenter\/\" class=\"c-link c-link--is-underlined\" target=\"_blank\" rel=\"noopener\">Sabrina Carpenter<\/a> a remport\u00e9 plusieurs r\u00e9compenses dont le titre du meilleur album de l\u2019ann\u00e9e avec Short n&rsquo; Sweet. Elle a aussi marqu\u00e9 les esprits lors de sa prestation en apportant son soutien aux personnes trans en arborant des pancartes exhortant \u00e0 prot\u00e9ger leurs droits, rapporte le <a href=\"https:\/\/www.huffingtonpost.fr\/culture\/article\/aux-mtv-vma-2025-la-prestation-de-sabrina-carpenter-s-est-montree-plus-engagee-que-prevu_254544.html\" target=\"_blank\" class=\"c-link c-link--is-underlined\" rel=\"noopener\">HuffPost<\/a>. Sur sc\u00e8ne, elle \u00e9tait aussi accompagn\u00e9e de drag-queens am\u00e9ricaines c\u00e9l\u00e8bres comme Lexi Love et Symone, appelant \u00e0 soutenir l\u2019art du drag.<\/p>\n<p><img decoding=\"async\" alt=\"Ricky Martin aux MTV Video Music Awards le 7\u00a0septembre 2025.\" class=\"mb-s@xs radius-0@xs radius-xxs@md c-img\" loading=\"eager\" width=\"640\" height=\"408\" src=\"https:\/\/img.20mn.fr\/2OoEWHz7S7O5GFq4wqtVGyk\/640x408_ricky-martin-aux-mtv-video-music-awards-le-7-septembre-2025\" \/>Ricky Martin aux MTV Video Music Awards le 7\u00a0septembre 2025.\u2002-\u00a0ImageSpace\/Sipa USA\/SIPA\u2002\/\u00a0SIPA<\/p>\n<p>Le chanteur star des ann\u00e9es\u00a01990 <a href=\"https:\/\/www.20minutes.fr\/dossier\/ricky_martin\" class=\"c-link c-link--is-underlined\" target=\"_blank\" rel=\"noopener\">Ricky Martin<\/a> \u00e9tait lui aussi de la partie dimanche aux MTV VMA. Le chanteur est reparti avec un \u00ab\u00a0Latin icon award\u00a0\u00bb \u00e0 l\u2019issue de la soir\u00e9e.<\/p>\n<p><img decoding=\"async\" alt=\"Mariah Carey aux MTV Video Music Awards le 7\u00a0septembre 2025.\" class=\"mb-s@xs radius-0@xs radius-xxs@md c-img\" loading=\"eager\" width=\"640\" height=\"408\" src=\"https:\/\/img.20mn.fr\/WA0oJUdUTl6sjHqZOJTp5Sk\/640x408_mariah-carey-aux-mtv-video-music-awards-le-7-septembre-2025\" \/>Mariah Carey aux MTV Video Music Awards le 7\u00a0septembre 2025.\u2002-\u00a0Charles Sykes\/AP\/SIPA\u2002\/\u00a0SIPA<\/p>\n<p>Autre l\u00e9gende de la musique, <a href=\"https:\/\/www.20minutes.fr\/arts-stars\/people\/mariah_carey\/\" class=\"c-link c-link--is-underlined\" target=\"_blank\" rel=\"noopener\">Mariah Carey<\/a> a re\u00e7u plusieurs r\u00e9compenses lors de cette soir\u00e9e, dont celle de la \u00ab\u00a0meilleure vid\u00e9o R\u2019n\u2019B\u00a0\u00bb pour son titre Type Dangerous.<\/p>\n<p><img decoding=\"async\" alt=\"Busta Rhymes aux MTV Video Music Awards le 7\u00a0septembre 2025.\" class=\"mb-s@xs radius-0@xs radius-xxs@md c-img\" loading=\"eager\" width=\"640\" height=\"408\" src=\"https:\/\/img.20mn.fr\/yFiKaPl1R5qCU_j6g2_lGyk\/640x408_busta-rhymes-aux-mtv-video-music-awards-le-7-septembre-2025\" \/>Busta Rhymes aux MTV Video Music Awards le 7\u00a0septembre 2025.\u2002-\u00a0ImageSpace\/Sipa USA\/SIPA\u2002\/\u00a0SIPA<\/p>\n<p>Le rappeur Busta Rhymes a lui aussi enflamm\u00e9 la sc\u00e8ne des MTV VMA en proposant un medley de ses plus grands hits, il a \u00e9galement re\u00e7u un prix r\u00e9compensant sa carri\u00e8re.<\/p>\n<p><img decoding=\"async\" alt=\"Ros\u00e9 aux MTV Video Music Awards le 7\u00a0septembre 2025.\" class=\"mb-s@xs radius-0@xs radius-xxs@md c-img\" loading=\"eager\" width=\"640\" height=\"408\" src=\"https:\/\/img.20mn.fr\/-zVcE3R4TWutwTfURBmI7yk\/640x408_rose-aux-mtv-video-music-awards-le-7-septembre-2025\" \/>Ros\u00e9 aux MTV Video Music Awards le 7\u00a0septembre 2025.\u2002-\u00a0Evan Agostini\/AP\/SIPA\u2002\/\u00a0SIPA<\/p>\n<p>La chanteuse Ros\u00e9, qui poursuit une carri\u00e8re solo apr\u00e8s avoir explos\u00e9 avec le groupe<a href=\"https:\/\/www.20minutes.fr\/arts-stars\/culture\/4166262-20250801-blackpink-concert-stade-france-week-end-voici-pourquoi-evenement\" class=\"c-link c-link--is-underlined\" target=\"_blank\" rel=\"noopener\"> Blackpink<\/a>, a re\u00e7u le titre de \u00ab\u00a0chanson de l\u2019ann\u00e9e\u00a0\u00bb pour son morceau APT, compos\u00e9 avec Bruno Mars. C\u2019est la premi\u00e8re fois qu\u2019une artiste de <a href=\"https:\/\/www.20minutes.fr\/arts-stars\/culture\/k-pop\/\" class=\"c-link c-link--is-underlined\" target=\"_blank\" rel=\"noopener\">K-Pop<\/a> remporte cette r\u00e9compense tr\u00e8s convoit\u00e9e. Par ailleurs, Blackpink a re\u00e7u de son c\u00f4t\u00e9 le prix du \u00ab\u00a0meilleur groupe\u00a0\u00bb.<\/p>\n<p><img decoding=\"async\" alt=\"Doja Cat aux MTV Video Music Awards le 7\u00a0septembre 2025.\" class=\"mb-s@xs radius-0@xs radius-xxs@md c-img\" loading=\"eager\" width=\"640\" height=\"408\" src=\"https:\/\/img.20mn.fr\/NS1PUHGTQUulifFiTt3Yyyk\/640x408_doja-cat-aux-mtv-video-music-awards-le-7-septembre-2025\" \/>Doja Cat aux MTV Video Music Awards le 7\u00a0septembre 2025.\u2002-\u00a0Evan Agostini\/AP\/SIPA\u2002\/\u00a0SIPA<\/p>\n","protected":false},"excerpt":{"rendered":"Lady Gaga aux MTV Video Music Awards le 7\u00a0septembre 2025.\u2002-\u00a0Charles Sykes\/AP\/SIPA\u2002\/\u00a0SIPA Lady Gaga avait interrompu une s\u00e9rie de&hellip;\n","protected":false},"author":2,"featured_media":375924,"comment_status":"","ping_status":"","sticky":false,"template":"","format":"standard","meta":{"footnotes":""},"categories":[1355],"tags":[27818,4150,1696,2704,251,58,59,73,1011,27,2531,50984,1361,873,5593,31477],"class_list":{"0":"post-375923","1":"post","2":"type-post","3":"status-publish","4":"format-standard","5":"has-post-thumbnail","7":"category-musique","8":"tag-ariana-grande","9":"tag-ceremonie","10":"tag-chanteur","11":"tag-chanteuse","12":"tag-culture","13":"tag-divertissement","14":"tag-entertainment","15":"tag-etats-unis","16":"tag-fr","17":"tag-france","18":"tag-lady-gaga","19":"tag-mtv","20":"tag-music","21":"tag-musique","22":"tag-recompense","23":"tag-sabrina-carpenter"},"share_on_mastodon":{"url":"https:\/\/pubeurope.com\/@fr\/115170293456650463","error":""},"_links":{"self":[{"href":"https:\/\/www.europesays.com\/fr\/wp-json\/wp\/v2\/posts\/375923","targetHints":{"allow":["GET"]}}],"collection":[{"href":"https:\/\/www.europesays.com\/fr\/wp-json\/wp\/v2\/posts"}],"about":[{"href":"https:\/\/www.europesays.com\/fr\/wp-json\/wp\/v2\/types\/post"}],"author":[{"embeddable":true,"href":"https:\/\/www.europesays.com\/fr\/wp-json\/wp\/v2\/users\/2"}],"replies":[{"embeddable":true,"href":"https:\/\/www.europesays.com\/fr\/wp-json\/wp\/v2\/comments?post=375923"}],"version-history":[{"count":0,"href":"https:\/\/www.europesays.com\/fr\/wp-json\/wp\/v2\/posts\/375923\/revisions"}],"wp:featuredmedia":[{"embeddable":true,"href":"https:\/\/www.europesays.com\/fr\/wp-json\/wp\/v2\/media\/375924"}],"wp:attachment":[{"href":"https:\/\/www.europesays.com\/fr\/wp-json\/wp\/v2\/media?parent=375923"}],"wp:term":[{"taxonomy":"category","embeddable":true,"href":"https:\/\/www.europesays.com\/fr\/wp-json\/wp\/v2\/categories?post=375923"},{"taxonomy":"post_tag","embeddable":true,"href":"https:\/\/www.europesays.com\/fr\/wp-json\/wp\/v2\/tags?post=375923"}],"curies":[{"name":"wp","href":"https:\/\/api.w.org\/{rel}","templated":true}]}}