{"id":375928,"date":"2025-09-08T19:21:10","date_gmt":"2025-09-08T19:21:10","guid":{"rendered":"https:\/\/www.europesays.com\/fr\/375928\/"},"modified":"2025-09-08T19:21:10","modified_gmt":"2025-09-08T19:21:10","slug":"top-14-nouveau-coup-dur-pour-jake-mcintyre-victime-dune-rupture-du-ligament-croise-anterieur","status":"publish","type":"post","link":"https:\/\/www.europesays.com\/fr\/375928\/","title":{"rendered":"Top 14 \u2013 Nouveau coup dur pour Jake McIntyre, victime d\u2019une rupture du ligament crois\u00e9 ant\u00e9rieur"},"content":{"rendered":"<p>\n                Les mauvaises nouvelles s\u2019encha\u00eenent pour l\u2019Usap\u00a0: apr\u00e8s avoir perdu Posolo Tuilagi, le club catalan doit d\u00e9plorer la blessure de son ouvreur Jake McIntyre. L\u2019Australien sera absent 6 \u00e0 8 mois.\n            <\/p>\n<p>L\u2019entame de la saison vire \u00e0 la catastrophe pour Perpignan. Sur le plan sportif, l\u2019Usap a perdu son premier match de Top 14 face \u00e0 Bayonne \u00e0 Aim\u00e9-Giral (19-26). Sur le plan m\u00e9dical, le club catalan a perdu deux joueurs tr\u00e8s importants sur blessure. Il y a d\u2019abord eu Posolo Tuilagi, <strong><a href=\"https:\/\/www.rugbyrama.fr\/2025\/09\/08\/top-14-le-deuxieme-ligne-de-lusap-posolo-tuilagi-absent-environ-un-mois-jake-mcintyre-en-attente-dexamens-12917565.php\" target=\"_self\" rel=\"nofollow noopener\">forfait de derni\u00e8re minute en raison\u00a0d\u2019une fracture de fatigue<\/a><\/strong> \u00e0 la jambe droite. Le deuxi\u00e8me ligne international, dont la puissance est un atout, devrait \u00eatre absent quatre \u00e0 cinq semaines. Pendant le match, il y a aussi eu la sortie sur blessure de Jake McIntyre.<\/p>\n<p>Nouvelle blessure au genou droit<\/p>\n<p>L\u2019Australien de 31 ans s\u2019est fait mal au genou droit en voulant plaquer\u00a0Tom Spring et les examens ont confirm\u00e9 les inqui\u00e9tudes. Selon <strong><a href=\"https:\/\/www.lindependant.fr\/2025\/09\/08\/top-14-le-verdict-est-tombe-louvreur-de-lusap-jake-mcintyre-va-manquer-plusieurs-mois-de-competition-cest-moins-grave-pour-posolo-tuilagi-12917839.php\" target=\"_self\" rel=\"nofollow noopener\">l\u2019Ind\u00e9pendant<\/a><\/strong>, l\u2019ouvreur souffre d\u2019une rupture du ligament crois\u00e9 ant\u00e9rieur. Une blessure courante mais tr\u00e8s s\u00e9rieuse, qui n\u00e9cessite une op\u00e9ration et une longue r\u00e9\u00e9ducation. McIntyre avait d\u00e9j\u00e0 \u00e9t\u00e9 touch\u00e9 \u00e0 ce genou la saison derni\u00e8re (rupture partielle du ligament lat\u00e9ral du genou droit). Il devrait\u00a0manquer entre 6 et 8 mois de comp\u00e9tition.<\/p>\n","protected":false},"excerpt":{"rendered":"Les mauvaises nouvelles s\u2019encha\u00eenent pour l\u2019Usap\u00a0: apr\u00e8s avoir perdu Posolo Tuilagi, le club catalan doit d\u00e9plorer la blessure&hellip;\n","protected":false},"author":2,"featured_media":375929,"comment_status":"","ping_status":"","sticky":false,"template":"","format":"standard","meta":{"footnotes":""},"categories":[9],"tags":[1011,27,60],"class_list":{"0":"post-375928","1":"post","2":"type-post","3":"status-publish","4":"format-standard","5":"has-post-thumbnail","7":"category-sports","8":"tag-fr","9":"tag-france","10":"tag-sports"},"share_on_mastodon":{"url":"https:\/\/pubeurope.com\/@fr\/115170304650734997","error":""},"_links":{"self":[{"href":"https:\/\/www.europesays.com\/fr\/wp-json\/wp\/v2\/posts\/375928","targetHints":{"allow":["GET"]}}],"collection":[{"href":"https:\/\/www.europesays.com\/fr\/wp-json\/wp\/v2\/posts"}],"about":[{"href":"https:\/\/www.europesays.com\/fr\/wp-json\/wp\/v2\/types\/post"}],"author":[{"embeddable":true,"href":"https:\/\/www.europesays.com\/fr\/wp-json\/wp\/v2\/users\/2"}],"replies":[{"embeddable":true,"href":"https:\/\/www.europesays.com\/fr\/wp-json\/wp\/v2\/comments?post=375928"}],"version-history":[{"count":0,"href":"https:\/\/www.europesays.com\/fr\/wp-json\/wp\/v2\/posts\/375928\/revisions"}],"wp:featuredmedia":[{"embeddable":true,"href":"https:\/\/www.europesays.com\/fr\/wp-json\/wp\/v2\/media\/375929"}],"wp:attachment":[{"href":"https:\/\/www.europesays.com\/fr\/wp-json\/wp\/v2\/media?parent=375928"}],"wp:term":[{"taxonomy":"category","embeddable":true,"href":"https:\/\/www.europesays.com\/fr\/wp-json\/wp\/v2\/categories?post=375928"},{"taxonomy":"post_tag","embeddable":true,"href":"https:\/\/www.europesays.com\/fr\/wp-json\/wp\/v2\/tags?post=375928"}],"curies":[{"name":"wp","href":"https:\/\/api.w.org\/{rel}","templated":true}]}}