{"id":375936,"date":"2025-09-08T19:25:12","date_gmt":"2025-09-08T19:25:12","guid":{"rendered":"https:\/\/www.europesays.com\/fr\/375936\/"},"modified":"2025-09-08T19:25:12","modified_gmt":"2025-09-08T19:25:12","slug":"un-helicoptere-russe-viole-lespace-aerien-de-lestonie-selon-son-ministre-des-affaires-etrangeres","status":"publish","type":"post","link":"https:\/\/www.europesays.com\/fr\/375936\/","title":{"rendered":"Un h\u00e9licopt\u00e8re russe viole l\u2019espace a\u00e9rien de l\u2019Estonie, selon son ministre des Affaires \u00e9trang\u00e8res"},"content":{"rendered":"<p>\u00abIl s\u2019agit de la troisi\u00e8me violation de ce type cette ann\u00e9e\u00bb en Estonie, a indiqu\u00e9 Margus Tsahkna, qualifiant cet \u00e9v\u00e9nement de \u00abnouvel incident grave et regrettable\u00bb.<\/p>\n<p class=\"fig-paragraph\">Le minist\u00e8re estonien des Affaires \u00e9trang\u00e8res a annonc\u00e9 ce lundi 8 septembre avoir convoqu\u00e9 le charg\u00e9 d&rsquo;affaires de l&rsquo;ambassade de\u00a0<a href=\"http:\/\/www.lefigaro.fr\/international\/russie-un-francais-arrete-et-place-en-detention-provisoire-20250908\" target=\"_blank\" data-fig-type=\"NewsFlash\" rel=\"noopener\" data-gtm-custom-categorie=\"navigation\" data-gtm-custom-action=\"crossclick\" data-gtm-custom-label=\"Contextuel\" data-gtm-event=\"customEventSPE\" data-fig-domain=\"LEFIGARO\">Russie<\/a>\u00a0pour protester contre la violation, la veille, de l&rsquo;espace a\u00e9rien de ce pays balte par un h\u00e9licopt\u00e8re russe.<\/p>\n<p class=\"fig-paragraph\">Dimanche, l&rsquo;appareil du type MI-8 est entr\u00e9 dans l&rsquo;espace a\u00e9rien estonien \u00e0 proximit\u00e9 de l&rsquo;\u00eele de Vaindloo, dans le golfe de Finlande.<\/p>\n<p>                                    <a class=\"fig-a11y-skip a11y-hidden\" href=\"#fig-a11y-skip-main-inarticle\"><br \/>\n        Passer la publicit\u00e9<br \/>\n    <\/a><\/p>\n<p class=\"fig-paragraph\">Le ministre estonien des Affaires \u00e9trang\u00e8res, Margus Tsahkna, a qualifi\u00e9 cet \u00e9v\u00e9nement de \u00abnouvel incident grave et regrettable\u00bb. \u00abIl s&rsquo;agit de la troisi\u00e8me violation de ce type cette ann\u00e9e\u00bb en\u00a0<a href=\"http:\/\/www.lefigaro.fr\/flash-actu\/l-estonie-notifie-a-l-onu-son-retrait-du-traite-interdisant-les-mines-antipersonnel-20250627\" target=\"_blank\" data-fig-type=\"NewsFlash\" rel=\"noopener\" data-gtm-custom-categorie=\"navigation\" data-gtm-custom-action=\"crossclick\" data-gtm-custom-label=\"Contextuel\" data-gtm-event=\"customEventSPE\" data-fig-domain=\"LEFIGARO\">Estonie<\/a>, pays de l&rsquo;Otan et de l&rsquo;UE, limitrophe de la Russie et alli\u00e9 ferme de l&rsquo;<a href=\"http:\/\/www.lefigaro.fr\/international\/la-conquete-de-l-ukraine-n-est-qu-un-debut-pour-vladimir-poutine-accuse-le-chancelier-allemand-20250908\" target=\"_blank\" data-fig-type=\"NewsFlash\" rel=\"noopener\" data-gtm-custom-categorie=\"navigation\" data-gtm-custom-action=\"crossclick\" data-gtm-custom-label=\"Contextuel\" data-gtm-event=\"customEventSPE\" data-fig-domain=\"LEFIGARO\">Ukraine<\/a>, a ajout\u00e9 le ministre sur le r\u00e9seau X.<\/p>\n<p class=\"fig-paragraph\">Selon l&rsquo;\u00e9tat-major des Forces de d\u00e9fense estoniennes, l&rsquo;h\u00e9licopt\u00e8re a p\u00e9n\u00e9tr\u00e9 dans l&rsquo;espace a\u00e9rien estonien pendant environ quatre minutes, sans plan de vol, avec un transpondeur d\u00e9sactiv\u00e9 et sans nouer une communication avec le service estonien du trafic a\u00e9rien au moment de l&rsquo;infraction. De pr\u00e9c\u00e9dents incidents semblables ont eu lieu le 13 mai et le 22 juin.<\/p>\n","protected":false},"excerpt":{"rendered":"\u00abIl s\u2019agit de la troisi\u00e8me violation de ce type cette ann\u00e9e\u00bb en Estonie, a indiqu\u00e9 Margus Tsahkna, qualifiant&hellip;\n","protected":false},"author":2,"featured_media":375937,"comment_status":"","ping_status":"","sticky":false,"template":"","format":"standard","meta":{"footnotes":""},"categories":[5],"tags":[259,11,260,1011,27,14,261,12,262,28],"class_list":{"0":"post-375936","1":"post","2":"type-post","3":"status-publish","4":"format-standard","5":"has-post-thumbnail","7":"category-international","8":"tag-actualite-internationale","9":"tag-actualites","10":"tag-affaires-etrangeres","11":"tag-fr","12":"tag-france","13":"tag-international","14":"tag-ministere-des-affaires-etrangeres","15":"tag-news","16":"tag-politique-etrangere","17":"tag-world"},"share_on_mastodon":{"url":"https:\/\/pubeurope.com\/@fr\/115170320441142741","error":""},"_links":{"self":[{"href":"https:\/\/www.europesays.com\/fr\/wp-json\/wp\/v2\/posts\/375936","targetHints":{"allow":["GET"]}}],"collection":[{"href":"https:\/\/www.europesays.com\/fr\/wp-json\/wp\/v2\/posts"}],"about":[{"href":"https:\/\/www.europesays.com\/fr\/wp-json\/wp\/v2\/types\/post"}],"author":[{"embeddable":true,"href":"https:\/\/www.europesays.com\/fr\/wp-json\/wp\/v2\/users\/2"}],"replies":[{"embeddable":true,"href":"https:\/\/www.europesays.com\/fr\/wp-json\/wp\/v2\/comments?post=375936"}],"version-history":[{"count":0,"href":"https:\/\/www.europesays.com\/fr\/wp-json\/wp\/v2\/posts\/375936\/revisions"}],"wp:featuredmedia":[{"embeddable":true,"href":"https:\/\/www.europesays.com\/fr\/wp-json\/wp\/v2\/media\/375937"}],"wp:attachment":[{"href":"https:\/\/www.europesays.com\/fr\/wp-json\/wp\/v2\/media?parent=375936"}],"wp:term":[{"taxonomy":"category","embeddable":true,"href":"https:\/\/www.europesays.com\/fr\/wp-json\/wp\/v2\/categories?post=375936"},{"taxonomy":"post_tag","embeddable":true,"href":"https:\/\/www.europesays.com\/fr\/wp-json\/wp\/v2\/tags?post=375936"}],"curies":[{"name":"wp","href":"https:\/\/api.w.org\/{rel}","templated":true}]}}