{"id":375938,"date":"2025-09-08T19:26:10","date_gmt":"2025-09-08T19:26:10","guid":{"rendered":"https:\/\/www.europesays.com\/fr\/375938\/"},"modified":"2025-09-08T19:26:10","modified_gmt":"2025-09-08T19:26:10","slug":"francois-bayrou-contraint-de-presenter-sa-demission-suivez-notre-direct","status":"publish","type":"post","link":"https:\/\/www.europesays.com\/fr\/375938\/","title":{"rendered":"Fran\u00e7ois Bayrou contraint de pr\u00e9senter sa d\u00e9mission, suivez notre direct"},"content":{"rendered":"<p class=\"mb-4 text-lg md:leading-8 break-words\">Il n\u2019y avait pas vraiment de suspense, et il n\u2019y a pas eu de surprise. Fran\u00e7ois Bayrou n\u2019a pas obtenu la confiance des d\u00e9put\u00e9s ce lundi \u00e0 l\u2019Assembl\u00e9e nationale. <a data-i13n=\"cpos:1;pos:1\" href=\"https:\/\/fr.news.yahoo.com\/fran%C3%A7ois-bayrou-n-m%C3%AAme-fait-145601322.html\" data-ylk=\"slk:Le discours du futur ex-Premier ministre;cpos:1;pos:1;elm:context_link;itc:0;sec:content-canvas;outcm:mb_qualified_link;_E:mb_qualified_link;ct:story;\" class=\"link  yahoo-link\" target=\"_blank\" rel=\"noopener\">Le discours du futur ex-Premier ministre<\/a>, o\u00f9 il a une nouvelle fois martel\u00e9 que le \u00ab\u00a0poids\u00a0\u00bb de la dette \u00e9tait devenu \u00ab\u00a0insupportable\u00a0\u00bb, n\u2019y aura rien chang\u00e9. La majorit\u00e9 des \u00e9lus, de la gauche au Rassemblement national en passant par les \u00e9cologistes et quelques membres des LR, ont vot\u00e9 contre (364 voix), laissant au camp pr\u00e9sidentiel une poign\u00e9e de soutiens (194 voix). Quinze d\u00e9put\u00e9s se sont abstenus.<\/p>\n<p class=\"mb-4 text-lg md:leading-8 break-words\">Fran\u00e7ois Bayrou devrait remettre sa d\u00e9mission, ainsi que celle de son gouvernement, \u00e0 Emmanuel Macron<a data-i13n=\"cpos:2;pos:1\" href=\"https:\/\/fr.news.yahoo.com\/fran%C3%A7ois-bayrou-remettra-d%C3%A9mission-%C3%A0-150324927.html\" data-ylk=\"slk:mardi matin;cpos:2;pos:1;elm:context_link;itc:0;sec:content-canvas;outcm:mb_qualified_link;_E:mb_qualified_link;ct:story;\" class=\"link  yahoo-link\" target=\"_blank\" rel=\"noopener\"> mardi matin<\/a>. Les cartes sont d\u00e9sormais entre les mains du pr\u00e9sident de la R\u00e9publique. Plusieurs sc\u00e9narios s\u2019offrent \u00e0 lui : une nouvelle dissolution ; la nomination au poste de Premier ministre d\u2019un proche issu du bloc central, mais toujours sans majorit\u00e9 assur\u00e9e ; l\u2019option d\u2019un repr\u00e9sentant d\u2019un Nouveau Front populaire divis\u00e9, qui ne disposerait que d\u2019une majorit\u00e9 relative ; ou encore celle d\u2019une personnalit\u00e9 du Rassemblement national, hypoth\u00e8se explosive \u00e0 laquelle Emmanuel Macron s\u2019est toujours oppos\u00e9 jusqu\u2019ici. D\u2019autres possibilit\u00e9s, comme l\u2019activation de l\u2019article 16 ou m\u00eame une d\u00e9mission pr\u00e9sidentielle, existent sur le papier mais paraissent hautement improbables. R\u00e9ponse dans les prochains jours.<\/p>\n<p>En direct64\u00a0mises \u00e0 jour<\/p>\n<ul class=\"xl:-mx-2\">\n<li class=\"mb-4 rounded-lg border border-[rgba(0,0,0,0.03)] bg-marshmallow px-4 pb-1 pt-4 md:mb-8 md:px-6 md:pb-2 md:pt-6 dark:bg-ramones\" data-jump-link-target=\"true\" id=\"a7e2025c-a2a0-447b-8ec2-7d65bb3ff057\">\n<p>lun. 8 septembre 2025 \u00e0 12:59 PM UTC\u22124<\/p>\n<p class=\"mb-4 text-lg md:leading-8 break-words\">Le Premier ministre Fran\u00e7ois Bayrou n&rsquo;obtient pas la confiance des d\u00e9put\u00e9s, annonce la pr\u00e9sidente de l&rsquo;Assembl\u00e9e nationale, Ya\u00ebl Braun-Pivet. Son gouvernement est donc renvers\u00e9. Il obtient 194 pour, et 364 contre, sur 558 exprim\u00e9s. Il y a eu 15 abstentions.<\/p>\n<p class=\"mb-4 text-lg md:leading-8 break-words\">Selon plusieurs m\u00e9dias, il remettra la d\u00e9mission de son gouvernement demain matin \u00e0 Emmanuel Macron, comme l&rsquo;exige l&rsquo;<a data-i13n=\"cpos:1;pos:1\" href=\"https:\/\/www.legifrance.gouv.fr\/loda\/article_lc\/LEGIARTI000006527530\" rel=\"nofollow noopener\" target=\"_blank\" data-ylk=\"slk:article 50 de la Constitution;cpos:1;pos:1;elm:context_link;itc:0;sec:content-canvas\" class=\"link \">article 50 de la Constitution<\/a>. Selon France Inter, sa d\u00e9mission sera remise vers 8h.<\/p>\n<p class=\"mb-4 text-lg md:leading-8 break-words\">\u00c0 noter que c&rsquo;est la premi\u00e8re fois en 42 votes de confiance qu&rsquo;un Premier ministre est renvers\u00e9. Un vote historique donc.<\/p>\n<\/li>\n<\/ul>\n<p>Afficher plus de mises \u00e0 jour<\/p>\n","protected":false},"excerpt":{"rendered":"Il n\u2019y avait pas vraiment de suspense, et il n\u2019y a pas eu de surprise. Fran\u00e7ois Bayrou n\u2019a&hellip;\n","protected":false},"author":2,"featured_media":375939,"comment_status":"","ping_status":"","sticky":false,"template":"","format":"standard","meta":{"footnotes":""},"categories":[4],"tags":[11,1011,27,431,5962,32034,12,3363,10253,1078,25],"class_list":{"0":"post-375938","1":"post","2":"type-post","3":"status-publish","4":"format-standard","5":"has-post-thumbnail","7":"category-france","8":"tag-actualites","9":"tag-fr","10":"tag-france","11":"tag-francois-bayrou","12":"tag-getty-images","13":"tag-la-confiance","14":"tag-news","15":"tag-premier-ministre","16":"tag-president-de-la-republique","17":"tag-rassemblement-national","18":"tag-republique-francaise"},"share_on_mastodon":{"url":"https:\/\/pubeurope.com\/@fr\/115170324326146220","error":""},"_links":{"self":[{"href":"https:\/\/www.europesays.com\/fr\/wp-json\/wp\/v2\/posts\/375938","targetHints":{"allow":["GET"]}}],"collection":[{"href":"https:\/\/www.europesays.com\/fr\/wp-json\/wp\/v2\/posts"}],"about":[{"href":"https:\/\/www.europesays.com\/fr\/wp-json\/wp\/v2\/types\/post"}],"author":[{"embeddable":true,"href":"https:\/\/www.europesays.com\/fr\/wp-json\/wp\/v2\/users\/2"}],"replies":[{"embeddable":true,"href":"https:\/\/www.europesays.com\/fr\/wp-json\/wp\/v2\/comments?post=375938"}],"version-history":[{"count":0,"href":"https:\/\/www.europesays.com\/fr\/wp-json\/wp\/v2\/posts\/375938\/revisions"}],"wp:featuredmedia":[{"embeddable":true,"href":"https:\/\/www.europesays.com\/fr\/wp-json\/wp\/v2\/media\/375939"}],"wp:attachment":[{"href":"https:\/\/www.europesays.com\/fr\/wp-json\/wp\/v2\/media?parent=375938"}],"wp:term":[{"taxonomy":"category","embeddable":true,"href":"https:\/\/www.europesays.com\/fr\/wp-json\/wp\/v2\/categories?post=375938"},{"taxonomy":"post_tag","embeddable":true,"href":"https:\/\/www.europesays.com\/fr\/wp-json\/wp\/v2\/tags?post=375938"}],"curies":[{"name":"wp","href":"https:\/\/api.w.org\/{rel}","templated":true}]}}