{"id":375942,"date":"2025-09-08T19:28:11","date_gmt":"2025-09-08T19:28:11","guid":{"rendered":"https:\/\/www.europesays.com\/fr\/375942\/"},"modified":"2025-09-08T19:28:11","modified_gmt":"2025-09-08T19:28:11","slug":"saint-priest-en-jarez-de-bonnes-idees-au-forum-des-associations","status":"publish","type":"post","link":"https:\/\/www.europesays.com\/fr\/375942\/","title":{"rendered":"Saint-Priest-en-Jarez. De bonnes id\u00e9es au forum des associations"},"content":{"rendered":"<p>Le 6\u00a0septembre s\u2019est tenu le forum des associations \u00e0 Saint-Priest-en-Jarez. Une quarantaine de stands \u00e9taient install\u00e9s \u00e0 la Bargette pour informer les visiteurs. La municipalit\u00e9 avait choisi d\u2019associer \u00e0 cet \u00e9v\u00e9nement l\u2019accueil des nouveaux arrivants sur la commune. Une dizaine de familles ont fait la connaissance des \u00e9lus et d\u00e9couvert le dynamisme de la vie associative.<\/p>\n","protected":false},"excerpt":{"rendered":"Le 6\u00a0septembre s\u2019est tenu le forum des associations \u00e0 Saint-Priest-en-Jarez. Une quarantaine de stands \u00e9taient install\u00e9s \u00e0 la&hellip;\n","protected":false},"author":2,"featured_media":375943,"comment_status":"","ping_status":"","sticky":false,"template":"","format":"standard","meta":{"footnotes":""},"categories":[9653],"tags":[1111,11,2430,7539,1777,674,1011,27,12,25,4001,9664,15696,104,1631],"class_list":{"0":"post-375942","1":"post","2":"type-post","3":"status-publish","4":"format-standard","5":"has-post-thumbnail","7":"category-saint-etienne","8":"tag-actu","9":"tag-actualites","10":"tag-auvergne-rhone-alpes","11":"tag-edition-loire-sud","12":"tag-eu","13":"tag-europe","14":"tag-fr","15":"tag-france","16":"tag-news","17":"tag-republique-francaise","18":"tag-saint-etienne","19":"tag-saint-etienne-bassin","20":"tag-saint-priest-en-jarez","21":"tag-societe","22":"tag-vie-associative"},"share_on_mastodon":{"url":"https:\/\/pubeurope.com\/@fr\/115170332168136611","error":""},"_links":{"self":[{"href":"https:\/\/www.europesays.com\/fr\/wp-json\/wp\/v2\/posts\/375942","targetHints":{"allow":["GET"]}}],"collection":[{"href":"https:\/\/www.europesays.com\/fr\/wp-json\/wp\/v2\/posts"}],"about":[{"href":"https:\/\/www.europesays.com\/fr\/wp-json\/wp\/v2\/types\/post"}],"author":[{"embeddable":true,"href":"https:\/\/www.europesays.com\/fr\/wp-json\/wp\/v2\/users\/2"}],"replies":[{"embeddable":true,"href":"https:\/\/www.europesays.com\/fr\/wp-json\/wp\/v2\/comments?post=375942"}],"version-history":[{"count":0,"href":"https:\/\/www.europesays.com\/fr\/wp-json\/wp\/v2\/posts\/375942\/revisions"}],"wp:featuredmedia":[{"embeddable":true,"href":"https:\/\/www.europesays.com\/fr\/wp-json\/wp\/v2\/media\/375943"}],"wp:attachment":[{"href":"https:\/\/www.europesays.com\/fr\/wp-json\/wp\/v2\/media?parent=375942"}],"wp:term":[{"taxonomy":"category","embeddable":true,"href":"https:\/\/www.europesays.com\/fr\/wp-json\/wp\/v2\/categories?post=375942"},{"taxonomy":"post_tag","embeddable":true,"href":"https:\/\/www.europesays.com\/fr\/wp-json\/wp\/v2\/tags?post=375942"}],"curies":[{"name":"wp","href":"https:\/\/api.w.org\/{rel}","templated":true}]}}