{"id":375954,"date":"2025-09-08T19:34:10","date_gmt":"2025-09-08T19:34:10","guid":{"rendered":"https:\/\/www.europesays.com\/fr\/375954\/"},"modified":"2025-09-08T19:34:10","modified_gmt":"2025-09-08T19:34:10","slug":"montpellier-un-afterwork-sur-les-sciences-du-vivant-dans-lespace","status":"publish","type":"post","link":"https:\/\/www.europesays.com\/fr\/375954\/","title":{"rendered":"Montpellier. Un afterwork sur les sciences du vivant dans l&rsquo;espace"},"content":{"rendered":"<p>Le p\u00f4le Aerospace Valley coorganise, le 18\u00a0septembre \u00e0 Montpellier, un afterwork sur le th\u00e8me du vivant dans l\u2019espace. La technologie spatiale fait d\u00e9j\u00e0 partie de notre quotidien\u00a0: GPS, pr\u00e9visions m\u00e9t\u00e9o, communications globales\u2026 Mais l\u2019espace ouvre aussi de nouveaux horizons pour les sciences du vivant. Dans cet environnement extr\u00eame (radiations, microgravit\u00e9, vide), les chercheurs testent les limites de l\u2019adaptation du vivant\u00a0: v\u00e9g\u00e9taux, cellules animales, \u00eatres humains, etc. \u00c0<\/p>\n<p>Montpellier, la recherche foisonne\u00a0: adaptation des plantes, production alimentaire en recyclage total, comportements de cellules canc\u00e9reuses en orbite, etc. Dans le chef lieu de l\u2019H\u00e9rault est lanc\u00e9 un collectif nomm\u00e9 Drimes (dynamique du r\u00e9seau interdisciplinaire Montpelli\u00e9rain des \u00e9cosyst\u00e8mes spatiaux). <a href=\"https:\/\/www.aerospace-valley.com\/agenda\/afterwork-montpellier-space-le-vivant-dans-lespace\" class=\"spip_out\" rel=\"external nofollow noopener\" target=\"_blank\">Plus d\u2019informations<\/a> et <a href=\"https:\/\/evenium.events\/d6k7cwzk\" class=\"spip_out\" rel=\"external nofollow noopener\" target=\"_blank\">inscriptions<\/a> en ligne.<\/p>\n<p>Afterwork \u00ab\u00a0Le vivant dans l\u2019espace\u00a0\u00bb. Le jeudi 18\u00a0septembre 2025, de 17 \u00e0 21 heures, \u00e0 la Cit\u00e9 de l\u2019\u00c9conomie et des m\u00e9tiers de demain, 132 boulevard Penelope, \u00e0 Montpellier.<\/p>\n","protected":false},"excerpt":{"rendered":"Le p\u00f4le Aerospace Valley coorganise, le 18\u00a0septembre \u00e0 Montpellier, un afterwork sur le th\u00e8me du vivant dans l\u2019espace.&hellip;\n","protected":false},"author":2,"featured_media":373637,"comment_status":"","ping_status":"","sticky":false,"template":"","format":"standard","meta":{"footnotes":""},"categories":[9599],"tags":[1111,11,1777,674,1011,27,2208,12,2680,50985,25,41,671],"class_list":{"0":"post-375954","1":"post","2":"type-post","3":"status-publish","4":"format-standard","5":"has-post-thumbnail","7":"category-montpellier","8":"tag-actu","9":"tag-actualites","10":"tag-eu","11":"tag-europe","12":"tag-fr","13":"tag-france","14":"tag-montpellier","15":"tag-news","16":"tag-occitanie","17":"tag-pole-aerospace-valley","18":"tag-republique-francaise","19":"tag-sciences","20":"tag-spatial"},"share_on_mastodon":{"url":"https:\/\/pubeurope.com\/@fr\/115170357061495933","error":""},"_links":{"self":[{"href":"https:\/\/www.europesays.com\/fr\/wp-json\/wp\/v2\/posts\/375954","targetHints":{"allow":["GET"]}}],"collection":[{"href":"https:\/\/www.europesays.com\/fr\/wp-json\/wp\/v2\/posts"}],"about":[{"href":"https:\/\/www.europesays.com\/fr\/wp-json\/wp\/v2\/types\/post"}],"author":[{"embeddable":true,"href":"https:\/\/www.europesays.com\/fr\/wp-json\/wp\/v2\/users\/2"}],"replies":[{"embeddable":true,"href":"https:\/\/www.europesays.com\/fr\/wp-json\/wp\/v2\/comments?post=375954"}],"version-history":[{"count":0,"href":"https:\/\/www.europesays.com\/fr\/wp-json\/wp\/v2\/posts\/375954\/revisions"}],"wp:featuredmedia":[{"embeddable":true,"href":"https:\/\/www.europesays.com\/fr\/wp-json\/wp\/v2\/media\/373637"}],"wp:attachment":[{"href":"https:\/\/www.europesays.com\/fr\/wp-json\/wp\/v2\/media?parent=375954"}],"wp:term":[{"taxonomy":"category","embeddable":true,"href":"https:\/\/www.europesays.com\/fr\/wp-json\/wp\/v2\/categories?post=375954"},{"taxonomy":"post_tag","embeddable":true,"href":"https:\/\/www.europesays.com\/fr\/wp-json\/wp\/v2\/tags?post=375954"}],"curies":[{"name":"wp","href":"https:\/\/api.w.org\/{rel}","templated":true}]}}