{"id":375955,"date":"2025-09-08T19:35:10","date_gmt":"2025-09-08T19:35:10","guid":{"rendered":"https:\/\/www.europesays.com\/fr\/375955\/"},"modified":"2025-09-08T19:35:10","modified_gmt":"2025-09-08T19:35:10","slug":"nos-5-moments-preferes-du-zevent-2025","status":"publish","type":"post","link":"https:\/\/www.europesays.com\/fr\/375955\/","title":{"rendered":"nos 5 moments pr\u00e9f\u00e9r\u00e9s du ZEvent 2025"},"content":{"rendered":"<p>            Par<br \/>\n        <strong><br \/>\n            <a href=\"https:\/\/actu.fr\/auteur\/metropoop\" title=\"Consulter tous les articles de R\u00e9daction M\u00e9tropolitain\" rel=\"nofollow noopener\" target=\"_blank\">R\u00e9daction M\u00e9tropolitain<\/a><br \/>\n        <\/strong><\/p>\n<p>        Publi\u00e9 le<\/p>\n<p>            8 sept. 2025 \u00e0 20h27        <\/p>\n<p>\u00ab <strong>16 179 096 \u20ac<\/strong> : c\u2019est la somme exceptionnelle et record r\u00e9colt\u00e9e lors de la 9\u1d49 \u00e9dition du <a href=\"https:\/\/zevent.fr\/\" rel=\"nofollow noopener\" target=\"_blank\"><strong>ZEvent<\/strong><\/a>, organis\u00e9e par <strong>Zerator<\/strong> et Alexandre \u201c<strong>Dach<\/strong>\u201d Dachary, qui s\u2019est tenue ce week-end \u00e0 <strong>Montpellier<\/strong> au profit d\u2019associations \u0153uvrant dans le domaine de la sant\u00e9. Une cagnotte qui d\u00e9passe largement celle de l\u2019an dernier, d\u00e9j\u00e0 impressionnante, avec <strong>un peu plus de 10 millions d\u2019euros<\/strong> collect\u00e9s.<\/p>\n<p class=\" wall-content\">Diffus\u00e9 en direct sur <strong>Twitch<\/strong> jusqu\u2019\u00e0 environ 1 h du matin ce lundi 8 septembre 2025, l\u2019\u00e9v\u00e9nement a offert plus de 50 heures de live et r\u00e9uni pr\u00e8s de <strong>300 streamers<\/strong> (une cinquantaine sur place et 276 en ligne). Et qui dit <strong>50 heures de stream<\/strong> dit forc\u00e9ment une foule de moments marquants et inoubliables. Voici donc notre s\u00e9lection des cinq temps forts qui ont marqu\u00e9 cette \u00e9dition 2025 du ZEvent.<\/p>\n<p>1. Le dernier rush d\u2019une \u00e9dition record<\/p>\n<p class=\" wall-content\">Commen\u00e7ons par la fin de l\u2019\u00e9v\u00e9nement. Comme chaque ann\u00e9e, le <strong>dernier rush du ZEvent<\/strong> a offert l\u2019un des moments les plus marquants du marathon caritatif. Alors qu\u2019aux alentours de 21 h, ce dimanche, la cagnotte atteignait \u201cseulement\u201d 11 millions d\u2019euros, le sprint final de cette 9\u1d49 \u00e9dition a permis de franchir la barre exceptionnelle des 16 millions de dons. Ces derni\u00e8res heures resteront sans doute parmi les plus intenses et embl\u00e9matiques de l\u2019histoire du ZEvent, tant par leur ambiance \u00e9lectrique que par l\u2019incroyable g\u00e9n\u00e9rosit\u00e9 du public.<\/p>\n<p class=\" wall-content\">\n<p class=\" wall-content\">Alors que la fatigue se lisait d\u00e9j\u00e0 depuis plusieurs heures sur les visages de nombreux streamers, l\u2019euphorie gagnait progressivement le plateau. Port\u00e9 par les donation goals \u2014 ces d\u00e9fis \u00e0 relever en fonction des montants atteints dans les cagnottes personnelles \u2014, le public francophone a d\u00e9clench\u00e9 un v\u00e9ritable tsunami de dons, donnant naissance \u00e0 une cagnotte jamais vue auparavant. En \u00e0 peine deux heures, plus de deux millions d\u2019euros suppl\u00e9mentaires ont \u00e9t\u00e9 collect\u00e9s, scellant un total d\u00e9sormais digne du livre des records. Un moment d\u2019unit\u00e9 intense, symbole de la force collective d\u2019une g\u00e9n\u00e9ration r\u00e9solument engag\u00e9e.<\/p>\n<p>2. Samuel Etienne qui se fait tatouer en direct<\/p>\n<p class=\" wall-content\">Vous le savez d\u00e9j\u00e0 : depuis quelques ann\u00e9es, le pr\u00e9sentateur t\u00e9l\u00e9 <a href=\"https:\/\/www.twitch.tv\/samueletienne\" rel=\"nofollow noopener\" target=\"_blank\"><strong>Samuel Etienne<\/strong><\/a> se passionne pour les streams et les vid\u00e9os en ligne. Cette ann\u00e9e, pr\u00e8s de 403 000 \u20ac ont \u00e9t\u00e9 r\u00e9colt\u00e9s gr\u00e2ce \u00e0 l\u2019un des chouchous des internautes fran\u00e7ais. Pour cette 9\u1d49 \u00e9dition, il s\u2019\u00e9tait fix\u00e9 comme donation goal de se faire tatouer \u201cun quatri\u00e8me dragon en direct\u201d si sa cagnotte personnelle atteignait 500 000 \u20ac de dons. M\u00eame si l\u2019objectif n\u2019a pas \u00e9t\u00e9 atteint, il a tenu \u00e0 faire plaisir \u00e0 ses abonn\u00e9s et a d\u00e9cid\u00e9 de se faire tatouer quand m\u00eame. Pendant pr\u00e8s de cinq heures, la tatoueuse montpelli\u00e9raine <a href=\"https:\/\/www.instagram.com\/luna.nekii\/?hl=fr\" rel=\"nofollow noopener\" target=\"_blank\">Luna Nekii<\/a> a r\u00e9alis\u00e9 <strong>un magnifique dragon sur le dos du streamer<\/strong>, ajoutant encore un peu plus de caract\u00e8re \u00e0 son corps d\u00e9j\u00e0 riche en tatouages.<\/p>\n<p>Vid\u00e9os : en ce moment sur Actu<\/p>\n<p class=\" wall-content\">\n<p>3. Le robot du ZEvent<\/p>\n<p class=\" wall-content\">Parmi les donation goals un peu loufoques de cette \u00e9dition, l\u2019un des plus marquants restera celui du streamer <strong><a href=\"https:\/\/www.twitch.tv\/byilhann\" rel=\"nofollow noopener\" target=\"_blank\">Byilhan<\/a><\/strong>, qui avait promis de ramener \u201cun robot humano\u00efde (vraiment un vrai)\u201d s\u2019il atteignait les 25 000 \u20ac de dons. Et il n\u2019a pas d\u00e9\u00e7u les internautes : <strong>un v\u00e9ritable robot<\/strong> est apparu ! Plus qu\u2019une simple touche futuriste, il est rapidement devenu une source de divertissement. Se d\u00e9pla\u00e7ant parmi les streamers (provoquant quelques frayeurs par-ci par-l\u00e0), dansant sur diff\u00e9rents styles et participant \u00e0 de nombreux lives, le robot s\u2019est impos\u00e9 en peu de temps comme une v\u00e9ritable mascotte de cette 9\u1d49 \u00e9dition.<\/p>\n<blockquote class=\"tiktok-embed\" cite=\"https:\/\/www.tiktok.com\/@samueletienneofficiel\/video\/7546943657421638934\" data-video-id=\"7546943657421638934\" data-embed-from=\"oembed\" style=\"max-width:605px; min-width:325px;\"><p>\n<a target=\"_blank\" title=\"@samueletienneofficiel\" href=\"https:\/\/www.tiktok.com\/@samueletienneofficiel?refer=embed\" rel=\"nofollow noopener\">@samueletienneofficiel<\/a> <\/p>\n<p>Un robot me surprend pendant le Zevent <a title=\"technology\" target=\"_blank\" href=\"https:\/\/www.tiktok.com\/tag\/technology?refer=embed\" rel=\"nofollow noopener\">#technology<\/a> <a title=\"robots\" target=\"_blank\" href=\"https:\/\/www.tiktok.com\/tag\/robots?refer=embed\" rel=\"nofollow noopener\">#robots<\/a> <a title=\"techtok\" target=\"_blank\" href=\"https:\/\/www.tiktok.com\/tag\/techtok?refer=embed\" rel=\"nofollow noopener\">#techtok<\/a> <a title=\"samueletienne\" target=\"_blank\" href=\"https:\/\/www.tiktok.com\/tag\/samueletienne?refer=embed\" rel=\"nofollow noopener\">#samueletienne<\/a> <a title=\"zevent2025\" target=\"_blank\" href=\"https:\/\/www.tiktok.com\/tag\/zevent2025?refer=embed\" rel=\"nofollow noopener\">#zevent2025<\/a><\/p>\n<p> <a target=\"_blank\" title=\"\u266c son original - Samuel Etienne - Samuel Etienne\" href=\"https:\/\/www.tiktok.com\/music\/son-original-Samuel-Etienne-7546943757275532055?refer=embed\" rel=\"nofollow noopener\">\u266c son original \u2013 Samuel Etienne \u2013 Samuel Etienne<\/a> <\/p>\n<\/blockquote>\n<p>Votre r\u00e9gion, votre actu !<\/p>\n<p>Recevez chaque jour les infos qui comptent pour vous.<\/p>\n<p>\t<a href=\"https:\/\/actu.fr\/newsletter\" class=\"ac-btn ac-btn--corner ac-btn--medium ac-btn--blue800\" rel=\"nofollow noopener\" target=\"_blank\">S&rsquo;incrire<\/a><\/p>\n<p class=\" wall-content\">Une nouveaut\u00e9 qui a malheureusement aussi suscit\u00e9 la pol\u00e9mique, apr\u00e8s la diffusion d\u2019un extrait d\u2019un live o\u00f9 les streamers Byilhan, <strong>Nico<\/strong> et <strong>Flamby<\/strong> poussaient le robot \u00e0 plusieurs reprises. De nombreux internautes ont exprim\u00e9 leur m\u00e9contentement, pointant une banalisation du harc\u00e8lement. Un incident qui interroge sur la place de l\u2019IA et de la robotique dans notre soci\u00e9t\u00e9\u2026<\/p>\n<p>4. Helydia, le grand saut dans le vide<\/p>\n<p class=\" wall-content\">\u00ab Le ZEvent, ce n\u2019est pas qu\u2019une course aux dons : c\u2019est aussi l\u2019occasion pour les streamers de se d\u00e9passer et de repousser leurs limites. Pour <a href=\"https:\/\/www.twitch.tv\/helydia\" rel=\"nofollow noopener\" target=\"_blank\"><strong>Helydia<\/strong><\/a>, cela s\u2019est traduit par <strong>un saut en parachute<\/strong>\u2026 en direct, oui, en live ! Un moment d\u00e9j\u00e0 culte qui illustre non seulement l\u2019engagement des participants pour soutenir ces causes solidaires, mais aussi la capacit\u00e9 du ZEvent \u00e0 cr\u00e9er des souvenirs collectifs et personnels, renfor\u00e7ant ainsi les liens avec leur communaut\u00e9. On peut \u00e9galement saluer la qualit\u00e9 impressionnante du travail technique r\u00e9alis\u00e9 par les \u00e9quipes de production et les streamers : le saut en parachute a \u00e9t\u00e9 diffus\u00e9 sans le moindre bug. De quoi susciter de nombreuses r\u00e9actions sur les r\u00e9seaux sociaux : \u201cComment ils font pour le r\u00e9seau\u202f?\u201d, \u201cLe plus fou, c\u2019est que le live ne plante pas !\u201d, ou encore \u201cWow\u2026 en live stream !\u201d<\/p>\n<blockquote class=\"tiktok-embed\" cite=\"https:\/\/www.tiktok.com\/@helydiaa\/video\/7547338831784152342\" data-video-id=\"7547338831784152342\" data-embed-from=\"oembed\" style=\"max-width:605px; min-width:325px;\"><p>\n<a target=\"_blank\" title=\"@helydiaa\" href=\"https:\/\/www.tiktok.com\/@helydiaa?refer=embed\" rel=\"nofollow noopener\">@helydiaa<\/a> <\/p>\n<p>J\u2019AI SAUT\u00c9 EN PARACHUTE EN LIVE <a title=\"helydia\" target=\"_blank\" href=\"https:\/\/www.tiktok.com\/tag\/helydia?refer=embed\" rel=\"nofollow noopener\">#helydia<\/a> <a title=\"pourtoi\" target=\"_blank\" href=\"https:\/\/www.tiktok.com\/tag\/pourtoi?refer=embed\" rel=\"nofollow noopener\">#pourtoi<\/a> <a title=\"twitchclips\" target=\"_blank\" href=\"https:\/\/www.tiktok.com\/tag\/twitchclips?refer=embed\" rel=\"nofollow noopener\">#twitchclips<\/a> <a title=\"zevent\" target=\"_blank\" href=\"https:\/\/www.tiktok.com\/tag\/zevent?refer=embed\" rel=\"nofollow noopener\">#zevent<\/a> <\/p>\n<p> <a target=\"_blank\" title=\"\u266c son original - helydia\" href=\"https:\/\/www.tiktok.com\/music\/son-original-7547338899432459030?refer=embed\" rel=\"nofollow noopener\">\u266c son original \u2013 helydia<\/a> <\/p>\n<\/blockquote>\n<p>5. Vald et Joyca en mode producteurs<\/p>\n<p class=\" wall-content\">Pour <strong><a href=\"https:\/\/www.twitch.tv\/joyca\" rel=\"nofollow noopener\" target=\"_blank\">Joyca<\/a><\/strong>, la musique occupe une place centrale dans sa carri\u00e8re. Et pour cette 9\u1d49 \u00e9dition du ZEvent, il ne pouvait pas passer \u00e0 c\u00f4t\u00e9 des donation goals li\u00e9s \u00e0 cet univers. Parmi les objectifs d\u00e9voil\u00e9s par le YouTuber, on retrouvait par exemple : \u201cje sors un EP \u00e9lectro\u201d pour 250 000 \u20ac ou \u201cDJ set sur la plage avec du public\u201d pour 70 000 \u20ac. Mais c\u2019est le donation goal \u00e0 15 000 \u20ac qui a offert l\u2019un des moments les plus dr\u00f4les et marquants de l\u2019\u00e9v\u00e9nement : \u201c<strong>On fait un son \u00e9lectro avec<\/strong> <strong>Vald<\/strong>\u201d. Au-del\u00e0 de la musique, ce sont les \u00e9changes du rappeur pendant le live qui ont offert des instants inoubliables aux milliers de spectateurs connect\u00e9s.<\/p>\n<p class=\" wall-content\">\n<p class=\" wall-content\">R\u00e9sultat\u202f? Un morceau \u00e9lectro intitul\u00e9 Emeute et Mariage, mais surtout des moments qui resteront grav\u00e9s sur Internet et nous laissent penser que ce ne sera probablement pas la derni\u00e8re fois que ces deux personnalit\u00e9s si diff\u00e9rentes collaboreront.<\/p>\n<p class=\" wall-content\">C\u2019est ainsi que se conclut notre top d\u2019un \u00e9v\u00e9nement unique au monde, qui nous a une fois de plus offert des moments inoubliables et profond\u00e9ment humains, confirmant que le ZEvent est devenu \u00e0 la fois un rendez-vous caritatif et un \u00e9v\u00e9nement culturel majeur en France. Au-del\u00e0 d\u2019un rassemblement de streamers, c\u2019est un v\u00e9ritable laboratoire de cr\u00e9ativit\u00e9, de libert\u00e9 et de solidarit\u00e9, inscrit comme un moment phare du calendrier annuel. Ville h\u00f4te, Montpellier s\u2019impose comme le c\u0153ur battant du ZEvent, offrant un cadre chaleureux, moderne et accessible, renfor\u00e7ant ainsi son image de ville o\u00f9 le gaming r\u00e8gne.<\/p>\n<p class=\" wall-content\">Personnalisez votre actualit\u00e9 en ajoutant vos villes et m\u00e9dias en favori avec <a href=\"https:\/\/moncompte.actu.fr\" title=\"D\u00e9couvez Mon Actu\" rel=\"nofollow noopener\" data-trk=\"{&quot;cta&quot;:{&quot;action&quot;:&quot;https:\\\/\\\/moncompte.actu.fr&quot;,&quot;category&quot;:&quot;mon compte&quot;,&quot;from&quot;:&quot;article footer&quot;,&quot;name&quot;:&quot;Mon actu&quot;,&quot;type&quot;:&quot;cta&quot;}}\" target=\"_blank\">Mon Actu<\/a>.<\/p>\n<p>                    <script async src=\"\/\/www.instagram.com\/embed.js\"><\/script><script async src=\"\/\/www.tiktok.com\/embed.js\"><\/script><\/p>\n","protected":false},"excerpt":{"rendered":"Par R\u00e9daction M\u00e9tropolitain Publi\u00e9 le 8 sept. 2025 \u00e0 20h27 \u00ab 16 179 096 \u20ac : c\u2019est la&hellip;\n","protected":false},"author":2,"featured_media":375956,"comment_status":"","ping_status":"","sticky":false,"template":"","format":"standard","meta":{"footnotes":""},"categories":[9599],"tags":[1111,11,1777,674,1011,27,1652,2208,12,2680,25],"class_list":{"0":"post-375955","1":"post","2":"type-post","3":"status-publish","4":"format-standard","5":"has-post-thumbnail","7":"category-montpellier","8":"tag-actu","9":"tag-actualites","10":"tag-eu","11":"tag-europe","12":"tag-fr","13":"tag-france","14":"tag-loisirs-culture","15":"tag-montpellier","16":"tag-news","17":"tag-occitanie","18":"tag-republique-francaise"},"share_on_mastodon":{"url":"https:\/\/pubeurope.com\/@fr\/115170359598187505","error":""},"_links":{"self":[{"href":"https:\/\/www.europesays.com\/fr\/wp-json\/wp\/v2\/posts\/375955","targetHints":{"allow":["GET"]}}],"collection":[{"href":"https:\/\/www.europesays.com\/fr\/wp-json\/wp\/v2\/posts"}],"about":[{"href":"https:\/\/www.europesays.com\/fr\/wp-json\/wp\/v2\/types\/post"}],"author":[{"embeddable":true,"href":"https:\/\/www.europesays.com\/fr\/wp-json\/wp\/v2\/users\/2"}],"replies":[{"embeddable":true,"href":"https:\/\/www.europesays.com\/fr\/wp-json\/wp\/v2\/comments?post=375955"}],"version-history":[{"count":0,"href":"https:\/\/www.europesays.com\/fr\/wp-json\/wp\/v2\/posts\/375955\/revisions"}],"wp:featuredmedia":[{"embeddable":true,"href":"https:\/\/www.europesays.com\/fr\/wp-json\/wp\/v2\/media\/375956"}],"wp:attachment":[{"href":"https:\/\/www.europesays.com\/fr\/wp-json\/wp\/v2\/media?parent=375955"}],"wp:term":[{"taxonomy":"category","embeddable":true,"href":"https:\/\/www.europesays.com\/fr\/wp-json\/wp\/v2\/categories?post=375955"},{"taxonomy":"post_tag","embeddable":true,"href":"https:\/\/www.europesays.com\/fr\/wp-json\/wp\/v2\/tags?post=375955"}],"curies":[{"name":"wp","href":"https:\/\/api.w.org\/{rel}","templated":true}]}}