{"id":375957,"date":"2025-09-08T19:36:11","date_gmt":"2025-09-08T19:36:11","guid":{"rendered":"https:\/\/www.europesays.com\/fr\/375957\/"},"modified":"2025-09-08T19:36:11","modified_gmt":"2025-09-08T19:36:11","slug":"bruno-retailleau-annonce-la-mobilisation-de-80-000-gendarmes-et-policiers","status":"publish","type":"post","link":"https:\/\/www.europesays.com\/fr\/375957\/","title":{"rendered":"Bruno Retailleau annonce la mobilisation de \u00ab80.000 gendarmes et policiers\u00bb"},"content":{"rendered":"<p>Environ 100.000 participants sont attendus partout en France pour cette journ\u00e9e de blocage, selon les services de renseignements territoriaux.<\/p>\n<p class=\"fig-paragraph\">Quelque \u00ab80.000 gendarmes et policiers\u00bb seront mobilis\u00e9s mercredi pour \u00e9viter tout d\u00e9bordement dans le\u00a0<a href=\"http:\/\/www.lefigaro.fr\/social\/greve-du-10-septembre-sncf-ratp-aeroports-decouvrez-les-previsions-de-trafic-dans-les-transports-20250908\" data-fig-type=\"NewsFlash\" data-gtm-custom-categorie=\"navigation\" data-gtm-custom-action=\"crossclick\" data-gtm-custom-label=\"Contextuel\" data-gtm-event=\"customEventSPE\" data-fig-domain=\"LEFIGARO\" target=\"_blank\" rel=\"noopener\">cadre du mouvement social<\/a>\u00a0\u00abBloquons tout\u00bb, a annonc\u00e9 lundi soir Bruno Retailleau, ministre de l\u2019Int\u00e9rieur bient\u00f4t d\u00e9missionnaire.<\/p>\n<p class=\"fig-paragraph\">\u00abOn ne tol\u00e9rera aucun blocage, aucune violence\u00bb, a-t-il ajout\u00e9 sur France 2. Bruno Retailleau, qui doit r\u00e9unir mardi matin l\u2019ensemble des pr\u00e9fets pour \u00e9voquer la mobilisation du 10-Septembre, a vivement critiqu\u00e9 La France insoumise et son leader Jean-Luc M\u00e9lenchon, les accusant de vouloir cr\u00e9er \u00abun climat insurrectionnel\u00bb en France.<\/p>\n<p>                                    <a class=\"fig-a11y-skip a11y-hidden\" href=\"#fig-a11y-skip-main-inarticle\"><br \/>\n        Passer la publicit\u00e9<br \/>\n    <\/a><\/p>\n<p class=\"fig-paragraph\">La mobilisation devrait mobiliser environ 100.000 participants, selon une estimation des services de renseignements territoriaux. Un chiffre qualifi\u00e9 de \u00abassez bas\u00bb par Fran\u00e7ois Bayrou, invit\u00e9 au 20H de France 2 il y a quelques jours. Lors des manifestations les plus importantes\u00a0<a href=\"http:\/\/www.lefigaro.fr\/social\/manifestations-du-1er-mai-quelle-sera-l-ampleur-de-la-mobilisation-ce-lundi-20230501\" target=\"_blank\" data-fig-type=\"NewsFlash\" rel=\"noopener\" data-gtm-custom-categorie=\"navigation\" data-gtm-custom-action=\"crossclick\" data-gtm-custom-label=\"Contextuel\" data-gtm-event=\"customEventSPE\" data-fig-domain=\"LEFIGARO\">ces derni\u00e8res ann\u00e9es<\/a>, le nombre de personnes mobilis\u00e9es \u00e9tait bien plus haut.<\/p>\n","protected":false},"excerpt":{"rendered":"Environ 100.000 participants sont attendus partout en France pour cette journ\u00e9e de blocage, selon les services de renseignements&hellip;\n","protected":false},"author":2,"featured_media":375958,"comment_status":"","ping_status":"","sticky":false,"template":"","format":"standard","meta":{"footnotes":""},"categories":[9587],"tags":[1111,11,1777,674,1011,27,13369,1272,12,5161,6890,25,9590],"class_list":{"0":"post-375957","1":"post","2":"type-post","3":"status-publish","4":"format-standard","5":"has-post-thumbnail","7":"category-rouen","8":"tag-actu","9":"tag-actualites","10":"tag-eu","11":"tag-europe","12":"tag-fr","13":"tag-france","14":"tag-gendarmes","15":"tag-manifestations","16":"tag-news","17":"tag-normandie","18":"tag-policiers","19":"tag-republique-francaise","20":"tag-rouen"},"share_on_mastodon":{"url":"","error":""},"_links":{"self":[{"href":"https:\/\/www.europesays.com\/fr\/wp-json\/wp\/v2\/posts\/375957","targetHints":{"allow":["GET"]}}],"collection":[{"href":"https:\/\/www.europesays.com\/fr\/wp-json\/wp\/v2\/posts"}],"about":[{"href":"https:\/\/www.europesays.com\/fr\/wp-json\/wp\/v2\/types\/post"}],"author":[{"embeddable":true,"href":"https:\/\/www.europesays.com\/fr\/wp-json\/wp\/v2\/users\/2"}],"replies":[{"embeddable":true,"href":"https:\/\/www.europesays.com\/fr\/wp-json\/wp\/v2\/comments?post=375957"}],"version-history":[{"count":0,"href":"https:\/\/www.europesays.com\/fr\/wp-json\/wp\/v2\/posts\/375957\/revisions"}],"wp:featuredmedia":[{"embeddable":true,"href":"https:\/\/www.europesays.com\/fr\/wp-json\/wp\/v2\/media\/375958"}],"wp:attachment":[{"href":"https:\/\/www.europesays.com\/fr\/wp-json\/wp\/v2\/media?parent=375957"}],"wp:term":[{"taxonomy":"category","embeddable":true,"href":"https:\/\/www.europesays.com\/fr\/wp-json\/wp\/v2\/categories?post=375957"},{"taxonomy":"post_tag","embeddable":true,"href":"https:\/\/www.europesays.com\/fr\/wp-json\/wp\/v2\/tags?post=375957"}],"curies":[{"name":"wp","href":"https:\/\/api.w.org\/{rel}","templated":true}]}}