{"id":375967,"date":"2025-09-08T19:41:19","date_gmt":"2025-09-08T19:41:19","guid":{"rendered":"https:\/\/www.europesays.com\/fr\/375967\/"},"modified":"2025-09-08T19:41:19","modified_gmt":"2025-09-08T19:41:19","slug":"entree-en-lice-reussie-pour-le-n-1-hugo-gaston-a-lopen-blot-de-rennes","status":"publish","type":"post","link":"https:\/\/www.europesays.com\/fr\/375967\/","title":{"rendered":"Entr\u00e9e en lice r\u00e9ussie pour le N.1 Hugo Gaston \u00e0 l\u2019Open Blot de Rennes"},"content":{"rendered":"<p>Open Blot de Rennes (Challenger 100)<\/p>\n<p>Avant l\u2019attraction Stanislas Wawrinka, ce mardi, le N.1 du tableau principal de l\u2019Open Blot de Rennes, Hugo Gaston (N.128 \u00e0 l\u2019ATP), a r\u00e9ussi ses d\u00e9buts. Le Toulousain n\u2019a eu besoin que d\u20191 h 18\u2019 (6-2, 7-5) pour venir \u00e0 bout de l\u2019Allemand Negritu (N.298).<\/p>\n<p class=\"titre-tech\">Les r\u00e9sultats de lundi<\/p>\n<p><strong class=\"tech\">Qualifications : <\/strong>Nikolay Vylegzhanin bat Maxence Bertimon (FRA\/ALT) 6-4, 3-6, 6-3<\/p>\n<p>Enzo Couacaud (FRA\/N.2) bat Robin Catry (FRA\/N10) 6-3, 6-3<\/p>\n<p>Maxime Janvier (FR2A\/N.5) bat Adrien Goba (FRA) 2-6, 6-4, 6-4<\/p>\n<p>Cannon Kingsley (E-U\/N.8) bat Egor Gerasimov (N.6) 7-6 (4), 7-6 (4)<\/p>\n<p>Kenny de Schepper (FRA\/N.11) bat Patrick Brady (GBR) 6-7 (5), 6-4, 6-4<\/p>\n<p>L\u00e9o Raquillet (FRA) &#8211; Pierre-Antoine Faut (FRA\/WC) 6-4, 0-6, 6-2<\/p>\n<p><strong class=\"tech\">1er tour principal : <\/strong>Gueymard Wayenburg (FRA\/N.6) bat Tom Paris (FRA) 6-2, 6-4<\/p>\n<p>Arthur Bouquier (FRA\/N.8) bat Marek Gengel (RTC) 4-6, 6-3, 6-4<\/p>\n<p>Hugo Gaston (FRA\/N.1) bat C. Negritu (ALL) 6-2, 7-5<\/p>\n<p>S. Gueymard Wayenburg (FRA\/N.6) bat T. Paris (FRA) 6-2, 6-4<\/p>\n<p>\ufeff<\/p>\n<p class=\"titre-tech\">Les affiches de mardi<\/p>\n<p><strong class=\"tech\">Le Libert\u00e9, \u00e0 partir de 11 h. <\/strong>1er tour principal : Coulibaly (CIV) &#8211; Raquillet (FRA)<br \/>suivi de Barr\u00e8re (FRA\/ALT) &#8211; Jade (FRA\/WC)<\/p>\n<p>suivi de Kukushin (KAZ) &#8211; Couacaud (FRA\/Q)<\/p>\n<p>\u00e0 partir de 16 h 30 : Cina (ITA\/N.7) &#8211; Poullain (FRA)<br \/>pas avant 19 h : De Schepper (FRA\/Q) &#8211; Wawrinka (SUI\/N.2)<\/p>\n<p>suivi de Martineau (FRA) &#8211; Droguet (FRA\/N.4)<\/p>\n<p><strong class=\"tech\">Colette Besson, \u00e0 partir de 12 h :<\/strong> Vylegzhanin (Q) &#8211; Zahraj (ALL)<br \/>pas avant 16 h : Janvier (FRA\/Q) &#8211; H\u00e9mery (FRA\/N.5)<\/p>\n","protected":false},"excerpt":{"rendered":"Open Blot de Rennes (Challenger 100) Avant l\u2019attraction Stanislas Wawrinka, ce mardi, le N.1 du tableau principal de&hellip;\n","protected":false},"author":2,"featured_media":375968,"comment_status":"","ping_status":"","sticky":false,"template":"","format":"standard","meta":{"footnotes":""},"categories":[2821],"tags":[1111,11,829,3166,1777,674,1011,27,12,584,25,60,1467],"class_list":{"0":"post-375967","1":"post","2":"type-post","3":"status-publish","4":"format-standard","5":"has-post-thumbnail","7":"category-rennes","8":"tag-actu","9":"tag-actualites","10":"tag-bretagne","11":"tag-en-continu-sports","12":"tag-eu","13":"tag-europe","14":"tag-fr","15":"tag-france","16":"tag-news","17":"tag-rennes","18":"tag-republique-francaise","19":"tag-sports","20":"tag-tennis"},"share_on_mastodon":{"url":"https:\/\/pubeurope.com\/@fr\/115170383245146945","error":""},"_links":{"self":[{"href":"https:\/\/www.europesays.com\/fr\/wp-json\/wp\/v2\/posts\/375967","targetHints":{"allow":["GET"]}}],"collection":[{"href":"https:\/\/www.europesays.com\/fr\/wp-json\/wp\/v2\/posts"}],"about":[{"href":"https:\/\/www.europesays.com\/fr\/wp-json\/wp\/v2\/types\/post"}],"author":[{"embeddable":true,"href":"https:\/\/www.europesays.com\/fr\/wp-json\/wp\/v2\/users\/2"}],"replies":[{"embeddable":true,"href":"https:\/\/www.europesays.com\/fr\/wp-json\/wp\/v2\/comments?post=375967"}],"version-history":[{"count":0,"href":"https:\/\/www.europesays.com\/fr\/wp-json\/wp\/v2\/posts\/375967\/revisions"}],"wp:featuredmedia":[{"embeddable":true,"href":"https:\/\/www.europesays.com\/fr\/wp-json\/wp\/v2\/media\/375968"}],"wp:attachment":[{"href":"https:\/\/www.europesays.com\/fr\/wp-json\/wp\/v2\/media?parent=375967"}],"wp:term":[{"taxonomy":"category","embeddable":true,"href":"https:\/\/www.europesays.com\/fr\/wp-json\/wp\/v2\/categories?post=375967"},{"taxonomy":"post_tag","embeddable":true,"href":"https:\/\/www.europesays.com\/fr\/wp-json\/wp\/v2\/tags?post=375967"}],"curies":[{"name":"wp","href":"https:\/\/api.w.org\/{rel}","templated":true}]}}