{"id":376008,"date":"2025-09-08T20:03:10","date_gmt":"2025-09-08T20:03:10","guid":{"rendered":"https:\/\/www.europesays.com\/fr\/376008\/"},"modified":"2025-09-08T20:03:10","modified_gmt":"2025-09-08T20:03:10","slug":"quelques-centaines-de-personnes-rassemblees-a-paris-apres-la-chute-du-gouvernement-bayrou","status":"publish","type":"post","link":"https:\/\/www.europesays.com\/fr\/376008\/","title":{"rendered":"Quelques centaines de personnes rassembl\u00e9es \u00e0 Paris apr\u00e8s la chute du gouvernement Bayrou"},"content":{"rendered":"<p>Quelques centaines de personnes rassembl\u00e9es \u00e0 Paris apr\u00e8s la chute du gouvernement BayrouSur le m\u00eame sujet<a href=\"https:\/\/www.bfmtv.com\/societe\/manifestations\/video-quelques-centaines-de-personnes-rassemblees-a-paris-apres-la-chute-du-gouvernement-bayrou_VN-202509080903.html\" title=\"Quelques centaines de personnes rassembl\u00e9es \u00e0 Paris apr\u00e8s la chute du gouvernement Bayrou\" rel=\"nofollow noopener\" target=\"_blank\"><img width=\"16\" height=\"9\" class=\"lozad\"  alt=\"Quelques centaines de personnes rassembl\u00e9es \u00e0 Paris apr\u00e8s la chute du gouvernement Bayrou\"\/>en lectureQuelques centaines de personnes rassembl\u00e9es \u00e0 Paris apr\u00e8s la chute du gouvernement Bayrou<\/a><a href=\"https:\/\/www.bfmtv.com\/international\/moyen-orient\/palestine\/video-une-voiture-fonce-sur-une-manifestation-propalestinienne-ce-samedi-6-septembre-a-lausanne_VN-202509080833.html\" title=\"Une voiture fonce sur une manifestation propalestinienne ce samedi 6 septembre \u00e0 Lausanne\" rel=\"nofollow noopener\" target=\"_blank\"><img width=\"16\" height=\"9\" class=\"lozad\"  alt=\"Une voiture fonce sur une manifestation propalestinienne ce samedi 6 septembre \u00e0 Lausanne\"\/>0:54Une voiture fonce sur une manifestation propalestinienne ce samedi 6 septembre \u00e0 Lausanne<\/a><a href=\"https:\/\/www.bfmtv.com\/international\/video-nepal-au-moins-16-morts-dans-des-manifestations-contre-le-blocage-des-reseaux-sociaux-dans-le-pays_VN-202509080584.html\" title=\"N\u00e9pal: au moins 16 morts dans des manifestations contre le blocage des r\u00e9seaux sociaux dans le pays \" rel=\"nofollow noopener\" target=\"_blank\"><img width=\"16\" height=\"9\" class=\"lozad\"  alt=\"N\u00e9pal: au moins 16 morts dans des manifestations contre le blocage des r\u00e9seaux sociaux dans le pays \"\/>0:46N\u00e9pal: au moins 16 morts dans des manifestations contre le blocage des r\u00e9seaux sociaux dans le pays<\/a><a href=\"https:\/\/www.bfmtv.com\/societe\/manifestations\/video-le-dossier-du-13h-justice-sociale-services-publics-precarite-etudiante-quelles-sont-les-revendications-des-manifestants_VN-202509080522.html\" title=\"LE DOSSIER DU 13H - Justice sociale, services publics, pr\u00e9carit\u00e9 \u00e9tudiante...Quelles sont les revendications des manifestants ?\" rel=\"nofollow noopener\" target=\"_blank\"><img width=\"16\" height=\"9\" class=\"lozad\"  alt=\"LE DOSSIER DU 13H - Justice sociale, services publics, pr\u00e9carit\u00e9 \u00e9tudiante...Quelles sont les revendications des manifestants ?\"\/>5:41LE DOSSIER DU 13H &#8211; Justice sociale, services publics, pr\u00e9carit\u00e9 \u00e9tudiante&#8230;Quelles sont les revendications des manifestants ?<\/a><a href=\"https:\/\/www.bfmtv.com\/economie\/replay-emissions\/le-contre-pied\/video-emmanuel-lechypre-face-a-raphael-legendre-le-sacrifice-de-francois-bayrou-est-il-utile-08-09_VN-202509080161.html\" title=\"Emmanuel Lechypre face \u00e0 Rapha\u00ebl Legendre : Le sacrifice de Fran\u00e7ois Bayrou est-il utile ? - 08\/09\" rel=\"nofollow noopener\" target=\"_blank\"><img width=\"16\" height=\"9\" class=\"lozad\"  alt=\"Emmanuel Lechypre face \u00e0 Rapha\u00ebl Legendre : Le sacrifice de Fran\u00e7ois Bayrou est-il utile ? - 08\/09\"\/>7:22Emmanuel Lechypre face \u00e0 Rapha\u00ebl Legendre : Le sacrifice de Fran\u00e7ois Bayrou est-il utile ? &#8211; 08\/09<\/a><a href=\"https:\/\/www.bfmtv.com\/politique\/video-10-septembre-la-france-insoumise-veut-jeter-le-chaos-maximal-dans-le-pays-affirme-agnes-evren-les-republicains_VN-202509060196.html\" title=\"10-Septembre: &quot;La France insoumise veut jeter le chaos maximal dans le pays&quot;, affirme Agn\u00e8s Evren (Les R\u00e9publicains)\" rel=\"nofollow noopener\" target=\"_blank\"><img width=\"16\" height=\"9\" class=\"lozad\"  alt=\"10-Septembre: &quot;La France insoumise veut jeter le chaos maximal dans le pays&quot;, affirme Agn\u00e8s Evren (Les R\u00e9publicains)\"\/>1:0710-Septembre: \u00ab\u00a0La France insoumise veut jeter le chaos maximal dans le pays\u00a0\u00bb, affirme Agn\u00e8s Evren (Les R\u00e9publicains)<\/a><a href=\"https:\/\/www.bfmtv.com\/politique\/video-10-septembre-le-c-ur-du-probleme-c-est-monsieur-macron-qui-nomme-qui-il-veut-ses-amis-ses-proches-affirme-hadrien-clouet-lfi_VN-202509060188.html\" title=\"10-Septembre: &quot;Le c\u0153ur du probl\u00e8me, c&#039;est monsieur Macron qui nomme qui il veut, ses amis, ses proches&quot;, affirme Hadrien Clouet (LFI)\" rel=\"nofollow noopener\" target=\"_blank\"><img width=\"16\" height=\"9\" class=\"lozad\"  alt=\"10-Septembre: &quot;Le c\u0153ur du probl\u00e8me, c'est monsieur Macron qui nomme qui il veut, ses amis, ses proches&quot;, affirme Hadrien Clouet (LFI)\"\/>1:0010-Septembre: \u00ab\u00a0Le c\u0153ur du probl\u00e8me, c&rsquo;est monsieur Macron qui nomme qui il veut, ses amis, ses proches\u00a0\u00bb, affirme Hadrien Clouet (LFI)<\/a><a href=\"https:\/\/www.bfmtv.com\/replay-emissions\/bfm-grand-soir\/video-manifs-blocages-sabotages-a-quoi-s-attendre-le-10-05-09_VN-202509050940.html\" title=\"Manifs, blocages, sabotages... \u00e0 quoi s&#039;attendre le 10 ? - 05\/09\" rel=\"nofollow noopener\" target=\"_blank\"><img width=\"16\" height=\"9\" class=\"lozad\"  alt=\"Manifs, blocages, sabotages... \u00e0 quoi s'attendre le 10 ? - 05\/09\"\/>25:30Manifs, blocages, sabotages&#8230; \u00e0 quoi s&rsquo;attendre le 10 ? &#8211; 05\/09<\/a><a href=\"https:\/\/www.bfmtv.com\/politique\/video-blocages-du-10-septembre-ce-que-je-veux-c-est-que-les-gens-honnetes-puissent-manifester-assure-mathieu-valet-depute-europeen-rn_VN-202509050919.html\" title=\"Blocages du 10 septembre: &quot;Ce que je veux, c&#039;est que les gens honn\u00eates puissent manifester&quot;, assure Mathieu Valet, d\u00e9put\u00e9 europ\u00e9en RN\" rel=\"nofollow noopener\" target=\"_blank\"><img width=\"16\" height=\"9\" class=\"lozad\"  alt=\"Blocages du 10 septembre: &quot;Ce que je veux, c'est que les gens honn\u00eates puissent manifester&quot;, assure Mathieu Valet, d\u00e9put\u00e9 europ\u00e9en RN\"\/>0:53Blocages du 10 septembre: \u00ab\u00a0Ce que je veux, c&rsquo;est que les gens honn\u00eates puissent manifester\u00a0\u00bb, assure Mathieu Valet, d\u00e9put\u00e9 europ\u00e9en RN<\/a><a href=\"https:\/\/www.bfmtv.com\/politique\/video-blocages-du-10-septembre-c-est-une-manifestation-qui-est-quand-meme-tres-a-risque-confie-regis-debord-secretaire-national-adjoint-crs-unsa-police_VN-202509050911.html\" title=\"Blocages du 10 septembre: &quot;C&#039;est une manifestation qui est quand m\u00eame tr\u00e8s \u00e0 risque&quot;, confie R\u00e9gis Debord, secr\u00e9taire national adjoint CRS UNSA Police \" rel=\"nofollow noopener\" target=\"_blank\"><img width=\"16\" height=\"9\" class=\"lozad\"  alt=\"Blocages du 10 septembre: &quot;C'est une manifestation qui est quand m\u00eame tr\u00e8s \u00e0 risque&quot;, confie R\u00e9gis Debord, secr\u00e9taire national adjoint CRS UNSA Police \"\/>1:58Blocages du 10 septembre: \u00ab\u00a0C&rsquo;est une manifestation qui est quand m\u00eame tr\u00e8s \u00e0 risque\u00a0\u00bb, confie R\u00e9gis Debord, secr\u00e9taire national adjoint CRS UNSA Police<\/a><a href=\"https:\/\/www.bfmtv.com\/politique\/les-republicains\/video-bloquons-tout-le-mouvement-a-ete-recupere-par-jean-luc-melenchon-estime-pierre-henri-dumont-secretaire-general-adjoint-les-republicains_VN-202509050908.html\" title=\"&quot;Bloquons tout&quot;: &quot;Le mouvement a \u00e9t\u00e9 r\u00e9cup\u00e9r\u00e9 par Jean-Luc M\u00e9lenchon&quot;, estime Pierre-Henri Dumont, secr\u00e9taire g\u00e9n\u00e9ral adjoint Les R\u00e9publicains\" rel=\"nofollow noopener\" target=\"_blank\"><img width=\"16\" height=\"9\" class=\"lozad\"  alt=\"&quot;Bloquons tout&quot;: &quot;Le mouvement a \u00e9t\u00e9 r\u00e9cup\u00e9r\u00e9 par Jean-Luc M\u00e9lenchon&quot;, estime Pierre-Henri Dumont, secr\u00e9taire g\u00e9n\u00e9ral adjoint Les R\u00e9publicains\"\/>1:01&Prime;Bloquons tout\u00a0\u00bb: \u00ab\u00a0Le mouvement a \u00e9t\u00e9 r\u00e9cup\u00e9r\u00e9 par Jean-Luc M\u00e9lenchon\u00a0\u00bb, estime Pierre-Henri Dumont, secr\u00e9taire g\u00e9n\u00e9ral adjoint Les R\u00e9publicains<\/a><a href=\"https:\/\/www.bfmtv.com\/politique\/video-bloquons-tout-le-10-septembre-est-une-mobilisation-forte-qui-est-la-pour-unir-les-francais-du-bas-contre-ceux-du-haut-lance-sarah-rami-coordinatrice-de-on-ne-veut-plus_VN-202509050907.html\" title=\"&quot;Bloquons tout&quot;: &quot;Le 10 septembre est une mobilisation forte, qui est l\u00e0 pour unir les Fran\u00e7ais du bas contre ceux du haut&quot;, lance Sarah Rami, coordinatrice de &quot;On Ne Veut Plus&quot;\" rel=\"nofollow noopener\" target=\"_blank\"><img width=\"16\" height=\"9\" class=\"lozad\"  alt=\"&quot;Bloquons tout&quot;: &quot;Le 10 septembre est une mobilisation forte, qui est l\u00e0 pour unir les Fran\u00e7ais du bas contre ceux du haut&quot;, lance Sarah Rami, coordinatrice de &quot;On Ne Veut Plus&quot;\"\/>2:04&Prime;Bloquons tout\u00a0\u00bb: \u00ab\u00a0Le 10 septembre est une mobilisation forte, qui est l\u00e0 pour unir les Fran\u00e7ais du bas contre ceux du haut\u00a0\u00bb, lance Sarah Rami, coordinatrice de \u00ab\u00a0On Ne Veut Plus\u00a0\u00bb<\/a><a href=\"https:\/\/www.bfmtv.com\/politique\/parti-socialiste\/video-jerome-guedj-depute-ps-de-l-essonne-indique-qu-il-a-du-mal-a-qualifier-les-mouvements-de-blocages-du-10-septembre_VN-202509050876.html\" title=\"J\u00e9r\u00f4me Guedj, d\u00e9put\u00e9 PS de l&#039;Essonne, indique qu&#039;il a &quot;du mal \u00e0 qualifier&quot; les mouvements de blocages du 10 septembre\" rel=\"nofollow noopener\" target=\"_blank\"><img width=\"16\" height=\"9\" class=\"lozad\"  alt=\"J\u00e9r\u00f4me Guedj, d\u00e9put\u00e9 PS de l'Essonne, indique qu'il a &quot;du mal \u00e0 qualifier&quot; les mouvements de blocages du 10 septembre\"\/>1:09J\u00e9r\u00f4me Guedj, d\u00e9put\u00e9 PS de l&rsquo;Essonne, indique qu&rsquo;il a \u00ab\u00a0du mal \u00e0 qualifier\u00a0\u00bb les mouvements de blocages du 10 septembre<\/a><a href=\"https:\/\/www.bfmtv.com\/politique\/la-france-insoumise\/video-blocages-du-10-septembre-aujourd-hui-on-a-un-record-de-defaillances-d-entreprises-affirme-aurelie-trouve-deputee-lfi-de-la-seine-saint-denis_VN-202509050832.html\" title=\"Blocages du 10 septembre: &quot;Aujourd&#039;hui, on a un record de d\u00e9faillances d&#039;entreprises&quot;, affirme Aur\u00e9lie Trouv\u00e9, d\u00e9put\u00e9e LFI de la Seine-Saint-Denis\" rel=\"nofollow noopener\" target=\"_blank\"><img width=\"16\" height=\"9\" class=\"lozad\"  alt=\"Blocages du 10 septembre: &quot;Aujourd'hui, on a un record de d\u00e9faillances d'entreprises&quot;, affirme Aur\u00e9lie Trouv\u00e9, d\u00e9put\u00e9e LFI de la Seine-Saint-Denis\"\/>1:27Blocages du 10 septembre: \u00ab\u00a0Aujourd&rsquo;hui, on a un record de d\u00e9faillances d&rsquo;entreprises\u00a0\u00bb, affirme Aur\u00e9lie Trouv\u00e9, d\u00e9put\u00e9e LFI de la Seine-Saint-Denis<\/a><a class=\"jumpToVideo\" target=\"_blank\"><img class=\"thumbnailPreview\"\/><\/a><\/p>\n","protected":false},"excerpt":{"rendered":"Quelques centaines de personnes rassembl\u00e9es \u00e0 Paris apr\u00e8s la chute du gouvernement BayrouSur le m\u00eame sujeten lectureQuelques centaines&hellip;\n","protected":false},"author":2,"featured_media":376009,"comment_status":"","ping_status":"","sticky":false,"template":"","format":"standard","meta":{"footnotes":""},"categories":[1888],"tags":[11,1777,674,1011,27,12,626,25],"class_list":{"0":"post-376008","1":"post","2":"type-post","3":"status-publish","4":"format-standard","5":"has-post-thumbnail","7":"category-paris","8":"tag-actualites","9":"tag-eu","10":"tag-europe","11":"tag-fr","12":"tag-france","13":"tag-news","14":"tag-paris","15":"tag-republique-francaise"},"share_on_mastodon":{"url":"https:\/\/pubeurope.com\/@fr\/115170469733181985","error":""},"_links":{"self":[{"href":"https:\/\/www.europesays.com\/fr\/wp-json\/wp\/v2\/posts\/376008","targetHints":{"allow":["GET"]}}],"collection":[{"href":"https:\/\/www.europesays.com\/fr\/wp-json\/wp\/v2\/posts"}],"about":[{"href":"https:\/\/www.europesays.com\/fr\/wp-json\/wp\/v2\/types\/post"}],"author":[{"embeddable":true,"href":"https:\/\/www.europesays.com\/fr\/wp-json\/wp\/v2\/users\/2"}],"replies":[{"embeddable":true,"href":"https:\/\/www.europesays.com\/fr\/wp-json\/wp\/v2\/comments?post=376008"}],"version-history":[{"count":0,"href":"https:\/\/www.europesays.com\/fr\/wp-json\/wp\/v2\/posts\/376008\/revisions"}],"wp:featuredmedia":[{"embeddable":true,"href":"https:\/\/www.europesays.com\/fr\/wp-json\/wp\/v2\/media\/376009"}],"wp:attachment":[{"href":"https:\/\/www.europesays.com\/fr\/wp-json\/wp\/v2\/media?parent=376008"}],"wp:term":[{"taxonomy":"category","embeddable":true,"href":"https:\/\/www.europesays.com\/fr\/wp-json\/wp\/v2\/categories?post=376008"},{"taxonomy":"post_tag","embeddable":true,"href":"https:\/\/www.europesays.com\/fr\/wp-json\/wp\/v2\/tags?post=376008"}],"curies":[{"name":"wp","href":"https:\/\/api.w.org\/{rel}","templated":true}]}}