{"id":376020,"date":"2025-09-08T20:09:21","date_gmt":"2025-09-08T20:09:21","guid":{"rendered":"https:\/\/www.europesays.com\/fr\/376020\/"},"modified":"2025-09-08T20:09:21","modified_gmt":"2025-09-08T20:09:21","slug":"en-europe-qui-depense-le-plus-pour-lutter-contre-les-feux-de-forets","status":"publish","type":"post","link":"https:\/\/www.europesays.com\/fr\/376020\/","title":{"rendered":"En Europe, qui d\u00e9pense le plus pour lutter contre les feux de for\u00eats\u00a0?"},"content":{"rendered":"<p>          <img decoding=\"async\" class=\"c-ad__placeholder__logo\" src=\"https:\/\/static.euronews.com\/website\/images\/logos\/logo-euronews-stacked-outlined-72x72-grey-9.svg\" width=\"72\" height=\"72\" alt=\"\" loading=\"lazy\"\/><br \/>\n          PUBLICIT\u00c9<\/p>\n<p>Selon les derni\u00e8res donn\u00e9es du syst\u00e8me europ\u00e9en d&rsquo;information sur les feux de for\u00eat de <a href=\"https:\/\/joint-research-centre.ec.europa.eu\/projects-and-activities\/natural-and-man-made-hazards\/fires\/current-wildfire-situation-europe_en?prefLang=fr\" target=\"_blank\" rel=\"noreferrer noopener\"><strong>Copernicus<\/strong><\/a>, les incendies de for\u00eat qui se sont d\u00e9clar\u00e9s cette ann\u00e9e dans l&rsquo;Union europ\u00e9enne ont br\u00fbl\u00e9 une superficie \u00e9quivalente \u00e0 pr\u00e8s de la moiti\u00e9 de celle de la Sicile.<\/p>\n<p>Jusqu&rsquo;\u00e0 pr\u00e9sent, en 2025, environ 986 000 hectares ont \u00e9t\u00e9 ravag\u00e9s par les flammes, soit plus de trois fois les 227 627 hectares enregistr\u00e9s l&rsquo;ann\u00e9e pr\u00e9c\u00e9dente, et pr\u00e8s de 2 000 incendies ont \u00e9t\u00e9 d\u00e9tect\u00e9s.<\/p>\n<p>Depuis la fin du mois de f\u00e9vrier, le nombre mensuel moyen d&rsquo;incendies est le plus \u00e9lev\u00e9 jamais enregistr\u00e9.<\/p>\n<p>L&rsquo;Espagne a subi les dommages les plus graves, avec plus de 380 000 hectares br\u00fbl\u00e9s, soit environ 1,5 fois la taille de l&rsquo;\u00c9tat du Luxembourg.<\/p>\n<p>Le Portugal a subi des d\u00e9g\u00e2ts encore plus importants par rapport \u00e0 sa taille, avec environ 263 000 hectares d\u00e9truits.<\/p>\n<p>La situation d&rsquo;urgence a suscit\u00e9 une aide internationale, les pompiers maltais se joignant aux efforts d\u00e9ploy\u00e9s au Portugal et en Gr\u00e8ce.<\/p>\n<p>L&rsquo;une des derni\u00e8res interventions a \u00e9t\u00e9 signal\u00e9e dimanche \u00e0 Corgas, dans le centre du Portugal.<\/p>\n<p>Quels sont les pays de l&rsquo;UE qui investissent le plus dans la protection contre les incendies ?<\/p>\n<p>Selon <a href=\"https:\/\/ec.europa.eu\/eurostat\/web\/products-eurostat-news\/w\/ddn-20250826-1?etrans=fr\" target=\"_blank\" rel=\"noreferrer noopener\"><strong>Eurostat<\/strong><\/a>, pr\u00e8s de 400 000 pompiers sont en service dans l&rsquo;UE.<\/p>\n<p>L&rsquo;Allemagne dispose de la plus grande force de soldats du feu (66 000), suivie de la France (52 000), de la Pologne (49 000) et de l&rsquo;Italie (43 500).<\/p>\n<p>Toutefois, c&rsquo;est en Croatie que l&rsquo;on trouve le plus grand nombre de pompiers par rapport \u00e0 la taille du march\u00e9 du travail (0,45 %), suivie de la Gr\u00e8ce (0,41 %).<\/p>\n<p>Les Pays-Bas arrivent en queue de peloton avec 0,08 %.<\/p>\n<p>La Roumanie : le plus gros budget anti-feu<\/p>\n<p>En termes d&rsquo;argent, cependant, c&rsquo;est la Roumanie qui m\u00e8ne la danse.<\/p>\n<p>Son gouvernement alloue pr\u00e8s de 1 % de son budget \u00e0 la protection contre les incendies, suivie par l&rsquo;Estonie et la Gr\u00e8ce avec 0,7 %.<\/p>\n<p>Les pays dont le budget est le plus faible sont le Danemark (0,1 %), Malte (0,2 %), le Portugal et l&rsquo;Autriche (0,3 % chacun).<\/p>\n<p>La moyenne dans l&rsquo;UE est de 0,5 %, pour un total de 40 milliards d&rsquo;euros d\u00e9pens\u00e9s.<\/p>\n","protected":false},"excerpt":{"rendered":"PUBLICIT\u00c9 Selon les derni\u00e8res donn\u00e9es du syst\u00e8me europ\u00e9en d&rsquo;information sur les feux de for\u00eat de Copernicus, les incendies&hellip;\n","protected":false},"author":2,"featured_media":376021,"comment_status":"","ping_status":"","sticky":false,"template":"","format":"standard","meta":{"footnotes":""},"categories":[1586],"tags":[11,1777,674,27571,1011,27,45702,12,1311,24793,25],"class_list":{"0":"post-376020","1":"post","2":"type-post","3":"status-publish","4":"format-standard","5":"has-post-thumbnail","7":"category-europe","8":"tag-actualites","9":"tag-eu","10":"tag-europe","11":"tag-feux-de-foret","12":"tag-fr","13":"tag-france","14":"tag-incendies-en-espagne","15":"tag-news","16":"tag-pompiers","17":"tag-protection-civile","18":"tag-republique-francaise"},"share_on_mastodon":{"url":"https:\/\/pubeurope.com\/@fr\/115170493276216325","error":""},"_links":{"self":[{"href":"https:\/\/www.europesays.com\/fr\/wp-json\/wp\/v2\/posts\/376020","targetHints":{"allow":["GET"]}}],"collection":[{"href":"https:\/\/www.europesays.com\/fr\/wp-json\/wp\/v2\/posts"}],"about":[{"href":"https:\/\/www.europesays.com\/fr\/wp-json\/wp\/v2\/types\/post"}],"author":[{"embeddable":true,"href":"https:\/\/www.europesays.com\/fr\/wp-json\/wp\/v2\/users\/2"}],"replies":[{"embeddable":true,"href":"https:\/\/www.europesays.com\/fr\/wp-json\/wp\/v2\/comments?post=376020"}],"version-history":[{"count":0,"href":"https:\/\/www.europesays.com\/fr\/wp-json\/wp\/v2\/posts\/376020\/revisions"}],"wp:featuredmedia":[{"embeddable":true,"href":"https:\/\/www.europesays.com\/fr\/wp-json\/wp\/v2\/media\/376021"}],"wp:attachment":[{"href":"https:\/\/www.europesays.com\/fr\/wp-json\/wp\/v2\/media?parent=376020"}],"wp:term":[{"taxonomy":"category","embeddable":true,"href":"https:\/\/www.europesays.com\/fr\/wp-json\/wp\/v2\/categories?post=376020"},{"taxonomy":"post_tag","embeddable":true,"href":"https:\/\/www.europesays.com\/fr\/wp-json\/wp\/v2\/tags?post=376020"}],"curies":[{"name":"wp","href":"https:\/\/api.w.org\/{rel}","templated":true}]}}