{"id":376022,"date":"2025-09-08T20:10:10","date_gmt":"2025-09-08T20:10:10","guid":{"rendered":"https:\/\/www.europesays.com\/fr\/376022\/"},"modified":"2025-09-08T20:10:10","modified_gmt":"2025-09-08T20:10:10","slug":"tiktok-depasse-200-millions-dutilisateurs-mensuels-en-europe","status":"publish","type":"post","link":"https:\/\/www.europesays.com\/fr\/376022\/","title":{"rendered":"Tiktok d\u00e9passe 200 millions d&rsquo;utilisateurs mensuels en Europe"},"content":{"rendered":"<p>Tiktok a atteint une \u00e9tape importante en Europe.<\/p>\n<p>L&rsquo;application appartenant \u00e0 Bytedance a r\u00e9v\u00e9l\u00e9 vendredi 5 septembre <strong>200 millions<\/strong> utilisateurs mensuels de la r\u00e9gion.<\/p>\n<p>C&rsquo;est de neuf <strong>175 millions<\/strong> les gens l&rsquo;ann\u00e9e derni\u00e8re et approchent un tiers de la population du continent \u00e0 travers le <strong>Eea<\/strong> et <strong>ROYAUME-UNI<\/strong>a not\u00e9 la soci\u00e9t\u00e9.<\/p>\n<p>En d&rsquo;autres termes, grossi\u00e8rement <strong>un<\/strong> dans <strong>trois<\/strong> Les citoyens en Europe utilisent l&rsquo;application mensuellement, selon Tiktok.<\/p>\n<p>Commentant le jalon, <strong>Marlene Masure<\/strong>Le directeur g\u00e9n\u00e9ral des op\u00e9rations de contenu, pour EMEA, a d\u00e9clar\u00e9: \u00ab\u00a0Notre communaut\u00e9 europ\u00e9enne va de plus en plus, avec plus de 200 millions de personnes qui viennent r\u00e9guli\u00e8rement \u00e0 Tiktok pour se divertir, apprendre de nouveaux passe-temps ou comp\u00e9tences et gagner leur vie.\u00a0\u00bb<\/p>\n<blockquote>\n<p>\u00abNotre communaut\u00e9 europ\u00e9enne va de plus en plus, avec plus de 200 millions de personnes qui viennent r\u00e9guli\u00e8rement \u00e0 Tiktok pour se divertir, apprendre de nouveaux passe-temps ou des comp\u00e9tences et gagner leur vie.\u00bb<\/p>\n<p>Marlene Masure, Tiktok<\/p>\n<\/blockquote>\n<p>Ajout de Masure: \u00ab\u00c0 mesure que notre communaut\u00e9 grandit, l&rsquo;impact \u00e9conomique, culturel et soci\u00e9tal que Tiktok ajoute \u00e0 l&rsquo;\u00e9cosyst\u00e8me riche en Europe.<\/p>\n<p>\u00abDe la conduite des arts \u00e0 de nouveaux publics \u00e0 inspirer une nouvelle g\u00e9n\u00e9ration de lecteurs et \u00e0 voir les petites entreprises s&rsquo;\u00e9panouir et cr\u00e9er une croissance et des emplois, Tiktok a aid\u00e9 \u00e0 contribuer positivement \u00e0 tant d&rsquo;histoires.<\/p>\n<p>\u00abSur Tiktok, les id\u00e9es se sont transform\u00e9es en carri\u00e8res, dans les passions en entreprises viables, des int\u00e9r\u00eats de niche dans les communaut\u00e9s prosp\u00e8res, et je tiens \u00e0 remercier plus de 200 millions de personnes qui font de Tiktok ce qu&rsquo;elle est aujourd&rsquo;hui \u00e0 travers l&rsquo;Europe.\u00bb<\/p>\n<p>Selon Tiktok, 32 pays sont inclus dans cette \u00abfigurine mensuelle active (MAR)\u00bb de <strong>200 millions<\/strong> utilisateurs.<\/p>\n<p>Ils incluent: <strong>Autriche, Belgique, Bulgarie, Croatie, Chypre, R\u00e9publique tch\u00e8que, Danemark, Estonie, Finlande, France, Allemagne, Gr\u00e8ce, Hongrie, Islande, Luxembourge Su\u00e8de, Suisse, <\/strong>et le<strong> ROYAUME-UNI.<\/strong><\/p>\n<p>Le dernier chiffre pour ces <strong>32<\/strong> Les pays arrivent quelques jours seulement apr\u00e8s que Tiktok a publi\u00e9 son cinqui\u00e8me rapport de transparence sur la mod\u00e9ration du contenu en Europe.<\/p>\n<p>Dans le rapport, Tiktok a publi\u00e9 le nombre moyen de \u00abdestinataires actifs mensuels\u00bb dans le Union europ\u00e9enne, D\u00e9compos\u00e9 par chaque \u00c9tat membre de l&rsquo;UE entre le 1er janvier et le 30 juin 2025.<\/p>\n<p>Selon Tiktok, il y avait <strong>169,7 millions<\/strong> Les utilisateurs mensuels dans les 27 \u00c9tats de l&rsquo;Union europ\u00e9enne fin juin.<\/p>\n<p>Les trois plus grands march\u00e9s de l&rsquo;application au sein de l&rsquo;Union europ\u00e9enne \u00e9tait <strong>France<\/strong>, <strong>Allemagne,<\/strong> et <strong>Italie,<\/strong> avec <strong>27,8 millions, 25,7 millions,<\/strong> et <strong>23,9 millions<\/strong>respectivement (voir ci-dessous).<\/p>\n<p>Le dernier de Tiktok <strong>200 millions<\/strong> Les statistiques des utilisateurs sont destin\u00e9es \u00e0 la r\u00e9gion europ\u00e9enne plus large, y compris les 27 \u00c9tats de l&rsquo;UE \u00e9num\u00e9r\u00e9s ci-dessus, les nations de l&rsquo;EEE, ainsi que la Suisse et le Royaume-Uni (qui ont quitt\u00e9 l&rsquo;UE apr\u00e8s le Brexit).<\/p>\n<p>Cela signifie que les cinq non-UE pays inclus dans les 200 millions de statistiques (<strong>Islande<\/strong>, <strong>Liechtenstein<\/strong>, <strong>Norv\u00e8ge<\/strong>, <strong>Suisse<\/strong>et le <strong>ROYAUME-UNI) <\/strong>repr\u00e9sente collectivement \u00e0 peu pr\u00e8s <strong>30 millions<\/strong> des utilisateurs mensuels de Tiktok dans la r\u00e9gion europ\u00e9enne plus large.<\/p>\n<p>Ailleurs vendredi, Tiktok a not\u00e9 qu&rsquo;il y a maintenant des \u00abmillions d&rsquo;entreprises\u00bb sur sa plate-forme \u00e0 travers l&rsquo;Europe. La soci\u00e9t\u00e9 cite des statistiques d&rsquo;Oxford Economics sugg\u00e9rant que les activit\u00e9s des petites et moyennes entreprises (PME) sur Tiktok ont \u200b\u200bajout\u00e9 <strong>4,8 milliards d&rsquo;euros<\/strong> aux \u00e9conomies d&rsquo;Allemagne, de France, d&rsquo;Italie, des Pays-Bas et de Belgique et ont soutenu plus que <strong>51 000<\/strong> emplois.<\/p>\n<p>Tiktok a \u00e9galement annonc\u00e9 la semaine derni\u00e8re qu&rsquo;elle avait \u00e9largi son service de distribution de musique Soundon en Allemagne, l&rsquo;un des plus grands march\u00e9s phare de l&rsquo;application sociale en Europe.<\/p>\n","protected":false},"excerpt":{"rendered":"Tiktok a atteint une \u00e9tape importante en Europe. L&rsquo;application appartenant \u00e0 Bytedance a r\u00e9v\u00e9l\u00e9 vendredi 5 septembre 200&hellip;\n","protected":false},"author":2,"featured_media":376023,"comment_status":"","ping_status":"","sticky":false,"template":"","format":"standard","meta":{"footnotes":""},"categories":[1586],"tags":[11,50990,44235,1777,674,1779,1011,27,35377,4657,12,25,2439,1778,364],"class_list":{"0":"post-376022","1":"post","2":"type-post","3":"status-publish","4":"format-standard","5":"has-post-thumbnail","7":"category-europe","8":"tag-actualites","9":"tag-d39utilisateurs","10":"tag-depasse","11":"tag-eu","12":"tag-europe","13":"tag-european-union","14":"tag-fr","15":"tag-france","16":"tag-mensuels","17":"tag-millions","18":"tag-news","19":"tag-republique-francaise","20":"tag-tiktok","21":"tag-ue","22":"tag-union-europeenne"},"share_on_mastodon":{"url":"https:\/\/pubeurope.com\/@fr\/115170497281253917","error":""},"_links":{"self":[{"href":"https:\/\/www.europesays.com\/fr\/wp-json\/wp\/v2\/posts\/376022","targetHints":{"allow":["GET"]}}],"collection":[{"href":"https:\/\/www.europesays.com\/fr\/wp-json\/wp\/v2\/posts"}],"about":[{"href":"https:\/\/www.europesays.com\/fr\/wp-json\/wp\/v2\/types\/post"}],"author":[{"embeddable":true,"href":"https:\/\/www.europesays.com\/fr\/wp-json\/wp\/v2\/users\/2"}],"replies":[{"embeddable":true,"href":"https:\/\/www.europesays.com\/fr\/wp-json\/wp\/v2\/comments?post=376022"}],"version-history":[{"count":0,"href":"https:\/\/www.europesays.com\/fr\/wp-json\/wp\/v2\/posts\/376022\/revisions"}],"wp:featuredmedia":[{"embeddable":true,"href":"https:\/\/www.europesays.com\/fr\/wp-json\/wp\/v2\/media\/376023"}],"wp:attachment":[{"href":"https:\/\/www.europesays.com\/fr\/wp-json\/wp\/v2\/media?parent=376022"}],"wp:term":[{"taxonomy":"category","embeddable":true,"href":"https:\/\/www.europesays.com\/fr\/wp-json\/wp\/v2\/categories?post=376022"},{"taxonomy":"post_tag","embeddable":true,"href":"https:\/\/www.europesays.com\/fr\/wp-json\/wp\/v2\/tags?post=376022"}],"curies":[{"name":"wp","href":"https:\/\/api.w.org\/{rel}","templated":true}]}}