{"id":376026,"date":"2025-09-08T20:12:17","date_gmt":"2025-09-08T20:12:17","guid":{"rendered":"https:\/\/www.europesays.com\/fr\/376026\/"},"modified":"2025-09-08T20:12:17","modified_gmt":"2025-09-08T20:12:17","slug":"tgv-rer-metro-le-point-sur-les-perturbations-dans-les-transports","status":"publish","type":"post","link":"https:\/\/www.europesays.com\/fr\/376026\/","title":{"rendered":"TGV, RER, M\u00e9tro\u2026 Le point sur les perturbations dans les transports"},"content":{"rendered":"<p>Transiliens, TGV, bus, m\u00e9tro\u2026 La circulation des transports, \u00e0 Paris et dans le reste de la France, risque d\u2019\u00eatre perturb\u00e9e par le <a href=\"https:\/\/www.20minutes.fr\/politique\/4171627-20250907-bloquons-tout-10-septembre-mouvement-suscite-engouement-majoritaire-chez-francais\" target=\"_blank\" class=\"c-link c-link--is-underlined\" rel=\"nofollow noopener\">mouvement social du 10\u00a0septembre<\/a> qui appelle \u00e0 \u00ab\u00a0tout bloquer\u00a0\u00bb. En ce qui concerne l\u2019Ile-de-France, c\u2019est le RER B qui sera principalement mis en difficult\u00e9 tandis que le trafic des r\u00e9seaux de <a href=\"https:\/\/www.20minutes.fr\/dossier\/metro\" target=\"_blank\" class=\"c-link c-link--is-underlined\" rel=\"nofollow noopener\">m\u00e9tro<\/a> et de bus devrait \u00eatre \u00ab\u00a0quasi normal\u00a0\u00bb, annonce la <a href=\"https:\/\/www.20minutes.fr\/dossier\/ratp\" target=\"_blank\" class=\"c-link c-link--is-underlined\" rel=\"nofollow noopener\">RATP<\/a> ce lundi.<\/p>\n<p>Le transporteur estime en outre, dans un communiqu\u00e9, que les circulations du RER A et des tramways qu\u2019il g\u00e8re ne seront pas affect\u00e9es. La RATP n\u2019a pas d\u00e9taill\u00e9 dans quelles proportions le trafic du RER B, qui traverse l\u2019<a href=\"https:\/\/www.20minutes.fr\/dossier\/ile-de-france\" target=\"_blank\" class=\"c-link c-link--is-underlined\" rel=\"nofollow noopener\">Ile-de-France<\/a> du nord au sud via le centre de Paris et dessert l\u2019a\u00e9roport de Paris Charles-de-Gaulle, serait perturb\u00e9.<\/p>\n<\/p>\n<p>Elle a toutefois indiqu\u00e9 que l\u2019interconnexion serait \u00ab\u00a0maintenue \u00e0 gare du Nord\u00a0\u00bb, point n\u00e9vralgique du RER B, ce qui signifie que les passagers ne devront pas changer de train. G\u00e9r\u00e9e conjointement avec la <a href=\"https:\/\/www.20minutes.fr\/dossier\/sncf\" target=\"_blank\" class=\"c-link c-link--is-underlined\" rel=\"nofollow noopener\">SNCF<\/a>, cette ligne est habituellement emprunt\u00e9e par pr\u00e8s d\u2019un million de voyageurs par jour.<\/p>\n<p>Les trains r\u00e9gionaux perturb\u00e9s<\/p>\n<p>La SNCF pr\u00e9voit une circulation perturb\u00e9e des trains r\u00e9gionaux et des RER qu\u2019elle g\u00e8re en Ile-de-France, ainsi que sur certaines lignes Intercit\u00e9s et TER mercredi, jour du mouvement pour \u00ab\u00a0tout bloquer\u00a0\u00bb, a-t-elle annonc\u00e9 lundi.<\/p>\n<p><a href=\"https:\/\/www.20minutes.fr\/dossier\/mouvement_social\" target=\"_blank\" class=\"c-link c-btn c-btn--primary\" rel=\"nofollow noopener\">Nos derniers articles sur les mouvements sociaux<\/a><\/p>\n<p>En revanche, les trains \u00e0 grande vitesse TGV Inou\u00ef, Ouigo et internationaux \u00ab\u00a0circuleront normalement\u00a0\u00bb, a pr\u00e9cis\u00e9 le transporteur dans un communiqu\u00e9.<\/p>\n","protected":false},"excerpt":{"rendered":"Transiliens, TGV, bus, m\u00e9tro\u2026 La circulation des transports, \u00e0 Paris et dans le reste de la France, risque&hellip;\n","protected":false},"author":2,"featured_media":376027,"comment_status":"","ping_status":"","sticky":false,"template":"","format":"standard","meta":{"footnotes":""},"categories":[2],"tags":[47,11,7551,1011,27,6151,662,1272,12771,12,625,25,18068,17235,104,2214],"class_list":{"0":"post-376026","1":"post","2":"type-post","3":"status-publish","4":"format-standard","5":"has-post-thumbnail","7":"category-actualites","8":"tag-actualite","9":"tag-actualites","10":"tag-blocage","11":"tag-fr","12":"tag-france","13":"tag-greve","14":"tag-ile-de-france","15":"tag-manifestations","16":"tag-mouvements-sociaux","17":"tag-news","18":"tag-ratp","19":"tag-republique-francaise","20":"tag-rer-a","21":"tag-rer-b","22":"tag-societe","23":"tag-tgv"},"share_on_mastodon":{"url":"https:\/\/pubeurope.com\/@fr\/115170505153721299","error":""},"_links":{"self":[{"href":"https:\/\/www.europesays.com\/fr\/wp-json\/wp\/v2\/posts\/376026","targetHints":{"allow":["GET"]}}],"collection":[{"href":"https:\/\/www.europesays.com\/fr\/wp-json\/wp\/v2\/posts"}],"about":[{"href":"https:\/\/www.europesays.com\/fr\/wp-json\/wp\/v2\/types\/post"}],"author":[{"embeddable":true,"href":"https:\/\/www.europesays.com\/fr\/wp-json\/wp\/v2\/users\/2"}],"replies":[{"embeddable":true,"href":"https:\/\/www.europesays.com\/fr\/wp-json\/wp\/v2\/comments?post=376026"}],"version-history":[{"count":0,"href":"https:\/\/www.europesays.com\/fr\/wp-json\/wp\/v2\/posts\/376026\/revisions"}],"wp:featuredmedia":[{"embeddable":true,"href":"https:\/\/www.europesays.com\/fr\/wp-json\/wp\/v2\/media\/376027"}],"wp:attachment":[{"href":"https:\/\/www.europesays.com\/fr\/wp-json\/wp\/v2\/media?parent=376026"}],"wp:term":[{"taxonomy":"category","embeddable":true,"href":"https:\/\/www.europesays.com\/fr\/wp-json\/wp\/v2\/categories?post=376026"},{"taxonomy":"post_tag","embeddable":true,"href":"https:\/\/www.europesays.com\/fr\/wp-json\/wp\/v2\/tags?post=376026"}],"curies":[{"name":"wp","href":"https:\/\/api.w.org\/{rel}","templated":true}]}}