{"id":376028,"date":"2025-09-08T20:13:18","date_gmt":"2025-09-08T20:13:18","guid":{"rendered":"https:\/\/www.europesays.com\/fr\/376028\/"},"modified":"2025-09-08T20:13:18","modified_gmt":"2025-09-08T20:13:18","slug":"francois-bayrou-le-faux-pierre-mendes-france","status":"publish","type":"post","link":"https:\/\/www.europesays.com\/fr\/376028\/","title":{"rendered":"Fran\u00e7ois Bayrou, le faux Pierre Mend\u00e8s France\u00a0"},"content":{"rendered":"<p>C&rsquo;\u00e9tait une \u00e9vidence. <a class=\"Link\" href=\"https:\/\/www.lepoint.fr\/tags\/francois-bayrou\" data-gtm=\"click:capsule\" data-capsule=\"Lien\" target=\"_blank\" rel=\"noopener\">Fran\u00e7ois Bayrou<\/a>, qui a minutieusement pr\u00e9par\u00e9 sa sortie, ne pouvait pas achever son dernier discours au Palais Bourbon sans citer son mod\u00e8le, Pierre Mend\u00e8s France. \u00ab\u00a0Je refuse que l&rsquo;\u00e9quilibre des finances publiques se fasse par l&rsquo;accroissement chronique de la dette\u00a0\u00bb, proclamait son illustre pr\u00e9d\u00e9cesseur \u00e0 la m\u00eame tribune de l&rsquo;Assembl\u00e9e nationale, il y a plus de\u00a080\u00a0ans, en 1945.<\/p>\n<p>Voil\u00e0 pour la citation explicite. Mais il y a aussi tous ces discrets clins d&rsquo;oeil, ces r\u00e9f\u00e9rences cach\u00e9es entre les lignes et \u00e9gr\u00e9n\u00e9es tout au long de son discours d&rsquo;une quarantaine de minutes. Insistant sur le caract\u00e8re \u00ab\u00a0historique\u00a0\u00bb du moment, Bayrou d\u00e9clare ainsi, ce\u00a08\u00a0septembre 2025\u00a0: \u00ab\u00a0Vous avez le pouvoir de renverser le gouvernement. Vous n&rsquo;avez pas le pouvoir d&rsquo;effacer le r\u00e9el.\u00a0\u00bb C&#8230;<\/p>\n<p>Toute l\u2019actualit\u00e9 \u00e0 1\u20ac le premier mois<\/p>\n<p><a href=\"https:\/\/abo.lepoint.fr\/?provenance=21EDI020098\" class=\"btn\" title=\"S&#039;abonner\" data-gtm=\"click:abo|display:abo\" data-campaign=\"paywall_maison\" target=\"_blank\" rel=\"noopener\">S&rsquo;abonner<\/a><\/p>\n<p>ou<\/p>\n<p>La newsletter politique<\/p>\n<p class=\"period\">Tous les lundis \u00e0 11h30<\/p>\n<p>Recevez en avant-premi\u00e8re les informations et analyses politiques de la r\u00e9daction du Point.<\/p>\n<p>Merci !<br \/>Votre inscription a bien \u00e9t\u00e9 prise en compte avec l&rsquo;adresse email :<\/p>\n<p>Pour d\u00e9couvrir toutes nos autres newsletters, rendez-vous ici : <a href=\"https:\/\/moncompte.lepoint.fr\/\" title=\"\" target=\"_blank\" rel=\"noopener\">MonCompte<\/a><\/p>\n<p>En vous inscrivant, vous acceptez les <a href=\"https:\/\/www.lepoint.fr\/html\/cgu\/\" title=\"Conditions g\u00e9n\u00e9rales d&#039;utilisation\" target=\"_blank\" rel=\"noopener\">conditions g\u00e9n\u00e9rales d\u2019utilisations<\/a> et notre <a href=\"https:\/\/www.lepoint.fr\/html\/politique-de-protection-donnees-personnelles\/\" title=\"Politique de confidentialit\u00e9\" target=\"_blank\" rel=\"noopener\">politique de confidentialit\u00e9<\/a>.<\/p>\n","protected":false},"excerpt":{"rendered":"C&rsquo;\u00e9tait une \u00e9vidence. Fran\u00e7ois Bayrou, qui a minutieusement pr\u00e9par\u00e9 sa sortie, ne pouvait pas achever son dernier discours&hellip;\n","protected":false},"author":2,"featured_media":376029,"comment_status":"","ping_status":"","sticky":false,"template":"","format":"standard","meta":{"footnotes":""},"categories":[4],"tags":[11,416,29545,14508,1011,27,431,26542,12,626,48399,25],"class_list":{"0":"post-376028","1":"post","2":"type-post","3":"status-publish","4":"format-standard","5":"has-post-thumbnail","7":"category-france","8":"tag-actualites","9":"tag-assemblee-nationale","10":"tag-budget-2025","11":"tag-charles-de-gaulle","12":"tag-fr","13":"tag-france","14":"tag-francois-bayrou","15":"tag-motion-de-censure","16":"tag-news","17":"tag-paris","18":"tag-pierre-mendes-france","19":"tag-republique-francaise"},"share_on_mastodon":{"url":"https:\/\/pubeurope.com\/@fr\/115170509024525063","error":""},"_links":{"self":[{"href":"https:\/\/www.europesays.com\/fr\/wp-json\/wp\/v2\/posts\/376028","targetHints":{"allow":["GET"]}}],"collection":[{"href":"https:\/\/www.europesays.com\/fr\/wp-json\/wp\/v2\/posts"}],"about":[{"href":"https:\/\/www.europesays.com\/fr\/wp-json\/wp\/v2\/types\/post"}],"author":[{"embeddable":true,"href":"https:\/\/www.europesays.com\/fr\/wp-json\/wp\/v2\/users\/2"}],"replies":[{"embeddable":true,"href":"https:\/\/www.europesays.com\/fr\/wp-json\/wp\/v2\/comments?post=376028"}],"version-history":[{"count":0,"href":"https:\/\/www.europesays.com\/fr\/wp-json\/wp\/v2\/posts\/376028\/revisions"}],"wp:featuredmedia":[{"embeddable":true,"href":"https:\/\/www.europesays.com\/fr\/wp-json\/wp\/v2\/media\/376029"}],"wp:attachment":[{"href":"https:\/\/www.europesays.com\/fr\/wp-json\/wp\/v2\/media?parent=376028"}],"wp:term":[{"taxonomy":"category","embeddable":true,"href":"https:\/\/www.europesays.com\/fr\/wp-json\/wp\/v2\/categories?post=376028"},{"taxonomy":"post_tag","embeddable":true,"href":"https:\/\/www.europesays.com\/fr\/wp-json\/wp\/v2\/tags?post=376028"}],"curies":[{"name":"wp","href":"https:\/\/api.w.org\/{rel}","templated":true}]}}