{"id":376030,"date":"2025-09-08T20:14:12","date_gmt":"2025-09-08T20:14:12","guid":{"rendered":"https:\/\/www.europesays.com\/fr\/376030\/"},"modified":"2025-09-08T20:14:12","modified_gmt":"2025-09-08T20:14:12","slug":"trophee-jean-lignel-saint-nom-au-septieme-ciel","status":"publish","type":"post","link":"https:\/\/www.europesays.com\/fr\/376030\/","title":{"rendered":"Troph\u00e9e Jean Lignel : Saint-Nom au septi\u00e8me ciel"},"content":{"rendered":"<p>Disput\u00e9e de vendredi \u00e0 dimanche sur le parcours Rouge du <strong>golf international de la Baule<\/strong>, la <strong>coupe de France des clubs Messieurs <\/strong>a rassembl\u00e9 35 \u00e9quipes de tout l&rsquo;Hexagone pour la conqu\u00eate du <strong>troph\u00e9e Jean Lignel<\/strong>. Comme en 2023 et en 2024, ce sont les Rouge-et-bleu de <strong>Saint-Nom-la-Bret\u00e8che<\/strong> qui l&rsquo;ont soulev\u00e9, au terme d&rsquo;une performance collective accomplie.<\/p>\n<p>Avec un total de 552 (-24), la formation compos\u00e9e d&rsquo;<strong>Oscar Couilleau<\/strong>, <strong>Alexandre El Khomri<\/strong>, <strong>Th\u00e9ophile Lebrun<\/strong> et du nouveau venu au club <strong>Lev Grinberg<\/strong> a triomph\u00e9 avec huit coups d&rsquo;avance sur le <strong>RCF La Boulie<\/strong>, et quatorze sur <strong>Terre Blanche<\/strong>, tandis que les joueurs de <strong>Biarritz<\/strong> et de <strong>Cabot Bordeaux<\/strong> (leaders \u00e0 mi-tournoi) se sont partag\u00e9 la 4e place.<\/p>\n<p>Pour la troisi\u00e8me ann\u00e9e cons\u00e9cutive et la septi\u00e8me fois dans l&rsquo;histoire de l&rsquo;\u00e9preuve n\u00e9e en 1944, Saint-Nom a donc d\u00e9croch\u00e9 la timbale, et tentera comme l&rsquo;an dernier de r\u00e9aliser le doubl\u00e9 \u00e0 la <strong>coupe d&rsquo;Europe des clubs<\/strong>, qui se tiendra du 23 au 25 octobre \u00e0 Cabot Bordeaux.<\/p>\n","protected":false},"excerpt":{"rendered":"Disput\u00e9e de vendredi \u00e0 dimanche sur le parcours Rouge du golf international de la Baule, la coupe de&hellip;\n","protected":false},"author":2,"featured_media":376031,"comment_status":"","ping_status":"","sticky":false,"template":"","format":"standard","meta":{"footnotes":""},"categories":[1418],"tags":[1011,27,1472,60],"class_list":{"0":"post-376030","1":"post","2":"type-post","3":"status-publish","4":"format-standard","5":"has-post-thumbnail","7":"category-golf","8":"tag-fr","9":"tag-france","10":"tag-golf","11":"tag-sports"},"share_on_mastodon":{"url":"https:\/\/pubeurope.com\/@fr\/115170512942818732","error":""},"_links":{"self":[{"href":"https:\/\/www.europesays.com\/fr\/wp-json\/wp\/v2\/posts\/376030","targetHints":{"allow":["GET"]}}],"collection":[{"href":"https:\/\/www.europesays.com\/fr\/wp-json\/wp\/v2\/posts"}],"about":[{"href":"https:\/\/www.europesays.com\/fr\/wp-json\/wp\/v2\/types\/post"}],"author":[{"embeddable":true,"href":"https:\/\/www.europesays.com\/fr\/wp-json\/wp\/v2\/users\/2"}],"replies":[{"embeddable":true,"href":"https:\/\/www.europesays.com\/fr\/wp-json\/wp\/v2\/comments?post=376030"}],"version-history":[{"count":0,"href":"https:\/\/www.europesays.com\/fr\/wp-json\/wp\/v2\/posts\/376030\/revisions"}],"wp:featuredmedia":[{"embeddable":true,"href":"https:\/\/www.europesays.com\/fr\/wp-json\/wp\/v2\/media\/376031"}],"wp:attachment":[{"href":"https:\/\/www.europesays.com\/fr\/wp-json\/wp\/v2\/media?parent=376030"}],"wp:term":[{"taxonomy":"category","embeddable":true,"href":"https:\/\/www.europesays.com\/fr\/wp-json\/wp\/v2\/categories?post=376030"},{"taxonomy":"post_tag","embeddable":true,"href":"https:\/\/www.europesays.com\/fr\/wp-json\/wp\/v2\/tags?post=376030"}],"curies":[{"name":"wp","href":"https:\/\/api.w.org\/{rel}","templated":true}]}}