{"id":376035,"date":"2025-09-08T20:19:13","date_gmt":"2025-09-08T20:19:13","guid":{"rendered":"https:\/\/www.europesays.com\/fr\/376035\/"},"modified":"2025-09-08T20:19:13","modified_gmt":"2025-09-08T20:19:13","slug":"fabio-quartararo-met-un-stop-au-patron-de-yamaha","status":"publish","type":"post","link":"https:\/\/www.europesays.com\/fr\/376035\/","title":{"rendered":"Fabio Quartararo met un stop au patron de Yamaha"},"content":{"rendered":"<p><strong>En marge de la course de<br \/>\ndimanche, le grand patron de Yamaha a fait une folle demande au<br \/>\npilote fran\u00e7ais Fabio Quartararo.<\/strong><\/p>\n<p>A la suite de son coup de gueule apr\u00e8s deux Grands Prix tr\u00e8s<br \/>\ncompliqu\u00e9s en Autriche et en Hongrie, Fabio Quartararo a quelque<br \/>\npeu retrouv\u00e9 le sourire au guidon de sa d\u00e9cevante Yamaha ce<br \/>\nweek-end en Catalogne. Apr\u00e8s un d\u00e9marrage difficile, le Fran\u00e7ais,<br \/>\npass\u00e9 par la Q1, s\u2019est qualifi\u00e9 pour la Q2, \u00e0 l\u2019issue de laquelle<br \/>\nil a sign\u00e9 le deuxi\u00e8me meilleur temps derri\u00e8re Alex Marquez.<\/p>\n<p>Lors de la course sprint du samedi, <a href=\"https:\/\/www.sports.fr\/auto-moto\/moto\/gp-de-catalogne-marquez-profite-de-la-chute-de-son-frere-quartararo-2e-948514.html\" target=\"_blank\" rel=\"noopener\"><br \/>\n<strong>le champion du monde 2021 a termin\u00e9 \u00e0 la 2e<br \/>\nplace<\/strong><\/a>, uniquement devanc\u00e9 par Marc Marquez. La course<br \/>\nde dimanche s\u2019est toutefois un peu moins pass\u00e9e. Sa M1 s\u2019est<br \/>\nmontr\u00e9e moins performante que la veille, et <strong><a href=\"https:\/\/www.sports.fr\/auto-moto\/moto\/marc-marquez-battu-fabio-quartararo-confirme-948747.html\" target=\"_blank\" rel=\"noopener\"><br \/>\nle Fran\u00e7ais de 26 ans n\u2019a pas pu faire mieux qu\u2019une cinqui\u00e8me<br \/>\nplace<\/a><\/strong> sur la ligne d\u2019arriv\u00e9e. Un r\u00e9sultat qui a d\u00fb<br \/>\nd\u00e9cevoir le grand patron de Yamaha\u2026<\/p>\n<blockquote class=\"twitter-tweet\"><p><a class=\"twitter-link\" rel=\"noindex, nofollow noopener\" href=\"https:\/\/twitter.com\/CanalplusMotoGP\/status\/1964323895000908166\" target=\"_blank\"><\/p><\/blockquote>\n<p>En effet, avant la course de dimanche, le pr\u00e9sident de la marque<br \/>\njaponaise, Motofumi Shitara, pr\u00e9sent en Catalogne, a demand\u00e9 au<br \/>\n\u00ab\u00a0Diablo\u00a0\u00bb de gagner. Une demande ambitieuse au vu du<br \/>\nmanque de performance de la Yamaha. C\u2019est pourquoi Fabio Quartararo<br \/>\na tenu \u00e0 calmer les ardeurs de son boss.<\/p>\n<p>Quartararo: \u00ab\u00a0Je lui ai dit qu\u2019il \u00e9tait trop<br \/>\noptimiste\u00a0\u00bb<\/p>\n<p>\u00ab\u00a0Avant la course, le pr\u00e9sident est venu me serrer la<br \/>\nmain, et il m\u2019a demand\u00e9 de gagner. Je lui ai dit qu\u2019il \u00e9tait trop<br \/>\noptimiste. Mais c\u2019\u00e9tait agr\u00e9able de le rencontrer pour la premi\u00e8re<br \/>\nfois\u00a0\u00bb, a ainsi confi\u00e9 le Ni\u00e7ois dans des propos relay\u00e9s<br \/>\npar Auto-Moto. Il faut dire que cette cinqui\u00e8me place est<br \/>\nd\u00e9j\u00e0 un sacr\u00e9 exploit.<\/p>\n<blockquote class=\"twitter-tweet\"><p><a class=\"twitter-link\" rel=\"noindex, nofollow noopener\" href=\"https:\/\/twitter.com\/sports_fr\/status\/1960291059092578679\" target=\"_blank\"><\/p><\/blockquote>\n<p>\u00ab\u00a0La position o\u00f9 nous avons termin\u00e9 aujourd\u2019hui est une<br \/>\nbonne position. Je ne m\u2019attendais pas \u00e0 plus. Je m\u2019attendais juste<br \/>\n\u00e0 finir un peu plus proche des premiers (en termes de temps, ndlr),<br \/>\nmais en termes de position, c\u2019est exactement ce \u00e0 quoi je<br \/>\nm\u2019attendais\u00a0\u00bb, a indiqu\u00e9 Quaratraro au micro de Canal+<br \/>\napr\u00e8s la course.<\/p>\n<p>Avant d\u2019\u00e9voquer les difficult\u00e9s rencontr\u00e9es par sa machine: \u00ab<br \/>\nLa principale chose que nous devons apprendre, c\u2019est pourquoi<br \/>\nles conditions nous affectent autant. Pourquoi hier, nous \u00e9tions<br \/>\ndeuxi\u00e8mes ? Nous ne le savons pas. Et pourquoi, aujourd\u2019hui, nous<br \/>\navons termin\u00e9 \u00e0 15 secondes (du vainqueur Alex M\u00e1rquez, ndlr) ?<br \/>\nNous ne le savons pas non plus. Donc c\u2019est le premier sujet que<br \/>\nnous devons vraiment comprendre avec l\u2019\u00e9quipe pour \u00eatre plus pr\u00eats<br \/>\net savoir exactement ce qu\u2019il se passe. \u00bb Prochain rendez-vous<br \/>\ndu MotoGP: le Grand Prix de Saint-Marin, du 12 au 14 septembre.<\/p>\n<p><script async src=\"https:\/\/platform.twitter.com\/widgets.js\" charset=\"utf-8\"><\/script><\/p>\n","protected":false},"excerpt":{"rendered":"En marge de la course de dimanche, le grand patron de Yamaha a fait une folle demande au&hellip;\n","protected":false},"author":2,"featured_media":376036,"comment_status":"","ping_status":"","sticky":false,"template":"","format":"standard","meta":{"footnotes":""},"categories":[1413],"tags":[1011,27,1457,1456,60],"class_list":{"0":"post-376035","1":"post","2":"type-post","3":"status-publish","4":"format-standard","5":"has-post-thumbnail","7":"category-moto","8":"tag-fr","9":"tag-france","10":"tag-moto","11":"tag-motocycle","12":"tag-sports"},"share_on_mastodon":{"url":"https:\/\/pubeurope.com\/@fr\/115170532582298330","error":""},"_links":{"self":[{"href":"https:\/\/www.europesays.com\/fr\/wp-json\/wp\/v2\/posts\/376035","targetHints":{"allow":["GET"]}}],"collection":[{"href":"https:\/\/www.europesays.com\/fr\/wp-json\/wp\/v2\/posts"}],"about":[{"href":"https:\/\/www.europesays.com\/fr\/wp-json\/wp\/v2\/types\/post"}],"author":[{"embeddable":true,"href":"https:\/\/www.europesays.com\/fr\/wp-json\/wp\/v2\/users\/2"}],"replies":[{"embeddable":true,"href":"https:\/\/www.europesays.com\/fr\/wp-json\/wp\/v2\/comments?post=376035"}],"version-history":[{"count":0,"href":"https:\/\/www.europesays.com\/fr\/wp-json\/wp\/v2\/posts\/376035\/revisions"}],"wp:featuredmedia":[{"embeddable":true,"href":"https:\/\/www.europesays.com\/fr\/wp-json\/wp\/v2\/media\/376036"}],"wp:attachment":[{"href":"https:\/\/www.europesays.com\/fr\/wp-json\/wp\/v2\/media?parent=376035"}],"wp:term":[{"taxonomy":"category","embeddable":true,"href":"https:\/\/www.europesays.com\/fr\/wp-json\/wp\/v2\/categories?post=376035"},{"taxonomy":"post_tag","embeddable":true,"href":"https:\/\/www.europesays.com\/fr\/wp-json\/wp\/v2\/tags?post=376035"}],"curies":[{"name":"wp","href":"https:\/\/api.w.org\/{rel}","templated":true}]}}