{"id":376045,"date":"2025-09-08T20:24:14","date_gmt":"2025-09-08T20:24:14","guid":{"rendered":"https:\/\/www.europesays.com\/fr\/376045\/"},"modified":"2025-09-08T20:24:14","modified_gmt":"2025-09-08T20:24:14","slug":"mep-le-directeur-simon-baker-remercie-par-la-maison-europeenne-de-la-photographie-liberation","status":"publish","type":"post","link":"https:\/\/www.europesays.com\/fr\/376045\/","title":{"rendered":"MEP : le directeur Simon Baker remerci\u00e9 par la Maison europ\u00e9enne de la photographie &#8211; Lib\u00e9ration"},"content":{"rendered":"<ol>\n<li><a href=\"https:\/\/news.google.com\/rss\/articles\/CBMi4gFBVV95cUxPQ3E3VTFSUkZabGg4SERuemdMTGJId1pTX1BId3RzY1EwNGJJOFFHc2NMaC1jSnRSWFZNelVaUmZrTTlqUVUzRld4NktwZXV0STNaQW5raXFFdU9nTFE4UXVtMDNseHphdGZ1V3NScEdCVENPclhGd2pTTWg5c0pGTVZLZkx0TmctMGtOWmxtZGRvSmlaWC12eW1aZTB0eW9PS0hHdUZTTG5yMFVDTkR4NEVGV3pXQ2JyNWpzNFZwUmxOYzg3ejRfU1A1NnhicGthZ1FZRDg0TVRHeGRMWEdyYXFn?oc=5\" target=\"_blank\" rel=\"nofollow noopener\">MEP : le directeur Simon Baker remerci\u00e9 par la Maison europ\u00e9enne de la photographie<\/a>&nbsp;&nbsp;Lib\u00e9ration<\/li>\n<li><a href=\"https:\/\/news.google.com\/rss\/articles\/CBMitAFBVV95cUxQbjF6UHE3Y1p3NEU0bXVlVDZhOHZaUXQxYlE1UTlsQUhfdENZVEtMMkE2Z1dZR2lKSFhrZWlyWVJOUkMyaVFoLWhfYmtvM2lndlpmZkV0aTN0cHlub2V2QjVsSUdDUVRYTWZZQktBQ1U2UndnVnB0WGdCWWtmRkJfYWpLdkE4QWZ4eVR0RnJVcGdDT1JkQmxCUy1mN0tTYTlHUlJfU1lLTTN3TGRHVDJxektPSjk?oc=5\" target=\"_blank\" rel=\"nofollow noopener\">La Maison europ\u00e9enne de la photographie se s\u00e9pare de Simon Baker<\/a>&nbsp;&nbsp;Le Figaro<\/li>\n<li><a href=\"https:\/\/news.google.com\/rss\/articles\/CBMiekFVX3lxTE51NlhTbGZVR3hYNlBycHRCakVHZFBPcU5xc09rcHpkZ2xZeFQ5LXJIeHEzRU02WFJ5RXRzcmlNUGVmeGVTdkJZaThtLTRnWXhveW4xSEoxSkNMNmhBa096Vkw5U1RCZGNWU3p3eXhOc2s5R1dBMTU2RWVR?oc=5\" target=\"_blank\" rel=\"nofollow noopener\">Paris : Simon Baker quitte la MEP<\/a>&nbsp;&nbsp;artnewspaper.fr<\/li>\n<li><a href=\"https:\/\/news.google.com\/rss\/articles\/CBMilgFBVV95cUxOMzdUQXRwRGhVOS1McXlqNEVIYnB1VnIzZmRUQWljUDBHTGdyVEdjN1VYN3Y0c0Nfalp4SUhFdThuR3FHLXp6T3Q2dk9LTDdhbzZ4MTNZaWgyWDlCdjdKY19ZcHM3bmpDYjg4MXpzYnJnMmZhX3cxZDhGenJLRzcxU2pGdUpRdmpFdmhmTlZqcUNSRHNNSmc?oc=5\" target=\"_blank\" rel=\"nofollow noopener\">D\u00e9part inattendu de Simon Baker de la MEP<\/a>&nbsp;&nbsp;Le Journal Des Arts<\/li>\n<li><a href=\"https:\/\/news.google.com\/rss\/articles\/CBMimgFBVV95cUxQVC1FNVJjd3RuRHlFUHNlMk44NFZ4c0Z3eXduclh2eTIxV2hMR3RhQjZMZC1iNUxWRWotYWdoZWJSNUJCV21La2dzcHVKUk00VnU5RE93S1VJUVNYSDhsR3RIX3dQQmNxTjJGSjk5WXI4VEMwZWVET1FCakJYaXN4NldrckFhOGRpNU83ZmhERzhnSUJnVWVGQldn?oc=5\" target=\"_blank\" rel=\"nofollow noopener\">Simon Baker quitte la direction de la Maison europ\u00e9enne de la photographie<\/a>&nbsp;&nbsp;fisheyemagazine.fr<\/li>\n<\/ol>\n","protected":false},"excerpt":{"rendered":"MEP : le directeur Simon Baker remerci\u00e9 par la Maison europ\u00e9enne de la photographie&nbsp;&nbsp;Lib\u00e9ration La Maison europ\u00e9enne de&hellip;\n","protected":false},"author":2,"featured_media":376046,"comment_status":"","ping_status":"","sticky":false,"template":"","format":"standard","meta":{"footnotes":""},"categories":[1358],"tags":[1348,1384,1385,1386,58,59,1011,27,1227,9023,16865],"class_list":{"0":"post-376045","1":"post","2":"type-post","3":"status-publish","4":"format-standard","5":"has-post-thumbnail","7":"category-arts-et-design","8":"tag-arts","9":"tag-arts-and-design","10":"tag-arts-et-design","11":"tag-design","12":"tag-divertissement","13":"tag-entertainment","14":"tag-fr","15":"tag-france","16":"tag-horizontal","17":"tag-photography","18":"tag-royals"},"share_on_mastodon":{"url":"https:\/\/pubeurope.com\/@fr\/115170552249587484","error":""},"_links":{"self":[{"href":"https:\/\/www.europesays.com\/fr\/wp-json\/wp\/v2\/posts\/376045","targetHints":{"allow":["GET"]}}],"collection":[{"href":"https:\/\/www.europesays.com\/fr\/wp-json\/wp\/v2\/posts"}],"about":[{"href":"https:\/\/www.europesays.com\/fr\/wp-json\/wp\/v2\/types\/post"}],"author":[{"embeddable":true,"href":"https:\/\/www.europesays.com\/fr\/wp-json\/wp\/v2\/users\/2"}],"replies":[{"embeddable":true,"href":"https:\/\/www.europesays.com\/fr\/wp-json\/wp\/v2\/comments?post=376045"}],"version-history":[{"count":0,"href":"https:\/\/www.europesays.com\/fr\/wp-json\/wp\/v2\/posts\/376045\/revisions"}],"wp:featuredmedia":[{"embeddable":true,"href":"https:\/\/www.europesays.com\/fr\/wp-json\/wp\/v2\/media\/376046"}],"wp:attachment":[{"href":"https:\/\/www.europesays.com\/fr\/wp-json\/wp\/v2\/media?parent=376045"}],"wp:term":[{"taxonomy":"category","embeddable":true,"href":"https:\/\/www.europesays.com\/fr\/wp-json\/wp\/v2\/categories?post=376045"},{"taxonomy":"post_tag","embeddable":true,"href":"https:\/\/www.europesays.com\/fr\/wp-json\/wp\/v2\/tags?post=376045"}],"curies":[{"name":"wp","href":"https:\/\/api.w.org\/{rel}","templated":true}]}}