{"id":376047,"date":"2025-09-08T20:25:11","date_gmt":"2025-09-08T20:25:11","guid":{"rendered":"https:\/\/www.europesays.com\/fr\/376047\/"},"modified":"2025-09-08T20:25:11","modified_gmt":"2025-09-08T20:25:11","slug":"dominique-malis-presente-son-roman-a-la-mediatheque-de-ria-sirach","status":"publish","type":"post","link":"https:\/\/www.europesays.com\/fr\/376047\/","title":{"rendered":"Dominique Malis pr\u00e9sente son roman \u00e0 la m\u00e9diath\u00e8que de Ria-Sirach"},"content":{"rendered":"<p>Dominique Malis pr\u00e9sente son roman le<b> vendredi 12 septembre <\/b>\u00e0 partir de 14 heures \u00e0 la m\u00e9diath\u00e8que. Dominique Malis est n\u00e9 en 1949 \u00e0 Perpignan. Ce fils du terroir viticole de Baixas voue une passion pour le patrimoine naturel et culturel catalan qui va le transcender dans ses fonctions de directeur g\u00e9n\u00e9ral des services des villes de Prades, Tautavel et Perpignan.<\/p>\n<p>Dans ce m\u00e9tier au c\u0153ur des relations humaines, il va puiser dans les tr\u00e9fonds de sa vie int\u00e9rieure pour faire face aux chaos des mutations soci\u00e9tales d\u2019une ville fronti\u00e8re. Sa vision du monde s\u2018est \u00e9largie pendant les quinze ann\u00e9es de sa retraite consacr\u00e9e \u00e0 l\u2019action humanitaire en Inde du Sud. Le temps de la transmission est enfin venu, tout d\u2019abord sous forme de chroniques dans la revue Nouvelle \u00e8re. Ensuite, Dominique Malis s\u2019est lanc\u00e9 dans l\u2019\u00e9criture de sa vie, \u00e9clair\u00e9e pour ce premier livre par ses p\u00e9r\u00e9grinations sur le chemin de Compostelle. Chemin faisant, il nous conte au hasard de ses rencontres sur le Camino, ses origines, ses voyages litt\u00e9raires \u00e0 Guernesey, Nohant et Saint-P\u00e9tersbourg ainsi que trois \u00e9pisodes marquants du tourbillon de sa vie professionnelle : prise d\u2019otage, \u00e9meutes urbaines et fraude \u00e9lectorale dite \u00e0 la chaussette.<\/p>\n<p>Son art de conteur nous offre des moments d\u2019\u00e9motions toutes retranscrites dans son roman Et au bout d\u2019une vie\u2026 L\u2019\u00e9criture d\u2019une vie. <\/p>\n","protected":false},"excerpt":{"rendered":"Dominique Malis pr\u00e9sente son roman le vendredi 12 septembre \u00e0 partir de 14 heures \u00e0 la m\u00e9diath\u00e8que. Dominique&hellip;\n","protected":false},"author":2,"featured_media":376048,"comment_status":"","ping_status":"","sticky":false,"template":"","format":"standard","meta":{"footnotes":""},"categories":[1357],"tags":[1379,58,59,1011,27,1380],"class_list":{"0":"post-376047","1":"post","2":"type-post","3":"status-publish","4":"format-standard","5":"has-post-thumbnail","7":"category-livres","8":"tag-books","9":"tag-divertissement","10":"tag-entertainment","11":"tag-fr","12":"tag-france","13":"tag-livres"},"share_on_mastodon":{"url":"https:\/\/pubeurope.com\/@fr\/115170556323364186","error":""},"_links":{"self":[{"href":"https:\/\/www.europesays.com\/fr\/wp-json\/wp\/v2\/posts\/376047","targetHints":{"allow":["GET"]}}],"collection":[{"href":"https:\/\/www.europesays.com\/fr\/wp-json\/wp\/v2\/posts"}],"about":[{"href":"https:\/\/www.europesays.com\/fr\/wp-json\/wp\/v2\/types\/post"}],"author":[{"embeddable":true,"href":"https:\/\/www.europesays.com\/fr\/wp-json\/wp\/v2\/users\/2"}],"replies":[{"embeddable":true,"href":"https:\/\/www.europesays.com\/fr\/wp-json\/wp\/v2\/comments?post=376047"}],"version-history":[{"count":0,"href":"https:\/\/www.europesays.com\/fr\/wp-json\/wp\/v2\/posts\/376047\/revisions"}],"wp:featuredmedia":[{"embeddable":true,"href":"https:\/\/www.europesays.com\/fr\/wp-json\/wp\/v2\/media\/376048"}],"wp:attachment":[{"href":"https:\/\/www.europesays.com\/fr\/wp-json\/wp\/v2\/media?parent=376047"}],"wp:term":[{"taxonomy":"category","embeddable":true,"href":"https:\/\/www.europesays.com\/fr\/wp-json\/wp\/v2\/categories?post=376047"},{"taxonomy":"post_tag","embeddable":true,"href":"https:\/\/www.europesays.com\/fr\/wp-json\/wp\/v2\/tags?post=376047"}],"curies":[{"name":"wp","href":"https:\/\/api.w.org\/{rel}","templated":true}]}}