{"id":376049,"date":"2025-09-08T20:26:18","date_gmt":"2025-09-08T20:26:18","guid":{"rendered":"https:\/\/www.europesays.com\/fr\/376049\/"},"modified":"2025-09-08T20:26:18","modified_gmt":"2025-09-08T20:26:18","slug":"chute-du-premier-ministre-les-premieres-reactions-a-pau","status":"publish","type":"post","link":"https:\/\/www.europesays.com\/fr\/376049\/","title":{"rendered":"Chute du Premier ministre : les premi\u00e8res r\u00e9actions \u00e0 Pau"},"content":{"rendered":"<p>        <img decoding=\"async\" id=\"24971247\" src=\"https:\/\/www.europesays.com\/fr\/wp-content\/uploads\/2025\/09\/rep-460-hd11072.jpg\" alt=\"Jean-Louis P\u00e9r\u00e8s, le premier adjoint a eu une d\u00e9l\u00e9gation \u00e9largie pour suppl\u00e9er le maire Fran\u00e7ois Bayrou.\" itemprop=\"contentURL\"\/><\/p>\n<p>    Jean-Louis P\u00e9r\u00e8s, le premier adjoint a eu une d\u00e9l\u00e9gation \u00e9largie pour suppl\u00e9er le maire Fran\u00e7ois Bayrou.<\/p>\n<p>Archives Rodolphe Martin<\/p>\n<p>    Les proches \u00e0 la d\u00e9fense<\/p>\n<p>Le premier adjoint <strong>Jean-Louis Peres<\/strong>d\u00e9fend le futur ex-Premier ministre\u00a0: \u00ab\u00a0Ce vote qui agr\u00e9geait toutes les oppositions n\u2019est pas une surprise. Je consid\u00e8re que le sujet que Fran\u00e7ois Bayrou a d\u00e9velopp\u00e9 sur le redressement des finances publiques est important et incontournable. Il fallait faire \u0153uvre de p\u00e9dagogie m\u00eame si le r\u00e9sultat n\u2019est pas \u00e0 la hauteur de ce qu\u2019on esp\u00e9rait. C\u2019est facile de s\u2019accorder pour battre quelqu\u2019un, moins pour gouverner. J\u2019esp\u00e8re qu\u2019il y aura rapidement un nouveau&#8230;<\/p>\n<p>        <img decoding=\"async\" id=\"24971247\" src=\"https:\/\/www.europesays.com\/fr\/wp-content\/uploads\/2025\/09\/rep-460-hd11072.jpg\" alt=\"Jean-Louis P\u00e9r\u00e8s, le premier adjoint a eu une d\u00e9l\u00e9gation \u00e9largie pour suppl\u00e9er le maire Fran\u00e7ois Bayrou.\" itemprop=\"contentURL\"\/><\/p>\n<p>    Jean-Louis P\u00e9r\u00e8s, le premier adjoint a eu une d\u00e9l\u00e9gation \u00e9largie pour suppl\u00e9er le maire Fran\u00e7ois Bayrou.<\/p>\n<p>Archives Rodolphe Martin<\/p>\n<p>    Les proches \u00e0 la d\u00e9fense<\/p>\n<p>Le premier adjoint <strong>Jean-Louis Peres<\/strong> d\u00e9fend le futur ex-Premier ministre\u00a0: \u00ab\u00a0Ce vote qui agr\u00e9geait toutes les oppositions n\u2019est pas une surprise. Je consid\u00e8re que le sujet que Fran\u00e7ois Bayrou a d\u00e9velopp\u00e9 sur le redressement des finances publiques est important et incontournable. Il fallait faire \u0153uvre de p\u00e9dagogie m\u00eame si le r\u00e9sultat n\u2019est pas \u00e0 la hauteur de ce qu\u2019on esp\u00e9rait. C\u2019est facile de s\u2019accorder pour battre quelqu\u2019un, moins pour gouverner. J\u2019esp\u00e8re qu\u2019il y aura rapidement un nouveau gouvernement pour la stabilit\u00e9 du pays\u00a0\u00bb. Le fid\u00e8le ne cache pas non plus que pour Fran\u00e7ois Bayrou \u00ab\u00a0c\u2019est dur humainement, c\u2019est beaucoup de travail et d\u2019investissement, d\u2019engagement, les oppositions \u00e0 l\u2019Assembl\u00e9e nationale sont dures, avec des r\u00e9actions pas dignes de repr\u00e9sentants du peuple. Heureusement, il est solide.\u00a0\u00bb<\/p>\n<p>    La r\u00e9daction vous conseille<\/p>\n<p>        <img decoding=\"async\" id=\"25849630\" src=\"https:\/\/www.europesays.com\/fr\/wp-content\/uploads\/2025\/09\/rep-11870-hd175734.jpg\" alt=\"Thibault Chenevi\u00e8re, adjoint au maire en charge du commerce et des technologies num\u00e9riques.\" itemprop=\"contentURL\"\/><\/p>\n<p>    Thibault Chenevi\u00e8re, adjoint au maire en charge du commerce et des technologies num\u00e9riques.<\/p>\n<p>Ascencion Torrent<\/p>\n<p><strong>Thibault Chenevi\u00e8re<\/strong>, adjoint charg\u00e9 du commerce estime \u00ab\u00a0dommage que les parlementaires ne soient pas sortis de leurs calculs politiques, au d\u00e9triment de l\u2019int\u00e9r\u00eat g\u00e9n\u00e9ral. Fran\u00e7ois Bayrou avait trac\u00e9 un chemin pour essayer de sortir de l\u2019orni\u00e8re de la dette. Nous avons loup\u00e9 une occasion de pouvoir \u00eatre un peu plus \u00e0 l\u2019\u00e9quilibre financier. Malheureusement, j\u2019ai bien peur que la situation du pays ne continue \u00e0 s\u2019aggraver et que l\u2019instabilit\u00e9 gouvernementale ne perdure. Et au bout du compte ce sont les Fran\u00e7ais qui trinqueront.\u00a0En tant qu\u2019\u00e9lu, citoyen et p\u00e8re de famille, je suis inquiet par la tournure des \u00e9v\u00e8nements. Nous serons autour du maire pour poursuivre ce que nous avons d\u00e9marr\u00e9 pour relever la ville\u00a0\u00bb.<\/p>\n<p>        <img decoding=\"async\" id=\"24971277\" src=\"https:\/\/www.europesays.com\/fr\/wp-content\/uploads\/2025\/09\/rep-460-hd11047.jpg\" alt=\"Jean-Fran\u00e7ois Blanco, \u00e9lu d\u2019opposition, est le candidat EELV pour les prochaines municipales. Devant lui Fran\u00e7ois Marteel adjointe \u00e0 l\u2019\u00e9ducation.\" itemprop=\"contentURL\"\/><\/p>\n<p>    Jean-Fran\u00e7ois Blanco, \u00e9lu d\u2019opposition, est le candidat EELV pour les prochaines municipales. Devant lui Fran\u00e7ois Marteel adjointe \u00e0 l\u2019\u00e9ducation.<\/p>\n<p>Archives Rodolphe Martin<\/p>\n<p><strong>Fran\u00e7oise Marteel<\/strong>, adjointe \u00e0 l\u2019\u00e9ducation, avoue \u00eatre \u00ab\u00a0tr\u00e8s d\u00e9\u00e7ue\u00a0\u00bb que Fran\u00e7ois Bayrou \u00ab\u00a0n\u2019ait pas r\u00e9ussi \u00e0 convaincre par rapport \u00e0 son projet et tout ce qu\u2019il a pu dire aux Fran\u00e7ais ces derniers temps. Je suis simplement tr\u00e8s attrist\u00e9e du r\u00e9sultat du vote de ce soir. Bien \u00e9videmment, on pense beaucoup \u00e0 lui et \u00e0 tous les combats qu\u2019il a men\u00e9s, qu\u2019il m\u00e8ne et qu\u2019il m\u00e8nera.\u00a0\u00bb<\/p>\n<p>L\u2019opposition dans son r\u00f4le<\/p>\n<p>Le chef de file du PS pour les municipales, <strong>J\u00e9r\u00f4me Marbot<\/strong> voit dans ce vote \u00ab\u00a0la censure d\u2019un budget qui, en juillet, faisait porter quasiment toute la charge de la r\u00e9sorption de la dette aux cat\u00e9gories les plus fragiles et aux plus pauvres sans s\u2019attaquer aux plus riches. Forc\u00e9ment, \u00e7a cr\u00e9e un m\u00e9contentement dans le pays. C\u2018est aussi la cons\u00e9quence de l\u2019attitude d\u2019orgueil et d\u2019incapacit\u00e9 \u00e0 prendre en compte la contradiction\u00a0de Fran\u00e7ois Bayrou. \u00c0 Pau, cela fait 10\u00a0ans qu\u2019on subit \u00e7a. Ce vote sanctionne \u00e0 la fois le fond de la politique qui n\u2019est pas acceptable, mais aussi la fa\u00e7on de faire. Fran\u00e7ois Bayrou et la politique qu\u2019il porte sont d\u2019un autre temps et notre ville m\u00e9rite d\u2019entrer dans la modernit\u00e9. Pour \u00e7a, il faut changer de maire et d\u2019\u00e9quipe municipale.\u00a0\u00bb<\/p>\n<p>        <img decoding=\"async\" id=\"24971249\" src=\"https:\/\/www.europesays.com\/fr\/wp-content\/uploads\/2025\/09\/rep-460-hd11037.jpg\" alt=\"Le leader de l\u2019opposition, J\u00e9r\u00f4me Marbot, est candidat \u00e0 la candidature pour les municipales.\" itemprop=\"contentURL\"\/><\/p>\n<p>    Le leader de l\u2019opposition, J\u00e9r\u00f4me Marbot, est candidat \u00e0 la candidature pour les municipales.<\/p>\n<p>Archives Rodolphe Martin<\/p>\n<p>\u00ab\u00a0Fran\u00e7ois Bayrou va rentrer \u00e0 Pau apr\u00e8s un passage chaotique \u00e0 Matignon, estime <strong>Jean-Fran\u00e7ois Blanco<\/strong>, candidat EELV pour les municipales. Il a r\u00e9v\u00e9l\u00e9 qui il \u00e9tait r\u00e9ellement, son indiff\u00e9rence sociale et \u00e9cologique. J\u2019ai \u00e9t\u00e9 vraiment frapp\u00e9 par la duret\u00e9, la brutalit\u00e9 de son budget pour les plus faibles. Seuls les plus fortun\u00e9s \u00e9taient \u00e9pargn\u00e9s. J\u2019ai \u00e9cout\u00e9 son discours : une fois encore, il s\u2019est pr\u00e9sent\u00e9 comme \u00e9tant tr\u00e8s pr\u00e9occup\u00e9 par le sort des g\u00e9n\u00e9rations futures. Mais sur la question de la dette jamais sur celle du climat. Il est aux antipodes d\u2019une politique prenant en compte les g\u00e9n\u00e9rations futures. En mars 2026, les Palois et les Paloises vont en tirer les cons\u00e9quences. Je vais leur proposer un projet de rupture avec la politique de Fran\u00e7ois Bayrou.\u00a0\u00bb<\/p>\n<p>    La r\u00e9daction vous conseille<\/p>\n<p>Des maires pas surpris<\/p>\n<p><strong>Nicolas Patriarche<\/strong>, le maire LR de Lons n\u2019a pas eu \u00ab\u00a0trop de surprise. Tout le monde avait bien compris l\u2019issue de ce vote de confiance. Nous sommes dans une situation qui para\u00eet toujours aussi complexe. Ce n\u2019est pas bon pour le pays, ce n\u2019est pas bon pour la confiance. C\u2019est une forme d\u2019impuissance et d\u2019impasse qui est inqui\u00e9tante\u00a0\u00bb. S\u2019il reconna\u00eet que la position du Premier ministre \u00ab\u00a0mettait en lumi\u00e8re notre territoire, ce n\u2019est pas \u00e7a qui va changer la vie du B\u00e9arn\u00a0\u00bb.<\/p>\n<p>        <img decoding=\"async\" id=\"25848477\" src=\"https:\/\/www.europesays.com\/fr\/wp-content\/uploads\/2025\/09\/patriarche.jpg\" alt=\"Nicolas Patriarche, maire LR de Lons.\" itemprop=\"contentURL\"\/><\/p>\n<p>    Nicolas Patriarche, maire LR de Lons.<\/p>\n<p>Archives Rodolphe Martin<\/p>\n<p>\u00ab\u00a0Ce n\u2019est pas une surprise, surtout \u00e0 partir du moment o\u00f9 les socialistes ont annonc\u00e9 qu\u2019ils ne voteraient pas la confiance au gouvernement, commente <strong>Val\u00e9rie Revel<\/strong>, maire PS de Lescar. Il y a eu probl\u00e8me de m\u00e9thode\u00a0: il aurait fallu discuter, \u00e9couter, faire des concessions avec les diff\u00e9rents groupes politiques de l\u2019Assembl\u00e9e nationale, avant d\u2019engager la confiance. Ce que peut-\u00eatre Fran\u00e7ois Bayrou n\u2019a pas fait, je ne sais pas si quelqu\u2019un pourra faire mieux que lui. Seule une coalition pourra permettre d\u2019avancer. Peut-\u00eatre qu\u2019un social-d\u00e9mocrate pourrait y parvenir \u00e0 l\u2019instar d\u2019un Bernard Cazeneuve. Je ne doute pas que Fran\u00e7ois Bayrou reviendra avec force lors des \u00e9lections municipales. Son passage \u00e0 Matignon risque de lui valoir des d\u00e9tracteurs suppl\u00e9mentaires m\u00eame si les \u00e9lections locales se d\u00e9roulent dans un contexte diff\u00e9rent\u00a0\u00bb.<\/p>\n<p>        <img decoding=\"async\" id=\"25849386\" src=\"https:\/\/www.europesays.com\/fr\/wp-content\/uploads\/2025\/09\/rep-216-hd5188.jpg\" alt=\"Val\u00e9rie Revel, la maire socialiste de Lescar.\" itemprop=\"contentURL\"\/><\/p>\n<p>    Val\u00e9rie Revel, la maire socialiste de Lescar.<\/p>\n<p>Archives Rodolphe Martin<\/p>\n<p>        <img decoding=\"async\" id=\"22377332\" src=\"https:\/\/www.europesays.com\/fr\/wp-content\/uploads\/2025\/09\/img-0123.jpg\" alt=\"Arnaud Jacottin, le maire de Bill\u00e8re, est dans l\u2019opposition \u00e0 l\u2019Agglo.\" itemprop=\"contentURL\"\/><\/p>\n<p>    Arnaud Jacottin, le maire de Bill\u00e8re, est dans l\u2019opposition \u00e0 l\u2019Agglo.<\/p>\n<p>Ascencion Torrent<\/p>\n<p>\u00ab\u00a0Je ne suis pas surpris par le r\u00e9sultat du vote, conforme \u00e0 ce que pense la population de la politique de Fran\u00e7ois Bayrou et ses alli\u00e9s\u00a0\u00bb, r\u00e9agit aussi <strong>Arnaud Jacottin<\/strong>. Le maire de Bill\u00e8re ne cache pas qu\u2019il a \u00ab\u00a0senti son absence pendant huit mois \u00e0 l\u2019Agglo\u00a0: les services ont fonctionn\u00e9 mais les dossiers ont ralenti. Fran\u00e7ois Bayrou est rest\u00e9 tr\u00e8s pr\u00e9sent sur Pau, pas sur l\u2019Agglo. En revanche, sur ma d\u00e9l\u00e9gation [Ndlr\u00a0: biodiversit\u00e9 et canop\u00e9e], j\u2019ai senti plus de libert\u00e9 et d\u2019apaisement. On a pu faire avancer des dossiers sans pol\u00e9mique. Je reproche souvent au pr\u00e9sident de ne pas aller sur le fond et de rester sur la forme, pour montrer que lui d\u00e9cide. Sans lui au conseil, on a eu des d\u00e9bats nourris, m\u00eame si on n\u2019est pas d\u2019accord sur tout. C\u2019\u00e9tait un des b\u00e9n\u00e9fices de son absence.\u00a0\u00bb<\/p>\n<p>La t\u00eate dans les municipales<\/p>\n<p>\u00ab\u00a0Maintenant, nous appelons \u00e0 la dissolution de l\u2019Assembl\u00e9e nationale qui s\u2019est exprim\u00e9e au nom du peuple fran\u00e7ais, lance <strong>Margaux Taillefer<\/strong>, t\u00eate de liste du RN pour les municipales. Les Fran\u00e7ais veulent retrouver une majorit\u00e9 stable pour gouverner ce pays. La chute du gouvernement de Fran\u00e7ois Bayrou va pr\u00e9cipiter l\u2019annonce de sa candidature aux municipales. J\u2019ai le sentiment que c\u2019\u00e9tait calcul\u00e9. Il s\u2019imagine finir sa retraite \u00e0 Pau tranquillement comme maire, en finissant de r\u00e9nover son bureau, mais les choses vont changer en 2026\u00a0\u00bb.<\/p>\n<p>        <img decoding=\"async\" id=\"25813716\" src=\"https:\/\/www.europesays.com\/fr\/wp-content\/uploads\/2025\/09\/rep-32-hd670.jpg\" alt=\"Margaux Taillefer, t\u00eate de liste du Rassemblement National pour les municipales 2026 \u00e0 Pau.\" itemprop=\"contentURL\"\/><\/p>\n<p>    Margaux Taillefer, t\u00eate de liste du Rassemblement National pour les municipales 2026 \u00e0 Pau.<\/p>\n<p>Alban Laffitte<\/p>\n<p>    La r\u00e9daction vous conseille<\/p>\n<p>        <img decoding=\"async\" id=\"20145666\" src=\"https:\/\/www.europesays.com\/fr\/wp-content\/uploads\/2025\/09\/rep-11030-hd155038.jpg\" alt=\"Jean Sanroman est un des co-chefs de file des Insoumis pour les municipales.\" itemprop=\"contentURL\"\/><\/p>\n<p>    Jean Sanroman est un des co-chefs de file des Insoumis pour les municipales.<\/p>\n<p>Archives Marc Zirnheld<\/p>\n<p>\u00ab\u00a0C\u2019est une premi\u00e8re victoire au niveau national, avant la prochaine en mars \u00e0 Pau, se r\u00e9jouit<strong> Jean Sanroman<\/strong> qui conduit la campagne des Insoumis pour les municipales. C\u2019est aussi une premi\u00e8re \u00e9tape pour le 10\u00a0septembre\u00a0: on va voir comment fonctionne le mouvement\u00a0\u00bb. Dans l\u2019optique des \u00e9lections, il estime que \u00ab\u00a0\u00e7a ne change rien qu\u2019il soit Premier ministre ou maire\u00a0: nous restons sur notre ligne depuis sa nomination \u00e0 Matignon, contre sa politique aux niveaux local et national, comme on l\u2019a fait contre la ZFE\u00a0\u00bb.<\/p>\n","protected":false},"excerpt":{"rendered":"Jean-Louis P\u00e9r\u00e8s, le premier adjoint a eu une d\u00e9l\u00e9gation \u00e9largie pour suppl\u00e9er le maire Fran\u00e7ois Bayrou. Archives Rodolphe&hellip;\n","protected":false},"author":2,"featured_media":376050,"comment_status":"","ping_status":"","sticky":false,"template":"","format":"standard","meta":{"footnotes":""},"categories":[1356],"tags":[58,59,1011,27,252,1364],"class_list":{"0":"post-376049","1":"post","2":"type-post","3":"status-publish","4":"format-standard","5":"has-post-thumbnail","7":"category-television","8":"tag-divertissement","9":"tag-entertainment","10":"tag-fr","11":"tag-france","12":"tag-television","13":"tag-tv"},"share_on_mastodon":{"url":"https:\/\/pubeurope.com\/@fr\/115170560447471420","error":""},"_links":{"self":[{"href":"https:\/\/www.europesays.com\/fr\/wp-json\/wp\/v2\/posts\/376049","targetHints":{"allow":["GET"]}}],"collection":[{"href":"https:\/\/www.europesays.com\/fr\/wp-json\/wp\/v2\/posts"}],"about":[{"href":"https:\/\/www.europesays.com\/fr\/wp-json\/wp\/v2\/types\/post"}],"author":[{"embeddable":true,"href":"https:\/\/www.europesays.com\/fr\/wp-json\/wp\/v2\/users\/2"}],"replies":[{"embeddable":true,"href":"https:\/\/www.europesays.com\/fr\/wp-json\/wp\/v2\/comments?post=376049"}],"version-history":[{"count":0,"href":"https:\/\/www.europesays.com\/fr\/wp-json\/wp\/v2\/posts\/376049\/revisions"}],"wp:featuredmedia":[{"embeddable":true,"href":"https:\/\/www.europesays.com\/fr\/wp-json\/wp\/v2\/media\/376050"}],"wp:attachment":[{"href":"https:\/\/www.europesays.com\/fr\/wp-json\/wp\/v2\/media?parent=376049"}],"wp:term":[{"taxonomy":"category","embeddable":true,"href":"https:\/\/www.europesays.com\/fr\/wp-json\/wp\/v2\/categories?post=376049"},{"taxonomy":"post_tag","embeddable":true,"href":"https:\/\/www.europesays.com\/fr\/wp-json\/wp\/v2\/tags?post=376049"}],"curies":[{"name":"wp","href":"https:\/\/api.w.org\/{rel}","templated":true}]}}